{"id":10120,"date":"2019-07-09T19:58:35","date_gmt":"2019-07-09T17:58:35","guid":{"rendered":"https:\/\/lucididit.com\/?p=10120"},"modified":"2019-07-18T21:19:41","modified_gmt":"2019-07-18T19:19:41","slug":"balkon-als-hingucker","status":"publish","type":"post","link":"https:\/\/lucididit.com\/de\/balkon-als-hingucker\/","title":{"rendered":"Mit diesen Ideen wird euer Balkon zu einem Hingucker"},"content":{"rendered":"<p>[et_pb_section bb_built=&#8221;1&#8243; admin_label=&#8221;section&#8221; _builder_version=&#8221;3.22.3&#8243; custom_padding=&#8221;6px||3px|||&#8221;][et_pb_row admin_label=&#8221;row&#8221; _builder_version=&#8221;3.25&#8243; background_size=&#8221;initial&#8221; background_position=&#8221;top_left&#8221; background_repeat=&#8221;repeat&#8221;][et_pb_column type=&#8221;4_4&#8243; _builder_version=&#8221;3.25&#8243; custom_padding=&#8221;|||&#8221; custom_padding__hover=&#8221;|||&#8221;][et_pb_text _builder_version=&#8221;3.25.4&#8243; text_text_align=&#8221;justify&#8221; text_font_size=&#8221;14px&#8221; text_line_height=&#8221;1.9em&#8221; background_size=&#8221;initial&#8221; background_position=&#8221;top_left&#8221; background_repeat=&#8221;repeat&#8221; z_index_tablet=&#8221;500&#8243; text_text_shadow_horizontal_length_tablet=&#8221;0px&#8221; text_text_shadow_vertical_length_tablet=&#8221;0px&#8221; text_text_shadow_blur_strength_tablet=&#8221;1px&#8221; link_text_shadow_horizontal_length_tablet=&#8221;0px&#8221; link_text_shadow_vertical_length_tablet=&#8221;0px&#8221; link_text_shadow_blur_strength_tablet=&#8221;1px&#8221; ul_text_shadow_horizontal_length_tablet=&#8221;0px&#8221; ul_text_shadow_vertical_length_tablet=&#8221;0px&#8221; ul_text_shadow_blur_strength_tablet=&#8221;1px&#8221; ol_text_shadow_horizontal_length_tablet=&#8221;0px&#8221; ol_text_shadow_vertical_length_tablet=&#8221;0px&#8221; ol_text_shadow_blur_strength_tablet=&#8221;1px&#8221; quote_text_shadow_horizontal_length_tablet=&#8221;0px&#8221; quote_text_shadow_vertical_length_tablet=&#8221;0px&#8221; quote_text_shadow_blur_strength_tablet=&#8221;1px&#8221; header_text_shadow_horizontal_length_tablet=&#8221;0px&#8221; header_text_shadow_vertical_length_tablet=&#8221;0px&#8221; header_text_shadow_blur_strength_tablet=&#8221;1px&#8221; header_2_text_shadow_horizontal_length_tablet=&#8221;0px&#8221; header_2_text_shadow_vertical_length_tablet=&#8221;0px&#8221; header_2_text_shadow_blur_strength_tablet=&#8221;1px&#8221; header_3_text_shadow_horizontal_length_tablet=&#8221;0px&#8221; header_3_text_shadow_vertical_length_tablet=&#8221;0px&#8221; header_3_text_shadow_blur_strength_tablet=&#8221;1px&#8221; header_4_text_shadow_horizontal_length_tablet=&#8221;0px&#8221; header_4_text_shadow_vertical_length_tablet=&#8221;0px&#8221; header_4_text_shadow_blur_strength_tablet=&#8221;1px&#8221; header_5_text_shadow_horizontal_length_tablet=&#8221;0px&#8221; header_5_text_shadow_vertical_length_tablet=&#8221;0px&#8221; header_5_text_shadow_blur_strength_tablet=&#8221;1px&#8221; header_6_text_shadow_horizontal_length_tablet=&#8221;0px&#8221; header_6_text_shadow_vertical_length_tablet=&#8221;0px&#8221; header_6_text_shadow_blur_strength_tablet=&#8221;1px&#8221; box_shadow_horizontal_tablet=&#8221;0px&#8221; box_shadow_vertical_tablet=&#8221;0px&#8221; box_shadow_blur_tablet=&#8221;40px&#8221; box_shadow_spread_tablet=&#8221;0px&#8221; text_text_shadow_horizontal_length=&#8221;text_text_shadow_style,%91object Object%93&#8243; text_text_shadow_vertical_length=&#8221;text_text_shadow_style,%91object Object%93&#8243; text_text_shadow_blur_strength=&#8221;text_text_shadow_style,%91object Object%93&#8243; link_text_shadow_horizontal_length=&#8221;link_text_shadow_style,%91object Object%93&#8243; link_text_shadow_vertical_length=&#8221;link_text_shadow_style,%91object Object%93&#8243; link_text_shadow_blur_strength=&#8221;link_text_shadow_style,%91object Object%93&#8243; ul_text_shadow_horizontal_length=&#8221;ul_text_shadow_style,%91object Object%93&#8243; ul_text_shadow_vertical_length=&#8221;ul_text_shadow_style,%91object Object%93&#8243; ul_text_shadow_blur_strength=&#8221;ul_text_shadow_style,%91object Object%93&#8243; ol_text_shadow_horizontal_length=&#8221;ol_text_shadow_style,%91object Object%93&#8243; ol_text_shadow_vertical_length=&#8221;ol_text_shadow_style,%91object Object%93&#8243; ol_text_shadow_blur_strength=&#8221;ol_text_shadow_style,%91object Object%93&#8243; quote_text_shadow_horizontal_length=&#8221;quote_text_shadow_style,%91object Object%93&#8243; quote_text_shadow_vertical_length=&#8221;quote_text_shadow_style,%91object Object%93&#8243; quote_text_shadow_blur_strength=&#8221;quote_text_shadow_style,%91object Object%93&#8243; header_text_shadow_horizontal_length=&#8221;header_text_shadow_style,%91object Object%93&#8243; header_text_shadow_vertical_length=&#8221;header_text_shadow_style,%91object Object%93&#8243; header_text_shadow_blur_strength=&#8221;header_text_shadow_style,%91object Object%93&#8243; header_2_text_shadow_horizontal_length=&#8221;header_2_text_shadow_style,%91object Object%93&#8243; header_2_text_shadow_vertical_length=&#8221;header_2_text_shadow_style,%91object Object%93&#8243; header_2_text_shadow_blur_strength=&#8221;header_2_text_shadow_style,%91object Object%93&#8243; header_3_text_shadow_horizontal_length=&#8221;header_3_text_shadow_style,%91object Object%93&#8243; header_3_text_shadow_vertical_length=&#8221;header_3_text_shadow_style,%91object Object%93&#8243; header_3_text_shadow_blur_strength=&#8221;header_3_text_shadow_style,%91object Object%93&#8243; header_4_text_shadow_horizontal_length=&#8221;header_4_text_shadow_style,%91object Object%93&#8243; header_4_text_shadow_vertical_length=&#8221;header_4_text_shadow_style,%91object Object%93&#8243; header_4_text_shadow_blur_strength=&#8221;header_4_text_shadow_style,%91object Object%93&#8243; header_5_text_shadow_horizontal_length=&#8221;header_5_text_shadow_style,%91object Object%93&#8243; header_5_text_shadow_vertical_length=&#8221;header_5_text_shadow_style,%91object Object%93&#8243; header_5_text_shadow_blur_strength=&#8221;header_5_text_shadow_style,%91object Object%93&#8243; header_6_text_shadow_horizontal_length=&#8221;header_6_text_shadow_style,%91object Object%93&#8243; header_6_text_shadow_vertical_length=&#8221;header_6_text_shadow_style,%91object Object%93&#8243; header_6_text_shadow_blur_strength=&#8221;header_6_text_shadow_style,%91object Object%93&#8243;]<\/p>\n<p><span style=\"color: #000000;\"><strong>Mit dem Beginn der w\u00e4rmeren Tage zieht es uns nat\u00fcrlich an die Luft und wir verbringen unsere Freizeit gerne im Garten, auf der Terrasse oder auf dem Balkon. Endlich die richtige Zeit f\u00fcr einen Morgenkaffee im Freien, Sommerabende bei einem Gl\u00e4schen Wein oder zum Entspannen im Kreis der Familie und Freunde. Ich wei\u00df, die Balkone der Hochh\u00e4user sind oft klein und leblos, aber ihr wisst, was man sagt. Lieber ein kleiner Balkon als keiner! Zweifelt deshalb nicht und genie\u00dft es. Alles, was ihr tun m\u00fcsst, ist jede einzelne Ecke zu nutzen und sie nach euren W\u00fcnschen zu gestalten. Mit den richtigen Dekorationen k\u00f6nnt ihr auch den kleinsten Raum in eine sch\u00f6ne und gem\u00fctliche Oase der Ruhe verwandeln. Lasst euch von einfachen Deko-Ideen inspirieren und genie\u00dft euer kleines St\u00fcckchen Paradies.<\/strong> \u00a0<\/span><\/p>\n<p>\u00a0<\/p>\n<hr \/>\n<h3>\u00a0<\/h3>\n<h3><span style=\"color: #000000;\"><strong>Lichter, Leuchten, Kerzen<\/strong><\/span><\/h3>\n<p>Nichts zaubert eine angenehmere Atmosph\u00e4re wie eine Lampe (idealerweise in einem warmen Lichtton). Die Beleuchtung auf dem Balkon und der Terrasse wird diesen Ort intim und romantisch machen. Besonders die dekorative Laternen und Girlanden.<\/p>\n<p><img loading=\"lazy\" class=\"lazy aligncenter wp-image-10003 lazy-loaded\" title=\"Ako premeni\u0165 balk\u00f3n na o\u00e1zu pokoja? Sta\u010d\u00ed dobr\u00fd n\u00e1pad!\" src=\"https:\/\/lucididit.com\/wp-content\/uploads\/2019\/06\/IMG_20190602_151536-01_resized_20190630_055259037.jpeg?x37979\" sizes=\"(max-width: 1100px) 100vw, 1100px\" srcset=\"https:\/\/lucididit.com\/wp-content\/uploads\/2019\/06\/IMG_20190602_151536-01_resized_20190630_055259037.jpeg 2736w, https:\/\/lucididit.com\/wp-content\/uploads\/2019\/06\/IMG_20190602_151536-01_resized_20190630_055259037-300x225.jpeg 300w, https:\/\/lucididit.com\/wp-content\/uploads\/2019\/06\/IMG_20190602_151536-01_resized_20190630_055259037-768x576.jpeg 768w, https:\/\/lucididit.com\/wp-content\/uploads\/2019\/06\/IMG_20190602_151536-01_resized_20190630_055259037-1024x768.jpeg 1024w, https:\/\/lucididit.com\/wp-content\/uploads\/2019\/06\/IMG_20190602_151536-01_resized_20190630_055259037-510x382.jpeg 510w, https:\/\/lucididit.com\/wp-content\/uploads\/2019\/06\/IMG_20190602_151536-01_resized_20190630_055259037-1080x810.jpeg 1080w\" alt=\"yH5BAEAAAAALAAAAAABAAEAAAIBRAA7 - Ako premeni\u0165 balk\u00f3n na o\u00e1zu pokoja? Sta\u010d\u00ed dobr\u00fd n\u00e1pad!\" width=\"1100\" height=\"825\" data-lazy-type=\"image\" data-lazy-src=\"https:\/\/lucididit.com\/wp-content\/uploads\/2019\/06\/IMG_20190602_151536-01_resized_20190630_055259037.jpeg?x37979\" data-lazy-srcset=\"https:\/\/lucididit.com\/wp-content\/uploads\/2019\/06\/IMG_20190602_151536-01_resized_20190630_055259037.jpeg 2736w, https:\/\/lucididit.com\/wp-content\/uploads\/2019\/06\/IMG_20190602_151536-01_resized_20190630_055259037-300x225.jpeg 300w, https:\/\/lucididit.com\/wp-content\/uploads\/2019\/06\/IMG_20190602_151536-01_resized_20190630_055259037-768x576.jpeg 768w, https:\/\/lucididit.com\/wp-content\/uploads\/2019\/06\/IMG_20190602_151536-01_resized_20190630_055259037-1024x768.jpeg 1024w, https:\/\/lucididit.com\/wp-content\/uploads\/2019\/06\/IMG_20190602_151536-01_resized_20190630_055259037-510x382.jpeg 510w, https:\/\/lucididit.com\/wp-content\/uploads\/2019\/06\/IMG_20190602_151536-01_resized_20190630_055259037-1080x810.jpeg 1080w\" data-lazy-sizes=\"(max-width: 1100px) 100vw, 1100px\" \/><\/p>\n<p>\u00a0<\/p>\n<p><span style=\"color: #000000;\"><strong>Glaubt mir, eine Lichterkette am Balkon kann Wunder wirken.<\/strong><\/span> Man darf nicht auf Kerzen verzichten! Sie machen jeden Raum nicht nur gem\u00fctlicher, sie sind auch ein gutes Insektenschutzmittel. Es ist keine \u00dcberraschung, dass die Kerzen an warmen Sonnentagen schmelzen und bei st\u00e4rkerem Wind unbrauchbar sind, deswegen stellt diese in eine Laterne. Die Teelichter in den Einmachgl\u00e4sern oder geschnittenen Flaschen sind auch ein ideales Outdoor-Accessoire. Sie sind nicht nur praktisch und umweltfreundlich, sie sehen auch noch gut aus.<\/p>\n<p>\u00a0<\/p>\n<p>Genauso wie diese Thunfisch-Dose,die ich mit einem Washi Klebstreifen aufgepeppt habe. Wenn ihr auf den Seiten auch noch die L\u00f6cher bohrt und einen Garn durchzieht, k\u00f6nnt ihr es sogar an die Wand aufh\u00e4ngen. Mehr<span style=\"color: #000000;\"><strong> Upcycling-Ideen<\/strong><\/span> findet ihr in meiner<a href=\"https:\/\/lucididit.com\/de\/5-recycling-ideen-fuer-ein-schoeneres-zuhause\/\"><span style=\"color: #d44646;\"><strong> Deko-Sammlung aus dem M\u00fcll.<\/strong><\/span><\/a><\/p>\n<p>\u00a0<\/p>\n<p><img loading=\"lazy\" class=\"lazy aligncenter wp-image-10013 lazy-loaded\" title=\"Ako premeni\u0165 balk\u00f3n na o\u00e1zu pokoja? Sta\u010d\u00ed dobr\u00fd n\u00e1pad!\" src=\"https:\/\/lucididit.com\/wp-content\/uploads\/2019\/06\/IMG_20190610_113211-01_resized_20190630_060258396.jpeg?x37979\" sizes=\"(max-width: 1100px) 100vw, 1100px\" srcset=\"https:\/\/lucididit.com\/wp-content\/uploads\/2019\/06\/IMG_20190610_113211-01_resized_20190630_060258396.jpeg 2431w, https:\/\/lucididit.com\/wp-content\/uploads\/2019\/06\/IMG_20190610_113211-01_resized_20190630_060258396-300x219.jpeg 300w, https:\/\/lucididit.com\/wp-content\/uploads\/2019\/06\/IMG_20190610_113211-01_resized_20190630_060258396-768x560.jpeg 768w, https:\/\/lucididit.com\/wp-content\/uploads\/2019\/06\/IMG_20190610_113211-01_resized_20190630_060258396-1024x747.jpeg 1024w, https:\/\/lucididit.com\/wp-content\/uploads\/2019\/06\/IMG_20190610_113211-01_resized_20190630_060258396-1080x788.jpeg 1080w\" alt=\"yH5BAEAAAAALAAAAAABAAEAAAIBRAA7 - Ako premeni\u0165 balk\u00f3n na o\u00e1zu pokoja? Sta\u010d\u00ed dobr\u00fd n\u00e1pad!\" width=\"1100\" height=\"803\" data-lazy-type=\"image\" data-lazy-src=\"https:\/\/lucididit.com\/wp-content\/uploads\/2019\/06\/IMG_20190610_113211-01_resized_20190630_060258396.jpeg?x37979\" data-lazy-srcset=\"https:\/\/lucididit.com\/wp-content\/uploads\/2019\/06\/IMG_20190610_113211-01_resized_20190630_060258396.jpeg 2431w, https:\/\/lucididit.com\/wp-content\/uploads\/2019\/06\/IMG_20190610_113211-01_resized_20190630_060258396-300x219.jpeg 300w, https:\/\/lucididit.com\/wp-content\/uploads\/2019\/06\/IMG_20190610_113211-01_resized_20190630_060258396-768x560.jpeg 768w, https:\/\/lucididit.com\/wp-content\/uploads\/2019\/06\/IMG_20190610_113211-01_resized_20190630_060258396-1024x747.jpeg 1024w, https:\/\/lucididit.com\/wp-content\/uploads\/2019\/06\/IMG_20190610_113211-01_resized_20190630_060258396-1080x788.jpeg 1080w\" data-lazy-sizes=\"(max-width: 1100px) 100vw, 1100px\" \/><\/p>\n<p><img loading=\"lazy\" class=\"lazy aligncenter wp-image-10011 lazy-loaded\" title=\"Ako premeni\u0165 balk\u00f3n na o\u00e1zu pokoja? Sta\u010d\u00ed dobr\u00fd n\u00e1pad!\" src=\"https:\/\/lucididit.com\/wp-content\/uploads\/2019\/06\/IMG_20190610_113027-01_resized_20190630_060258102.jpeg?x37979\" sizes=\"(max-width: 1100px) 100vw, 1100px\" srcset=\"https:\/\/lucididit.com\/wp-content\/uploads\/2019\/06\/IMG_20190610_113027-01_resized_20190630_060258102.jpeg 2436w, https:\/\/lucididit.com\/wp-content\/uploads\/2019\/06\/IMG_20190610_113027-01_resized_20190630_060258102-300x236.jpeg 300w, https:\/\/lucididit.com\/wp-content\/uploads\/2019\/06\/IMG_20190610_113027-01_resized_20190630_060258102-768x604.jpeg 768w, https:\/\/lucididit.com\/wp-content\/uploads\/2019\/06\/IMG_20190610_113027-01_resized_20190630_060258102-1024x806.jpeg 1024w, https:\/\/lucididit.com\/wp-content\/uploads\/2019\/06\/IMG_20190610_113027-01_resized_20190630_060258102-1080x850.jpeg 1080w\" alt=\"yH5BAEAAAAALAAAAAABAAEAAAIBRAA7 - Ako premeni\u0165 balk\u00f3n na o\u00e1zu pokoja? Sta\u010d\u00ed dobr\u00fd n\u00e1pad!\" width=\"1100\" height=\"866\" data-lazy-type=\"image\" data-lazy-src=\"https:\/\/lucididit.com\/wp-content\/uploads\/2019\/06\/IMG_20190610_113027-01_resized_20190630_060258102.jpeg?x37979\" data-lazy-srcset=\"https:\/\/lucididit.com\/wp-content\/uploads\/2019\/06\/IMG_20190610_113027-01_resized_20190630_060258102.jpeg 2436w, https:\/\/lucididit.com\/wp-content\/uploads\/2019\/06\/IMG_20190610_113027-01_resized_20190630_060258102-300x236.jpeg 300w, https:\/\/lucididit.com\/wp-content\/uploads\/2019\/06\/IMG_20190610_113027-01_resized_20190630_060258102-768x604.jpeg 768w, https:\/\/lucididit.com\/wp-content\/uploads\/2019\/06\/IMG_20190610_113027-01_resized_20190630_060258102-1024x806.jpeg 1024w, https:\/\/lucididit.com\/wp-content\/uploads\/2019\/06\/IMG_20190610_113027-01_resized_20190630_060258102-1080x850.jpeg 1080w\" data-lazy-sizes=\"(max-width: 1100px) 100vw, 1100px\" \/> \u00a0 \u00a0<\/p>\n<h3>\u00a0<\/h3>\n<h3><span style=\"color: #000000;\"><strong>Blumen und Kr\u00e4uter<\/strong><\/span><\/h3>\n<p><span style=\"color: #000000;\"><strong>Zu der perfekten Entspannung auf dem Balkon geh\u00f6ren die Pflanzen.<\/strong><\/span> Wenn ihr gen\u00fcgend Platz habt, nutzt es aus. F\u00fcr einen gr\u00fcnen Dschungel sorgt zum Beispiel Bambus, Ziergras oder Stauden, die dem Balkon eine Prise Dekadenz verleihen. Ihr k\u00f6nnt aber auch nach saisonalen Blumen oder Kletterpflanzen greifen. Ideal sind auch Olivenb\u00e4ume, Zitronenb\u00e4ume oder Orangenb\u00e4ume, die eine exotische Atmosph\u00e4re zaubern und ein Urlaubsfeeling zu euch nach Hause bringen. \u00a0<\/p>\n<p>\u00a0<\/p>\n<p><span style=\"color: #000000;\"><strong>Bei mir k\u00f6nnen aber keine frischen Kr\u00e4uter fehlen. Viele Kr\u00e4uter!<\/strong><\/span> Glaubt mir, es gibt nichts Sch\u00f6neres als mit dem \u201eGew\u00fcrz\u201c aus dem eigenen &#8220;Garten&#8221; zu kochen. Nichts kann den intensiven Geschmack und Geruch toppen. Wenn ihr auf eurem Balkon auch noch saisonales Gem\u00fcse und Obst einpflanzt, wird die Sehnsucht nach einem Garten sicher geringer. <span style=\"color: #d44646;\"><strong><a style=\"color: #d44646;\" href=\"https:\/\/lucididit.com\/de\/alles-was-ihr-ueber-kraeter-wissen-muesst\/\">Alles, was ihr \u00fcber Kr\u00e4uter wissen m\u00fcsst<\/a> <\/strong><\/span>findet ihr in meinem Beitrag.\u00a0\u00a0<\/p>\n\n\t\t<style type=\"text\/css\">\n\t\t\t#gallery-1 {\n\t\t\t\tmargin: auto;\n\t\t\t}\n\t\t\t#gallery-1 .gallery-item {\n\t\t\t\tfloat: left;\n\t\t\t\tmargin-top: 10px;\n\t\t\t\ttext-align: center;\n\t\t\t\twidth: 33%;\n\t\t\t}\n\t\t\t#gallery-1 img {\n\t\t\t\tborder: 2px solid #cfcfcf;\n\t\t\t}\n\t\t\t#gallery-1 .gallery-caption {\n\t\t\t\tmargin-left: 0;\n\t\t\t}\n\t\t\t\/* see gallery_shortcode() in wp-includes\/media.php *\/\n\t\t<\/style>\n\t\t<div id='gallery-1' class='gallery galleryid-10120 gallery-columns-3 gallery-size-full'><dl class='gallery-item'>\n\t\t\t<dt class='gallery-icon portrait'>\n\t\t\t\t<a href='https:\/\/lucididit.com\/wp-content\/uploads\/2019\/06\/IMG_20190511_184152-01_resized_20190630_055259659-e1562697290884.jpeg'><img width=\"2880\" height=\"3840\" src=\"https:\/\/lucididit.com\/wp-content\/uploads\/2019\/06\/IMG_20190511_184152-01_resized_20190630_055259659-e1562697290884.jpeg\" class=\"attachment-full size-full\" alt=\"\" loading=\"lazy\" \/><\/a>\n\t\t\t<\/dt><\/dl><dl class='gallery-item'>\n\t\t\t<dt class='gallery-icon portrait'>\n\t\t\t\t<a href='https:\/\/lucididit.com\/wp-content\/uploads\/2019\/06\/IMG_20190628_192320-02_resized_20190630_062210049.jpeg'><img width=\"2880\" height=\"3840\" src=\"https:\/\/lucididit.com\/wp-content\/uploads\/2019\/06\/IMG_20190628_192320-02_resized_20190630_062210049.jpeg\" class=\"attachment-full size-full\" alt=\"\" loading=\"lazy\" srcset=\"https:\/\/lucididit.com\/wp-content\/uploads\/2019\/06\/IMG_20190628_192320-02_resized_20190630_062210049.jpeg 2880w, https:\/\/lucididit.com\/wp-content\/uploads\/2019\/06\/IMG_20190628_192320-02_resized_20190630_062210049-225x300.jpeg 225w, https:\/\/lucididit.com\/wp-content\/uploads\/2019\/06\/IMG_20190628_192320-02_resized_20190630_062210049-768x1024.jpeg 768w, https:\/\/lucididit.com\/wp-content\/uploads\/2019\/06\/IMG_20190628_192320-02_resized_20190630_062210049-1080x1440.jpeg 1080w\" sizes=\"(max-width: 2880px) 100vw, 2880px\" \/><\/a>\n\t\t\t<\/dt><\/dl><dl class='gallery-item'>\n\t\t\t<dt class='gallery-icon portrait'>\n\t\t\t\t<a href='https:\/\/lucididit.com\/wp-content\/uploads\/2019\/06\/IMG_20190629_121143-03_resized_20190630_062211392.jpeg'><img width=\"2880\" height=\"3840\" src=\"https:\/\/lucididit.com\/wp-content\/uploads\/2019\/06\/IMG_20190629_121143-03_resized_20190630_062211392.jpeg\" class=\"attachment-full size-full\" alt=\"\" loading=\"lazy\" srcset=\"https:\/\/lucididit.com\/wp-content\/uploads\/2019\/06\/IMG_20190629_121143-03_resized_20190630_062211392.jpeg 2880w, https:\/\/lucididit.com\/wp-content\/uploads\/2019\/06\/IMG_20190629_121143-03_resized_20190630_062211392-225x300.jpeg 225w, https:\/\/lucididit.com\/wp-content\/uploads\/2019\/06\/IMG_20190629_121143-03_resized_20190630_062211392-768x1024.jpeg 768w, https:\/\/lucididit.com\/wp-content\/uploads\/2019\/06\/IMG_20190629_121143-03_resized_20190630_062211392-1080x1440.jpeg 1080w\" sizes=\"(max-width: 2880px) 100vw, 2880px\" \/><\/a>\n\t\t\t<\/dt><\/dl><br style=\"clear: both\" \/>\n\t\t<\/div>\n\n<p>\u00a0<\/p>\n<p>Versucht euren Balkon einen Hauch von pers\u00f6nlichem Geist und Kreativit\u00e4t zu verleihen und legt eure Pflanzen in die Holzkisten, die Kr\u00e4uter in die Blechdosen (auf deren Unterboden ihr Ausl\u00e4sse gebohrt habt) oder in Europaletten.\u00a0<\/p>\n<p>\u00a0<\/p>\n<p><img loading=\"lazy\" class=\"lazy aligncenter wp-image-9948 lazy-loaded\" title=\"Ako premeni\u0165 balk\u00f3n na o\u00e1zu pokoja? Sta\u010d\u00ed dobr\u00fd n\u00e1pad!\" src=\"https:\/\/lucididit.com\/wp-content\/uploads\/2019\/06\/IMG_20190628_192312-03_resized_20190629_090246481.jpeg?x37979\" sizes=\"(max-width: 1100px) 100vw, 1100px\" srcset=\"https:\/\/lucididit.com\/wp-content\/uploads\/2019\/06\/IMG_20190628_192312-03_resized_20190629_090246481.jpeg 3840w, https:\/\/lucididit.com\/wp-content\/uploads\/2019\/06\/IMG_20190628_192312-03_resized_20190629_090246481-300x225.jpeg 300w, https:\/\/lucididit.com\/wp-content\/uploads\/2019\/06\/IMG_20190628_192312-03_resized_20190629_090246481-768x576.jpeg 768w, https:\/\/lucididit.com\/wp-content\/uploads\/2019\/06\/IMG_20190628_192312-03_resized_20190629_090246481-1024x768.jpeg 1024w, https:\/\/lucididit.com\/wp-content\/uploads\/2019\/06\/IMG_20190628_192312-03_resized_20190629_090246481-510x382.jpeg 510w, https:\/\/lucididit.com\/wp-content\/uploads\/2019\/06\/IMG_20190628_192312-03_resized_20190629_090246481-1080x810.jpeg 1080w\" alt=\"yH5BAEAAAAALAAAAAABAAEAAAIBRAA7 - Ako premeni\u0165 balk\u00f3n na o\u00e1zu pokoja? Sta\u010d\u00ed dobr\u00fd n\u00e1pad!\" width=\"1100\" height=\"825\" data-lazy-type=\"image\" data-lazy-src=\"https:\/\/lucididit.com\/wp-content\/uploads\/2019\/06\/IMG_20190628_192312-03_resized_20190629_090246481.jpeg?x37979\" data-lazy-srcset=\"https:\/\/lucididit.com\/wp-content\/uploads\/2019\/06\/IMG_20190628_192312-03_resized_20190629_090246481.jpeg 3840w, https:\/\/lucididit.com\/wp-content\/uploads\/2019\/06\/IMG_20190628_192312-03_resized_20190629_090246481-300x225.jpeg 300w, https:\/\/lucididit.com\/wp-content\/uploads\/2019\/06\/IMG_20190628_192312-03_resized_20190629_090246481-768x576.jpeg 768w, https:\/\/lucididit.com\/wp-content\/uploads\/2019\/06\/IMG_20190628_192312-03_resized_20190629_090246481-1024x768.jpeg 1024w, https:\/\/lucididit.com\/wp-content\/uploads\/2019\/06\/IMG_20190628_192312-03_resized_20190629_090246481-510x382.jpeg 510w, https:\/\/lucididit.com\/wp-content\/uploads\/2019\/06\/IMG_20190628_192312-03_resized_20190629_090246481-1080x810.jpeg 1080w\" data-lazy-sizes=\"(max-width: 1100px) 100vw, 1100px\" \/><\/p>\n<p>\u00a0<\/p>\n<p>Mit dekorativen Pflanzenschildern aus Korken oder Eisholzstielen gebt ihr eurem G\u00e4rtchen den letzten Pfiff. Einfacher geht\u00b4s nicht. Schaut euch auch <span style=\"color: #d44646;\"><strong><a style=\"color: #d44646;\" href=\"https:\/\/lucididit.com\/de\/kraeuterbeet-aus-paletten\/\">die Anleitung, wie man ein Kr\u00e4uterbeet aus den Euro-Palleten leicht nachmachen kann. <\/a><\/strong>\u00a0<\/span><\/p>\n<p>\u00a0<\/p>\n<p><img loading=\"lazy\" class=\"lazy aligncenter wp-image-9457 lazy-loaded\" title=\"Ako premeni\u0165 balk\u00f3n na o\u00e1zu pokoja? Sta\u010d\u00ed dobr\u00fd n\u00e1pad!\" src=\"https:\/\/lucididit.com\/wp-content\/uploads\/2019\/03\/IMG_20190428_152413-01_resized_20190428_070300749.jpeg?x37979\" sizes=\"(max-width: 1100px) 100vw, 1100px\" srcset=\"https:\/\/lucididit.com\/wp-content\/uploads\/2019\/03\/IMG_20190428_152413-01_resized_20190428_070300749.jpeg 2736w, https:\/\/lucididit.com\/wp-content\/uploads\/2019\/03\/IMG_20190428_152413-01_resized_20190428_070300749-300x225.jpeg 300w, https:\/\/lucididit.com\/wp-content\/uploads\/2019\/03\/IMG_20190428_152413-01_resized_20190428_070300749-768x576.jpeg 768w, https:\/\/lucididit.com\/wp-content\/uploads\/2019\/03\/IMG_20190428_152413-01_resized_20190428_070300749-1024x768.jpeg 1024w, https:\/\/lucididit.com\/wp-content\/uploads\/2019\/03\/IMG_20190428_152413-01_resized_20190428_070300749-510x382.jpeg 510w, https:\/\/lucididit.com\/wp-content\/uploads\/2019\/03\/IMG_20190428_152413-01_resized_20190428_070300749-1080x810.jpeg 1080w\" alt=\"yH5BAEAAAAALAAAAAABAAEAAAIBRAA7 - Ako premeni\u0165 balk\u00f3n na o\u00e1zu pokoja? Sta\u010d\u00ed dobr\u00fd n\u00e1pad!\" width=\"1100\" height=\"825\" data-lazy-type=\"image\" data-lazy-src=\"https:\/\/lucididit.com\/wp-content\/uploads\/2019\/03\/IMG_20190428_152413-01_resized_20190428_070300749.jpeg?x37979\" data-lazy-srcset=\"https:\/\/lucididit.com\/wp-content\/uploads\/2019\/03\/IMG_20190428_152413-01_resized_20190428_070300749.jpeg 2736w, https:\/\/lucididit.com\/wp-content\/uploads\/2019\/03\/IMG_20190428_152413-01_resized_20190428_070300749-300x225.jpeg 300w, https:\/\/lucididit.com\/wp-content\/uploads\/2019\/03\/IMG_20190428_152413-01_resized_20190428_070300749-768x576.jpeg 768w, https:\/\/lucididit.com\/wp-content\/uploads\/2019\/03\/IMG_20190428_152413-01_resized_20190428_070300749-1024x768.jpeg 1024w, https:\/\/lucididit.com\/wp-content\/uploads\/2019\/03\/IMG_20190428_152413-01_resized_20190428_070300749-510x382.jpeg 510w, https:\/\/lucididit.com\/wp-content\/uploads\/2019\/03\/IMG_20190428_152413-01_resized_20190428_070300749-1080x810.jpeg 1080w\" data-lazy-sizes=\"(max-width: 1100px) 100vw, 1100px\" \/> \u00a0 \u00a0<\/p>\n<h3>\u00a0<\/h3>\n<h3><span style=\"color: #000000;\"><strong>Kissen, Decken, Textilien<\/strong><\/span><\/h3>\n<p>Auf diese sollte nie verzichtet werden. Dank ihnen sitzt ihr bequem und au\u00dferdem sorgen sie f\u00fcr den ultimativen kuscheligen Look. Bei der Auswahl von P\u00f6lstern und Kissen solltet ihr nach Textilien suchen, die f\u00fcr den Au\u00dfenbereich geeignet sind (unabh\u00e4ngig davon, ob der Balkon offen oder \u00fcberdacht ist). Um den abgenutzen Bodenbelag abzudecken verwendet zum Beispiel Rollen aus Bambus oder Holz.<\/p>\n<p>\u00a0<\/p>\n<p>Heutzutage ist das Sortiment an Gartentextilien ziemlich breit, daher bin ich mir sicher, dass ihr etwas findet. Und auch wenn nicht, dann gibt es noch Textilfarben, mit denen ihr die \u00dcberz\u00fcge nach euren W\u00fcnschen aufpeppen k\u00f6nnt. Versucht zum Beispel die Batik-, Kartoffel- oder\u00a0<span style=\"color: #d44646;\"> <strong style=\"color: #d44646;\"><a style=\"color: #d44646;\" href=\"https:\/\/lucididit.com\/de\/wanddeko-im-stil-botanical\/\">Abdruck-Technik<\/a>.<\/strong><\/span><\/p>\n<p><img loading=\"lazy\" class=\"lazy aligncenter wp-image-10033 lazy-loaded\" title=\"Ako premeni\u0165 balk\u00f3n na o\u00e1zu pokoja? Sta\u010d\u00ed dobr\u00fd n\u00e1pad!\" src=\"https:\/\/lucididit.com\/wp-content\/uploads\/2019\/06\/IMG_20190630_190541-01_resized_20190630_071838257.jpeg?x37979\" sizes=\"(max-width: 1100px) 100vw, 1100px\" srcset=\"https:\/\/lucididit.com\/wp-content\/uploads\/2019\/06\/IMG_20190630_190541-01_resized_20190630_071838257.jpeg 2736w, https:\/\/lucididit.com\/wp-content\/uploads\/2019\/06\/IMG_20190630_190541-01_resized_20190630_071838257-300x225.jpeg 300w, https:\/\/lucididit.com\/wp-content\/uploads\/2019\/06\/IMG_20190630_190541-01_resized_20190630_071838257-768x576.jpeg 768w, https:\/\/lucididit.com\/wp-content\/uploads\/2019\/06\/IMG_20190630_190541-01_resized_20190630_071838257-1024x768.jpeg 1024w, https:\/\/lucididit.com\/wp-content\/uploads\/2019\/06\/IMG_20190630_190541-01_resized_20190630_071838257-510x382.jpeg 510w, https:\/\/lucididit.com\/wp-content\/uploads\/2019\/06\/IMG_20190630_190541-01_resized_20190630_071838257-1080x810.jpeg 1080w\" alt=\"yH5BAEAAAAALAAAAAABAAEAAAIBRAA7 - Ako premeni\u0165 balk\u00f3n na o\u00e1zu pokoja? Sta\u010d\u00ed dobr\u00fd n\u00e1pad!\" width=\"1100\" height=\"825\" data-lazy-type=\"image\" data-lazy-src=\"https:\/\/lucididit.com\/wp-content\/uploads\/2019\/06\/IMG_20190630_190541-01_resized_20190630_071838257.jpeg?x37979\" data-lazy-srcset=\"https:\/\/lucididit.com\/wp-content\/uploads\/2019\/06\/IMG_20190630_190541-01_resized_20190630_071838257.jpeg 2736w, https:\/\/lucididit.com\/wp-content\/uploads\/2019\/06\/IMG_20190630_190541-01_resized_20190630_071838257-300x225.jpeg 300w, https:\/\/lucididit.com\/wp-content\/uploads\/2019\/06\/IMG_20190630_190541-01_resized_20190630_071838257-768x576.jpeg 768w, https:\/\/lucididit.com\/wp-content\/uploads\/2019\/06\/IMG_20190630_190541-01_resized_20190630_071838257-1024x768.jpeg 1024w, https:\/\/lucididit.com\/wp-content\/uploads\/2019\/06\/IMG_20190630_190541-01_resized_20190630_071838257-510x382.jpeg 510w, https:\/\/lucididit.com\/wp-content\/uploads\/2019\/06\/IMG_20190630_190541-01_resized_20190630_071838257-1080x810.jpeg 1080w\" data-lazy-sizes=\"(max-width: 1100px) 100vw, 1100px\" \/> \u00a0 \u00a0<\/p>\n<h3>\u00a0<\/h3>\n<h3><span style=\"color: #000000;\"><strong>M\u00f6bel<\/strong><\/span><\/h3>\n<p>Wenn ihr nicht viel Geld f\u00fcr Gartenm\u00f6bel ausgeben m\u00f6chtet, m\u00fcsst ihr nicht. Bastelt euch welche aus den Holzkisten. Diese sind im Moment nicht nur viel billiger, sondern auch sehr &#8220;IN&#8221;. Oder aus Europaletten &#8211; ein beliebtes Hipster-St\u00fcck und ein &#8220;hei\u00dfes&#8221; Design-Accessoire f\u00fcr eine perfekte Wohnatmosph\u00e4re.<\/p>\n<p><img loading=\"lazy\" class=\"lazy aligncenter wp-image-10009 lazy-loaded\" title=\"Ako premeni\u0165 balk\u00f3n na o\u00e1zu pokoja? Sta\u010d\u00ed dobr\u00fd n\u00e1pad!\" src=\"https:\/\/lucididit.com\/wp-content\/uploads\/2019\/06\/IMG_20190610_112308-02_resized_20190630_060257723.jpeg?x37979\" sizes=\"(max-width: 1100px) 100vw, 1100px\" srcset=\"https:\/\/lucididit.com\/wp-content\/uploads\/2019\/06\/IMG_20190610_112308-02_resized_20190630_060257723.jpeg 2360w, https:\/\/lucididit.com\/wp-content\/uploads\/2019\/06\/IMG_20190610_112308-02_resized_20190630_060257723-300x255.jpeg 300w, https:\/\/lucididit.com\/wp-content\/uploads\/2019\/06\/IMG_20190610_112308-02_resized_20190630_060257723-768x652.jpeg 768w, https:\/\/lucididit.com\/wp-content\/uploads\/2019\/06\/IMG_20190610_112308-02_resized_20190630_060257723-1024x869.jpeg 1024w, https:\/\/lucididit.com\/wp-content\/uploads\/2019\/06\/IMG_20190610_112308-02_resized_20190630_060257723-1080x917.jpeg 1080w\" alt=\"yH5BAEAAAAALAAAAAABAAEAAAIBRAA7 - Ako premeni\u0165 balk\u00f3n na o\u00e1zu pokoja? Sta\u010d\u00ed dobr\u00fd n\u00e1pad!\" width=\"1100\" height=\"934\" data-lazy-type=\"image\" data-lazy-src=\"https:\/\/lucididit.com\/wp-content\/uploads\/2019\/06\/IMG_20190610_112308-02_resized_20190630_060257723.jpeg?x37979\" data-lazy-srcset=\"https:\/\/lucididit.com\/wp-content\/uploads\/2019\/06\/IMG_20190610_112308-02_resized_20190630_060257723.jpeg 2360w, https:\/\/lucididit.com\/wp-content\/uploads\/2019\/06\/IMG_20190610_112308-02_resized_20190630_060257723-300x255.jpeg 300w, https:\/\/lucididit.com\/wp-content\/uploads\/2019\/06\/IMG_20190610_112308-02_resized_20190630_060257723-768x652.jpeg 768w, https:\/\/lucididit.com\/wp-content\/uploads\/2019\/06\/IMG_20190610_112308-02_resized_20190630_060257723-1024x869.jpeg 1024w, https:\/\/lucididit.com\/wp-content\/uploads\/2019\/06\/IMG_20190610_112308-02_resized_20190630_060257723-1080x917.jpeg 1080w\" data-lazy-sizes=\"(max-width: 1100px) 100vw, 1100px\" \/><\/p>\n<p>\u00a0<\/p>\n<p>Und was ist mit den Holzk\u00f6rben? Dreht sie um und verwendet sie als Sitz- oder Abstellfl\u00e4che. Es gibt so viele M\u00f6glichkeiten&#8230;<\/p>\n<p>\u00a0<\/p>\n<p><img loading=\"lazy\" class=\"lazy aligncenter wp-image-10007 lazy-loaded\" title=\"Ako premeni\u0165 balk\u00f3n na o\u00e1zu pokoja? Sta\u010d\u00ed dobr\u00fd n\u00e1pad!\" src=\"https:\/\/lucididit.com\/wp-content\/uploads\/2019\/06\/IMG_20190610_111930-01_resized_20190630_060259183.jpeg?x37979\" sizes=\"(max-width: 1100px) 100vw, 1100px\" srcset=\"https:\/\/lucididit.com\/wp-content\/uploads\/2019\/06\/IMG_20190610_111930-01_resized_20190630_060259183.jpeg 2018w, https:\/\/lucididit.com\/wp-content\/uploads\/2019\/06\/IMG_20190610_111930-01_resized_20190630_060259183-300x271.jpeg 300w, https:\/\/lucididit.com\/wp-content\/uploads\/2019\/06\/IMG_20190610_111930-01_resized_20190630_060259183-768x695.jpeg 768w, https:\/\/lucididit.com\/wp-content\/uploads\/2019\/06\/IMG_20190610_111930-01_resized_20190630_060259183-1024x927.jpeg 1024w, https:\/\/lucididit.com\/wp-content\/uploads\/2019\/06\/IMG_20190610_111930-01_resized_20190630_060259183-1080x977.jpeg 1080w\" alt=\"yH5BAEAAAAALAAAAAABAAEAAAIBRAA7 - Ako premeni\u0165 balk\u00f3n na o\u00e1zu pokoja? Sta\u010d\u00ed dobr\u00fd n\u00e1pad!\" width=\"1100\" height=\"995\" data-lazy-type=\"image\" data-lazy-src=\"https:\/\/lucididit.com\/wp-content\/uploads\/2019\/06\/IMG_20190610_111930-01_resized_20190630_060259183.jpeg?x37979\" data-lazy-srcset=\"https:\/\/lucididit.com\/wp-content\/uploads\/2019\/06\/IMG_20190610_111930-01_resized_20190630_060259183.jpeg 2018w, https:\/\/lucididit.com\/wp-content\/uploads\/2019\/06\/IMG_20190610_111930-01_resized_20190630_060259183-300x271.jpeg 300w, https:\/\/lucididit.com\/wp-content\/uploads\/2019\/06\/IMG_20190610_111930-01_resized_20190630_060259183-768x695.jpeg 768w, https:\/\/lucididit.com\/wp-content\/uploads\/2019\/06\/IMG_20190610_111930-01_resized_20190630_060259183-1024x927.jpeg 1024w, https:\/\/lucididit.com\/wp-content\/uploads\/2019\/06\/IMG_20190610_111930-01_resized_20190630_060259183-1080x977.jpeg 1080w\" data-lazy-sizes=\"(max-width: 1100px) 100vw, 1100px\" \/><\/p>\n<p>\u00a0<\/p>\n<p>Genauso k\u00f6nnt ihr euch die rezyklierte Plastik-Sesseln aus IKEA (urpsr\u00fcnglich rot) merken, die ich mit Betonfarbe \u00fcbermalt habe um sie mit an die restliche Umgebung anzupassen. So einen<span style=\"color: #d44646;\"> <a style=\"color: #d44646;\" href=\"https:\/\/lucididit.com\/de\/5-einfache-ikea-tricks\/\"><strong>IKEA hacking<\/strong>\u00a0<\/a><\/span>findet ihr in meiner <span style=\"color: #d44646;\"><a style=\"color: #d44646;\" href=\"https:\/\/lucididit.com\/de\/upcycling\/\"><strong>Sammlung der Upcycling-Ideen.<\/strong><\/a> \u00a0<\/span><\/p>\n<p>\u00a0<\/p>\n<p><img loading=\"lazy\" class=\"lazy aligncenter wp-image-10027 lazy-loaded\" title=\"Ako premeni\u0165 balk\u00f3n na o\u00e1zu pokoja? Sta\u010d\u00ed dobr\u00fd n\u00e1pad!\" src=\"https:\/\/lucididit.com\/wp-content\/uploads\/2019\/06\/IMG_20190629_190827-01_resized_20190630_062230228.jpeg?x37979\" sizes=\"(max-width: 1100px) 100vw, 1100px\" srcset=\"https:\/\/lucididit.com\/wp-content\/uploads\/2019\/06\/IMG_20190629_190827-01_resized_20190630_062230228.jpeg 3840w, https:\/\/lucididit.com\/wp-content\/uploads\/2019\/06\/IMG_20190629_190827-01_resized_20190630_062230228-300x225.jpeg 300w, https:\/\/lucididit.com\/wp-content\/uploads\/2019\/06\/IMG_20190629_190827-01_resized_20190630_062230228-768x576.jpeg 768w, https:\/\/lucididit.com\/wp-content\/uploads\/2019\/06\/IMG_20190629_190827-01_resized_20190630_062230228-1024x768.jpeg 1024w, https:\/\/lucididit.com\/wp-content\/uploads\/2019\/06\/IMG_20190629_190827-01_resized_20190630_062230228-510x382.jpeg 510w, https:\/\/lucididit.com\/wp-content\/uploads\/2019\/06\/IMG_20190629_190827-01_resized_20190630_062230228-1080x810.jpeg 1080w\" alt=\"yH5BAEAAAAALAAAAAABAAEAAAIBRAA7 - Ako premeni\u0165 balk\u00f3n na o\u00e1zu pokoja? Sta\u010d\u00ed dobr\u00fd n\u00e1pad!\" width=\"1100\" height=\"825\" data-lazy-type=\"image\" data-lazy-src=\"https:\/\/lucididit.com\/wp-content\/uploads\/2019\/06\/IMG_20190629_190827-01_resized_20190630_062230228.jpeg?x37979\" data-lazy-srcset=\"https:\/\/lucididit.com\/wp-content\/uploads\/2019\/06\/IMG_20190629_190827-01_resized_20190630_062230228.jpeg 3840w, https:\/\/lucididit.com\/wp-content\/uploads\/2019\/06\/IMG_20190629_190827-01_resized_20190630_062230228-300x225.jpeg 300w, https:\/\/lucididit.com\/wp-content\/uploads\/2019\/06\/IMG_20190629_190827-01_resized_20190630_062230228-768x576.jpeg 768w, https:\/\/lucididit.com\/wp-content\/uploads\/2019\/06\/IMG_20190629_190827-01_resized_20190630_062230228-1024x768.jpeg 1024w, https:\/\/lucididit.com\/wp-content\/uploads\/2019\/06\/IMG_20190629_190827-01_resized_20190630_062230228-510x382.jpeg 510w, https:\/\/lucididit.com\/wp-content\/uploads\/2019\/06\/IMG_20190629_190827-01_resized_20190630_062230228-1080x810.jpeg 1080w\" data-lazy-sizes=\"(max-width: 1100px) 100vw, 1100px\" \/><\/p>\n<p>Also fassen wir es zusammen:<\/p>\n<p>\u00a0<\/p>\n<p>\u00a0<\/p>\n<h3><span style=\"color: #000000;\"><strong>Tipps und Ratschl\u00e4ge f\u00fcr einen kleinen Balkon:<\/strong><\/span><\/h3>\n<ul>\n<li><span style=\"color: #000000;\"><strong>F\u00fcr den Au\u00dfenbereich eignen sich am besten Klapp-St\u00fchle und -tische, die ihr jederzeit zuklappen und ablegen k\u00f6nnt. Eine gute Alternative ist ein Klapptisch, der an einer Wand oder einem Gel\u00e4nder befestigt werden kann.<\/strong><\/span><\/li>\n<li>M\u00f6bel und Stoffe, die auf den Balkon gestellt werden, m\u00fcssen wetterfest sein, damit sie nicht vor jedem Sommersturm in der Wohnung versteckt werden m\u00fcssen. Oder besorgt euch wasserdichte H\u00fcllen oder Planen, \u00a0die ihr einfach dr\u00fcber zieht. Diese sch\u00fctzten sie vor Regen und Besch\u00e4digungen. Die am besten geeigneten Materialien f\u00fcr den Au\u00dfenbereich sind Holz, Metall oder Kunststoff<\/li>\n<li><span style=\"color: #000000;\"><strong>Sonnenschirme oder Marquise sorgen f\u00fcr einen Sonnenschutz.\u00a0<\/strong><\/span><\/li>\n<\/ul>\n<p><img loading=\"lazy\" class=\"lazy aligncenter wp-image-10021 lazy-loaded\" title=\"Ako premeni\u0165 balk\u00f3n na o\u00e1zu pokoja? Sta\u010d\u00ed dobr\u00fd n\u00e1pad!\" src=\"https:\/\/lucididit.com\/wp-content\/uploads\/2019\/06\/IMG_20190629_190615-01_resized_20190630_062230797.jpeg?x37979\" sizes=\"(max-width: 1100px) 100vw, 1100px\" srcset=\"https:\/\/lucididit.com\/wp-content\/uploads\/2019\/06\/IMG_20190629_190615-01_resized_20190630_062230797.jpeg 3840w, https:\/\/lucididit.com\/wp-content\/uploads\/2019\/06\/IMG_20190629_190615-01_resized_20190630_062230797-300x225.jpeg 300w, https:\/\/lucididit.com\/wp-content\/uploads\/2019\/06\/IMG_20190629_190615-01_resized_20190630_062230797-768x576.jpeg 768w, https:\/\/lucididit.com\/wp-content\/uploads\/2019\/06\/IMG_20190629_190615-01_resized_20190630_062230797-1024x768.jpeg 1024w, https:\/\/lucididit.com\/wp-content\/uploads\/2019\/06\/IMG_20190629_190615-01_resized_20190630_062230797-510x382.jpeg 510w, https:\/\/lucididit.com\/wp-content\/uploads\/2019\/06\/IMG_20190629_190615-01_resized_20190630_062230797-1080x810.jpeg 1080w\" alt=\"yH5BAEAAAAALAAAAAABAAEAAAIBRAA7 - Ako premeni\u0165 balk\u00f3n na o\u00e1zu pokoja? Sta\u010d\u00ed dobr\u00fd n\u00e1pad!\" width=\"1100\" height=\"825\" data-lazy-type=\"image\" data-lazy-src=\"https:\/\/lucididit.com\/wp-content\/uploads\/2019\/06\/IMG_20190629_190615-01_resized_20190630_062230797.jpeg?x37979\" data-lazy-srcset=\"https:\/\/lucididit.com\/wp-content\/uploads\/2019\/06\/IMG_20190629_190615-01_resized_20190630_062230797.jpeg 3840w, https:\/\/lucididit.com\/wp-content\/uploads\/2019\/06\/IMG_20190629_190615-01_resized_20190630_062230797-300x225.jpeg 300w, https:\/\/lucididit.com\/wp-content\/uploads\/2019\/06\/IMG_20190629_190615-01_resized_20190630_062230797-768x576.jpeg 768w, https:\/\/lucididit.com\/wp-content\/uploads\/2019\/06\/IMG_20190629_190615-01_resized_20190630_062230797-1024x768.jpeg 1024w, https:\/\/lucididit.com\/wp-content\/uploads\/2019\/06\/IMG_20190629_190615-01_resized_20190630_062230797-510x382.jpeg 510w, https:\/\/lucididit.com\/wp-content\/uploads\/2019\/06\/IMG_20190629_190615-01_resized_20190630_062230797-1080x810.jpeg 1080w\" data-lazy-sizes=\"(max-width: 1100px) 100vw, 1100px\" \/> \u00a0<\/p>\n<ul>\n<li>Vor euren Nachbarn werdet ihr durch Sichtschutz, Fliegengitter und Netze gesch\u00fctzt, die ihr entlang des Gel\u00e4nders befestigt. Ihr k\u00f6nnt zwischen Sichtstoff aus Kunststoff, Geflecht, Bambus oder Holz w\u00e4hlen&#8230;<\/li>\n<li><span style=\"color: #000000;\"><strong>Bereitet euch f\u00fcr die romantischen Sommerabende gen\u00fcgend Kerzen, Lichterketten, Laternen oder Girlanden vor.<\/strong><\/span><\/li>\n<li>Es gibt nichts Sch\u00f6neres als ein Balkon voller bl\u00fchender Blumen. W\u00e4hlt die richtige Pflanzenart, abh\u00e4ngig von der Ausrichtung eures Balkons. F\u00fcr die n\u00f6rdliche Ausrichtung eignen sich zum Beispiel Begonien, Fuchsien, Efeu und f\u00fcr s\u00fcdlich orientierten Balkon die Geranien, Petunien, Sonnenblumen, Chrysanthemen.<\/li>\n<li><span style=\"color: #000000;\"><strong>Eine ausgezeichnete L\u00f6sung f\u00fcr einen kleinen Balkon ist ein Doppeldecker-Pflanzgef\u00e4\u00df aus Europaletten oder ein Kistenst\u00e4nder, auf dem man Blumen und Kr\u00e4uter stellen kann.<\/strong><\/span><\/li>\n<\/ul>\n<p>\u00a0<\/p>\n<p>\u00a0<\/p>\n<p style=\"text-align: center;\"><strong>Foto:<\/strong>\u00a0Lucididit<\/p>\n<p>[\/et_pb_text][et_pb_divider color=&#8221;rgba(0,0,0,0.35)&#8221; _builder_version=&#8221;3.25.4&#8243; z_index_tablet=&#8221;500&#8243; box_shadow_horizontal_tablet=&#8221;0px&#8221; box_shadow_vertical_tablet=&#8221;0px&#8221; box_shadow_blur_tablet=&#8221;40px&#8221; box_shadow_spread_tablet=&#8221;0px&#8221; \/][et_pb_post_nav in_same_term=&#8221;on&#8221; _builder_version=&#8221;3.25.4&#8243; title_font=&#8221;Abhaya Libre|700|||||||&#8221; title_text_color=&#8221;rgba(224,41,31,0.96)&#8221; title_font_size=&#8221;19px&#8221; title_line_height=&#8221;1.9em&#8221; z_index_tablet=&#8221;500&#8243; title_text_shadow_horizontal_length_tablet=&#8221;0px&#8221; title_text_shadow_vertical_length_tablet=&#8221;0px&#8221; title_text_shadow_blur_strength_tablet=&#8221;1px&#8221; box_shadow_horizontal_tablet=&#8221;0px&#8221; box_shadow_vertical_tablet=&#8221;0px&#8221; box_shadow_blur_tablet=&#8221;40px&#8221; box_shadow_spread_tablet=&#8221;0px&#8221; title_text_shadow_horizontal_length=&#8221;title_text_shadow_style,%91object Object%93&#8243; title_text_shadow_vertical_length=&#8221;title_text_shadow_style,%91object Object%93&#8243; title_text_shadow_blur_strength=&#8221;title_text_shadow_style,%91object Object%93&#8243; \/][\/et_pb_column][\/et_pb_row][\/et_pb_section]<\/p>\n","protected":false},"excerpt":{"rendered":"<p>Mit dem Beginn der w\u00e4rmeren Tage zieht es uns nat\u00fcrlich an die Luft und wir verbringen unsere Freizeit gerne im Garten, auf der Terrasse oder auf dem Balkon. Endlich die richtige Zeit f\u00fcr einen Morgenkaffee im Freien, Sommerabende bei einem Gl\u00e4schen Wein oder zum Entspannen im Kreis der Familie und Freunde. Ich wei\u00df, die Balkone [&hellip;]<\/p>\n","protected":false},"author":1,"featured_media":10036,"comment_status":"open","ping_status":"closed","sticky":false,"template":"","format":"standard","meta":{"_et_pb_use_builder":"on","_et_pb_old_content":"<p><strong><span style=\"color: #000000;\">S pr\u00edchodom teplej\u0161\u00edch dn\u00ed n\u00e1s to prirodzene \u0165ah\u00e1 na vzduch a vo\u013en\u00e9 chv\u00edle radi tr\u00e1vime v z\u00e1hrade, na terase \u010di balk\u00f3ne. Kone\u010dne ten spr\u00e1vny \u010das na rann\u00e9 k\u00e1vi\u010dky pod hol\u00fdm nebom, letn\u00e9 ve\u010dery pri poh\u00e1riku v\u00edna alebo relax v pr\u00edtomnosti rodiny a\u00a0priate\u013eov. Ja viem, panel\u00e1kov\u00e9 balk\u00f3ny s\u00fa \u010dastokr\u00e1t sk\u00fape na priestor a\u00a0neopl\u00fdvaj\u00fa v\u00e1bnos\u0165ou, no viete ako sa hovor\u00ed. Lep\u0161ie mal\u00fd balk\u00f3n ako \u017eiadny! Tak\u017ee nez\u00fafajte a s chu\u0165ou si ho u\u017eite. Sta\u010d\u00ed, ke\u010f vyu\u017eijete ka\u017e\u00fd jeden k\u00fat a zariadite si ho pod\u013ea vlastn\u00fdch predst\u00e1v. Pomocou spr\u00e1vnych dekor\u00e1ci\u00ed mo\u017eete aj ten najmen\u0161\u00ed priestor premeni\u0165 na kr\u00e1snu a \u00fatuln\u00fa o\u00e1zu pokoja. In\u0161pirujte sa jednoduch\u00fdmi n\u00e1padmi na dekor\u00e1cie a\u00a0z\u00fatulnite si TEN V\u00c1\u0160 k\u00fasok s\u00fakromn\u00e9ho raja.<\/span><\/strong><\/p><p>\u00a0<\/p><h3><span style=\"color: #000000;\"><strong>Svietniky a svetielka<\/strong><\/span><\/h3><p>Ni\u010d nenavod\u00ed pr\u00edjemnej\u0161iu atmosf\u00e9ru tak ako svetielka (ide\u00e1lne v teplom odtieni). Osvetlenie na balk\u00f3ne a terase urob\u00ed toto miesto int\u00edmnym a romantick\u00fdm. Najm\u00e4 ke\u010f pou\u017eijete lampi\u00f3ny, laterny, lamp\u00e1\u0161e a girlandy. Verte mi, natiahnutie svetielok aj nad oby\u010dajn\u00fdm balk\u00f3nom dok\u00e1\u017ee divy. Nemenej dobr\u00fa formu str\u00fahaj\u00fa aj svie\u010dky. Okrem toho, \u017ee dodaj\u00fa vonkaj\u0161iemu priestoru \u0161mrnc, s\u00fa skvel\u00fdm odpudzova\u010dom hmyzu. POZOR! Svie\u010dka sa v\u00e1m po\u010das tepl\u00fdch slne\u010dn\u00fdch dn\u00ed \u013eahko roztop\u00ed a\u00a0pri silnej\u0161om vetre zase zhasne, preto ju umiestnite do laterny alebo siahnite treb\u00e1rs po katalytickej lampe. Ide\u00e1lnym exteri\u00e9rov\u00fdm doplnkom s\u00fa aj \u010dajov\u00e9 svie\u010dky v\u00a0zav\u00e1raninov\u00fdch poh\u00e1roch alebo rezan\u00fdch f\u013ea\u0161iach. Nielen\u017ee s\u00fa praktick\u00e9, ekologick\u00e9, ale i\u00a0pekne vyzeraj\u00fa. Oh, a\u00a0e\u0161te nie\u010do. Nestoja takmer ni\u010d a vyrobi\u0165 si ich dok\u00e1\u017ee \u00faplne ka\u017ed\u00fd.<\/p><p>\u00a0<\/p><h3><span style=\"color: #000000;\"><strong>Zele\u0148 a\u00a0bylinky<\/strong><\/span><\/h3><p>K dokonal\u00e9mu relaxu na balk\u00f3ne neodmyslite\u013ene patria rastliny. Ak nem\u00e1te n\u00fadzu o\u00a0priestor, ne\u0161etrite nimi. Zelen\u00fa divo\u010dinu v\u00e1m vyk\u00fazli napr\u00edklad tak\u00fd bambus, okrasn\u00e9 tr\u00e1vy, pr\u00edpadne trvalky, ktor\u00e9 dodaj\u00fa balk\u00f3nu \u0161tipku dekadencie. Siahnu\u0165 v\u0161ak m\u00f4\u017eete aj po sez\u00f3nnych kvetoch \u010di pop\u00ednav\u00fdch rastlin\u00e1ch. Ide\u00e1lnymi drevinami s\u00fa napr\u00edklad aj olivovn\u00edk, citr\u00f3novn\u00edk alebo pomaran\u010dovn\u00edk, ktor\u00e9 u\u00a0v\u00e1s doma vy\u010daruj\u00fa atmosf\u00e9ru dovolenkovej exotiky. U\u00a0n\u00e1s v\u0161ak nesm\u00fa ch\u00fdba\u0165 ani \u010derstv\u00e9 bylinky. Ve\u013ea byliniek! Verte mi, niet nad varenie s\u00a0koren\u00edm z\u00a0vlastnej \u201ez\u00e1hradky\u201c. Ich intenz\u00edvnej chuti a\u00a0v\u00f4ni sa ni\u010d nevyrovn\u00e1. V\u0161etko, \u010do potrebujete vedie\u0165 o\u00a0bylink\u00e1ch sa dozviete aj v\u00a0mojom ned\u00e1vnom pr\u00edspevku. Ak sa k\u00a0nim prid\u00e1 aj sez\u00f3nna zelenina a\u00a0ovocie, za z\u00e1hradou u\u017e nikdy nezapla\u010dete.<\/p><p>\u00a0<\/p><p>Sk\u00faste do v\u00e1\u0161ho exteri\u00e9ru vnies\u0165 \u0161tipku osobn\u00e9ho ducha a\u00a0kreativity a umiestnite va\u0161u zele\u0148 do dreven\u00fdch debni\u010diek, bylinky do plechov\u00fdch d\u00f3z od om\u00e1\u010dok (na ktor\u00fdch dno ste vyv\u0155tali odtokov\u00e9 otvory) alebo do europaliet. Posledn\u00fd punc dokonalosti im d\u00e1te dekorat\u00edvnymi zapichova\u010dkami z\u00a0korkov\u00fdch z\u00e1tok alebo pali\u010diek od nanuku. Jednoduch\u0161ie to sn\u00e1\u010f u\u017e ani nejde.<\/p><p>\u00a0<\/p><h3><span style=\"color: #000000;\"><strong>Vank\u00fa<\/strong><strong>\u0161e<\/strong><strong>, deky, text\u00edlie<\/strong><\/span><\/h3><p>Tie by nemali v\u00a0\u017eiadnom pr\u00edpade ch\u00fdba\u0165. V\u010faka nim budete sedie\u0165 pohodlne a\u00a0navy\u0161e sa postaraj\u00fa o\u00a0kone\u010dn\u00fd \u00fatuln\u00fd vzh\u013ead. Pri v\u00fdbere seda\u010diek, beh\u00fa\u0148ov a vank\u00fa\u0161ov je dobr\u00e9 siahnu\u0165 po text\u00edli\u00e1ch vhodn\u00fdch na vonkaj\u0161ie podmienky (bez oh\u013eadu na to, \u010di je balk\u00f3n kryt\u00fd alebo stre\u0161n\u00fd). Na zakrytie nepeknej podlahovej krytiny m\u00f4\u017eete pou\u017ei\u0165 napr\u00edklad outdoorov\u00e9 koberce alebo bambusov\u00e9 \u010di dreven\u00e9 rolky. V\u00a0dne\u0161nej dobe je sortiment z\u00e1hradn\u00fdch text\u00edli\u00ed pomerne \u0161irok\u00fd, preto som si ist\u00e1, \u017ee si vyberiete. A\u00a0v\u00a0pr\u00edpade, \u017ee nie, zak\u00fapte si jednofarebn\u00e9 a\u00a0vytunujte si ich pod\u013ea v\u00e1\u0161ho gusta. Vysk\u00fa\u0161ajte batiku alebo potla\u010d zemiakovou technikou.<\/p><p>\u00a0<\/p><h3><span style=\"color: #000000;\"><strong>N\u00e1bytok<\/strong><\/span><\/h3><p>Oby\u010dajn\u00fd priestor a v \u0148om neoby\u010dajn\u00e1 pohoda. Nebojte sa experimentova\u0165. Nemus\u00edte sedie\u0165 len na bielych plastov\u00fdch stoli\u010dk\u00e1ch. Sta\u010d\u00ed sa odkloni\u0165 od klasiky a zavesi\u0165 si treb\u00e1rs z\u00e1vesn\u00e9 vaj\u00ed\u010dko. Ak ale nechcete m\u00ed\u0148a\u0165 ve\u013ek\u00e9 peniaze na z\u00e1hradn\u00fd n\u00e1bytok, nemus\u00edte. Vyrobte si ho z dreven\u00fdch debni\u010diek. \u00c1no, \u010d\u00edtate dobre. S\u00fa nielen omnoho lacnej\u0161ie, ale moment\u00e1lne aj ve\u013emi \u201eIN\u201c. Alebo z\u00a0europaliet - ob\u013e\u00faben\u00fd hipstersk\u00fd k\u00fasok a\u201ehor\u00faci\u201c dizajnov\u00fd doplnok na \u00a0vytvorenie dokonalej dom\u00e1cej atmosf\u00e9ry. A\u00a0\u010do tak ko\u0161e? Oto\u010dte ich hore nohami a\u00a0pou\u017eite ako sedaciu \u010di odkladaciu plochu. Mo\u017enost\u00ed je to\u013eko...<\/p><p>\u00a0<\/p><p>\u00a0<\/p><h3><span style=\"color: #000000;\"><strong>Tipy a rady na mal\u00fd balk\u00f3n:<\/strong><\/span><\/h3><ul><li><strong><span style=\"color: #000000;\">Neprepch\u00e1vajte ho zbyto\u010dn\u00fdmi vecami a namiesto obrovsk\u00fdch a \u0165a\u017ek\u00fdch n\u00e1bytkov\u00fdch kusov zvo\u013ete \u013eah\u0161ie a skladate\u013en\u00e9. Tieto m\u00f4\u017eete nielen oprie\u0165, ale aj zavesi\u0165 na stenu.<\/span><\/strong><\/li><li>N\u00e1bytok i text\u00edlie, ktor\u00e9 umiestnite na balk\u00f3n musia by\u0165 odoln\u00e9 vo\u010di poveternostn\u00fdm vplyvom, aby ste ich nemuseli pri ka\u017edej letnej b\u00farke skr\u00fdva\u0165 do bytu. Alebo si zaobstarajte nepremokav\u00e9 kryty a plachty na n\u00e1bytok, ktor\u00fdmi ho ve\u010der prikryjete. Ochr\u00e1nite ho tak pred po\u0161koden\u00edm a\u00a0da\u017e\u010fom. Najvhodnej\u0161\u00edmi outdoorov\u00fdmi materi\u00e1lmi s\u00fa drevo a kov. Plast a rotang s\u00fa zasa materi\u00e1ly sympatick\u00e9 svojou cenou.<\/li><li><strong><span style=\"color: #000000;\">Ochranu pred slnkom v\u00e1m zabezpe\u010d\u00ed slne\u010dn\u00edk alebo mark\u00edza (tie neprep\u00fa\u0161\u0165aj\u00fa ani d\u00e1\u017e\u010f). Najlpraktickej\u0161ie slne\u010dn\u00edky s\u00fa tie, ktor\u00fdch stojan sa d\u00e1 ohn\u00fa\u0165 a t\u00fdm prisp\u00f4sobova\u0165 tienenie uhlu dopadu slne\u010dn\u00fdch l\u00fa\u010dov. Nezabudnite ho ale ochr\u00e1ni\u0165 pred siln\u00fdm vetrom.<\/span><\/strong><\/li><li>Pred susedmi v\u00e1s ochr\u00e1nia balk\u00f3nov\u00e9 z\u00e1steny, v\u00fdplne a\u00a0tieniace siete, ktor\u00e9 natiahnete pozd\u00cd\u017e z\u00e1bradlia. Na v\u00fdber m\u00e1te plastov\u00e9, sie\u0165ovan\u00e9, pr\u00faten\u00e9, bambusov\u00e9 alebo dreven\u00e9...<\/li><li><strong><span style=\"color: #000000;\">Na posedenia po\u010das letn\u00fdch ve\u010derov si pripravte svie\u010dky, sveteln\u00e9 re\u0165aze, laterny, girlandy, pr\u00edpadne mal\u00e9 lamp\u00e1\u0161iky.<\/span><\/strong><\/li><li>Nie je ni\u010d kraj\u0161ie, ako balk\u00f3n pln\u00fd zakvitnut\u00fdch kvetov. Zvo\u013ete si vhodn\u00fd druh rastl\u00edn, pod\u013ea orient\u00e1cie v\u00e1\u0161ho balk\u00f3na. Na tienist\u00fd severn\u00fd balk\u00f3n s\u00fa vhodn\u00e9 napr\u00edklad beg\u00f3nie, fuchsie, bre\u010dtan a na ju\u017ene orientovanom balk\u00f3ne sa dobre dar\u00ed napr\u00edklad pelarg\u00f3ni\u00e1m, pet\u00fani\u00e1m, slne\u010dnici, chryzant\u00e9mam, oleandru.<\/li><li><strong><span style=\"color: #000000;\">V\u00fdborn\u00fdm rie\u0161en\u00edm pre mal\u00fd balk\u00f3n je poschodov\u00fd kvetin\u00e1\u010d z\u00a0europaliet alebo stojan z debni\u010diek, v ktorom m\u00f4\u017eete pestova\u0165 tak kvety ako aj bylinky.<\/span><\/strong><\/li><\/ul><p>\u00a0<\/p><p>\u00a0<\/p><p style=\"text-align: center;\"><strong><span style=\"color: #000000;\">Foto:<\/span><\/strong> Lucididit<\/p>","_et_gb_content_width":""},"categories":[61],"tags":[],"yst_prominent_words":[],"_links":{"self":[{"href":"https:\/\/lucididit.com\/de\/wp-json\/wp\/v2\/posts\/10120"}],"collection":[{"href":"https:\/\/lucididit.com\/de\/wp-json\/wp\/v2\/posts"}],"about":[{"href":"https:\/\/lucididit.com\/de\/wp-json\/wp\/v2\/types\/post"}],"author":[{"embeddable":true,"href":"https:\/\/lucididit.com\/de\/wp-json\/wp\/v2\/users\/1"}],"replies":[{"embeddable":true,"href":"https:\/\/lucididit.com\/de\/wp-json\/wp\/v2\/comments?post=10120"}],"version-history":[{"count":0,"href":"https:\/\/lucididit.com\/de\/wp-json\/wp\/v2\/posts\/10120\/revisions"}],"wp:featuredmedia":[{"embeddable":true,"href":"https:\/\/lucididit.com\/de\/wp-json\/wp\/v2\/media\/10036"}],"wp:attachment":[{"href":"https:\/\/lucididit.com\/de\/wp-json\/wp\/v2\/media?parent=10120"}],"wp:term":[{"taxonomy":"category","embeddable":true,"href":"https:\/\/lucididit.com\/de\/wp-json\/wp\/v2\/categories?post=10120"},{"taxonomy":"post_tag","embeddable":true,"href":"https:\/\/lucididit.com\/de\/wp-json\/wp\/v2\/tags?post=10120"},{"taxonomy":"yst_prominent_words","embeddable":true,"href":"https:\/\/lucididit.com\/de\/wp-json\/wp\/v2\/yst_prominent_words?post=10120"}],"curies":[{"name":"wp","href":"https:\/\/api.w.org\/{rel}","templated":true}]}}