{"id":12456,"date":"2020-04-01T12:18:24","date_gmt":"2020-04-01T10:18:24","guid":{"rendered":"https:\/\/lucididit.com\/?p=12456"},"modified":"2020-06-10T11:45:47","modified_gmt":"2020-06-10T09:45:47","slug":"kreatives-upcycling-blechdosen-3-mal-anders","status":"publish","type":"post","link":"https:\/\/lucididit.com\/de\/kreatives-upcycling-blechdosen-3-mal-anders\/","title":{"rendered":"Kreatives Upcycling: Blechdosen 3-Mal anders"},"content":{"rendered":"<p>[et_pb_section fb_built=&#8221;1&#8243; admin_label=&#8221;section&#8221; _builder_version=&#8221;3.22&#8243; custom_padding=&#8221;0px||0px|||&#8221;][et_pb_row admin_label=&#8221;row&#8221; _builder_version=&#8221;3.25&#8243; background_size=&#8221;initial&#8221; background_position=&#8221;top_left&#8221; background_repeat=&#8221;repeat&#8221;][et_pb_column type=&#8221;4_4&#8243; _builder_version=&#8221;3.25&#8243; custom_padding=&#8221;|||&#8221; custom_padding__hover=&#8221;|||&#8221;][et_pb_text admin_label=&#8221;Text&#8221; _builder_version=&#8221;4.4.2&#8243; text_font_size=&#8221;14px&#8221; text_line_height=&#8221;1.9em&#8221; background_size=&#8221;initial&#8221; background_position=&#8221;top_left&#8221; background_repeat=&#8221;repeat&#8221; text_orientation=&#8221;justified&#8221; hover_enabled=&#8221;0&#8243;]<\/p>\n<p><strong><span style=\"color: #000000;\">Ihr kennt das, ihr kocht eine Bolognese-Sauce, \u00f6ffnet die Tomaten-Dose, leert den Inhalt und werft die Blechdose weg. STOPP! Ich schlage vor, wir drehen den Film um und heben uns die Dose einfach auf. Wof\u00fcr? Na schaut mal, vielleicht \u00e4ndert ihr eure Meinung!<\/span><\/strong><\/p>\n<p>&nbsp;<\/p>\n<p><img loading=\"lazy\" class=\"aligncenter wp-image-12442 size-large\" src=\"https:\/\/lucididit.com\/wp-content\/uploads\/2020\/03\/inCollage_20200331_164850080-1024x1024.jpg\" alt=\"\" width=\"1024\" height=\"1024\" srcset=\"https:\/\/lucididit.com\/wp-content\/uploads\/2020\/03\/inCollage_20200331_164850080-980x980.jpg 980w, https:\/\/lucididit.com\/wp-content\/uploads\/2020\/03\/inCollage_20200331_164850080-480x480.jpg 480w\" sizes=\"(min-width: 0px) and (max-width: 480px) 480px, (min-width: 481px) and (max-width: 980px) 980px, (min-width: 981px) 1024px, 100vw\" \/><\/p>\n<p>&nbsp;<\/p>\n<h2>\u00a0<\/h2>\n<h3><span style=\"color: #000000;\"><strong>Industrieller Bumentopf aus einer Bleichdose<\/strong><\/span><\/h3>\n<p>&nbsp;<\/p>\n<blockquote>\n<p style=\"text-align: center;\"><span style=\"text-decoration: underline;\"><span style=\"color: #000000;\"><strong>Wir brauchen:<\/strong><\/span><\/span><\/p>\n<p style=\"text-align: center;\"><span style=\"color: #000000; font-size: small;\"><strong>eine Blechdose<\/strong><\/span><\/p>\n<p style=\"text-align: center;\"><b style=\"color: #000000; font-size: small;\">eine <\/b><span style=\"color: #000000; font-size: small;\"><b>Acrylfarbe<\/b><\/span><b style=\"color: #000000; font-size: small;\"> eurer Wahl<\/b><\/p>\n<p style=\"text-align: center;\"><span style=\"color: #000000; font-size: small;\"><strong>ein Pr\u00e4gerger\u00e4t<\/strong><\/span><\/p>\n<\/blockquote>\n<p>&nbsp;<\/p>\n<p><img loading=\"lazy\" class=\"aligncenter wp-image-12439 size-large\" src=\"https:\/\/lucididit.com\/wp-content\/uploads\/2020\/03\/IMG_20200329_104328-04-scaled-e1585666675783-1011x1024.jpeg\" alt=\"\" width=\"1011\" height=\"1024\" srcset=\"https:\/\/lucididit.com\/wp-content\/uploads\/2020\/03\/IMG_20200329_104328-04-scaled-e1585666675783-980x551.jpeg 980w, https:\/\/lucididit.com\/wp-content\/uploads\/2020\/03\/IMG_20200329_104328-04-scaled-e1585666675783-480x270.jpeg 480w\" sizes=\"(min-width: 0px) and (max-width: 480px) 480px, (min-width: 481px) and (max-width: 980px) 980px, (min-width: 981px) 1011px, 100vw\" \/><\/p>\n<p>&nbsp;<\/p>\n<p>Als erstes waschen wir die Blechdose und bemalen die bereits trockene Oberfl\u00e4che mit einer Acrylfarbe &#8211; ungef\u00e4hr 2 bis 3 Schichten (ich habe graue Acrylfarbe in Steinoptik gew\u00e4hlt), lassen diese ebenfalls trocknen und kleben schlie\u00dflich eine Etikette auf die Oberfl\u00e4che drauf. Daf\u00fcr eignet sich am besten sog. Pr\u00e4gerger\u00e4t (ein kleines handliches Ger\u00e4t, das man in jedem B\u00fcrogesch\u00e4ft kaufen kann &#8211; kostet ca. 10 Euro). Und das war\u00b4s auch schon! Einfach aber wirksam, was sagt ihr?<\/p>\n<p>&nbsp;<\/p>\n<p><img loading=\"lazy\" class=\"aligncenter wp-image-12443 size-large\" src=\"https:\/\/lucididit.com\/wp-content\/uploads\/2020\/03\/0_PG972813-EBF49D38-1669-4D2B-95FE-165E0585A6AC-876x1024.png\" alt=\"\" width=\"876\" height=\"1024\" \/><\/p>\n<p>&nbsp;<\/p>\n<p>&nbsp;<\/p>\n<p>&nbsp;<\/p>\n<h3><strong><span style=\"color: #000000;\">Haler f\u00fcr K\u00fcchenbesteck oder B\u00fcromaterial<\/span><\/strong><\/h3>\n<p>&nbsp;<\/p>\n<blockquote>\n<p style=\"text-align: center;\"><span style=\"text-decoration: underline;\"><strong><span style=\"color: #000000; text-decoration: underline;\">Wir brauchen:<\/span><\/strong><\/span><\/p>\n<p style=\"text-align: center;\"><span style=\"font-size: small;\"><strong><span style=\"color: #000000;\">eine Tafelfarbe<\/span><\/strong><\/span><\/p>\n<p style=\"text-align: center;\"><span style=\"font-size: small;\"><strong><span style=\"color: #000000;\">schwarze Aufkleber\/ Etiketten<\/span><\/strong><\/span><\/p>\n<p style=\"text-align: center;\"><span style=\"color: #000000; font-size: small;\"><b>wei\u00dfen Stift<\/b><\/span><\/p>\n<\/blockquote>\n<p><img loading=\"lazy\" class=\"aligncenter wp-image-9469 size-large\" src=\"https:\/\/lucididit.com\/wp-content\/uploads\/2019\/03\/IMG_20190428_160214-01_resized_20190428_070234860-1024x768.jpeg\" alt=\"\" width=\"1024\" height=\"768\" srcset=\"https:\/\/lucididit.com\/wp-content\/uploads\/2019\/03\/IMG_20190428_160214-01_resized_20190428_070234860-1024x768.jpeg 1024w, https:\/\/lucididit.com\/wp-content\/uploads\/2019\/03\/IMG_20190428_160214-01_resized_20190428_070234860-300x225.jpeg 300w, https:\/\/lucididit.com\/wp-content\/uploads\/2019\/03\/IMG_20190428_160214-01_resized_20190428_070234860-768x576.jpeg 768w, https:\/\/lucididit.com\/wp-content\/uploads\/2019\/03\/IMG_20190428_160214-01_resized_20190428_070234860-510x382.jpeg 510w, https:\/\/lucididit.com\/wp-content\/uploads\/2019\/03\/IMG_20190428_160214-01_resized_20190428_070234860-1080x810.jpeg 1080w\" sizes=\"(max-width: 1024px) 100vw, 1024px\" \/><\/p>\n<p>&nbsp;<\/p>\n<p>Die Dose streichen wir mit der schwarzen Tafelfarbe (genauso wie im ersten Beispiel), kleben einen schwarzen Aufkleber auf die Oberfl\u00e4chedrauf, schreiben\u00a0 einen kurzen Infotext mit einem wei\u00dfen Stift und der K\u00fcchenwerkzeugst\u00e4nder oder Halter f\u00fcr Stifte im B\u00fcro ist fertig.<\/p>\n<p>&nbsp;<\/p>\n<p><img loading=\"lazy\" class=\"aligncenter wp-image-9512 size-large\" src=\"https:\/\/lucididit.com\/wp-content\/uploads\/2019\/03\/IMG_20190428_155414-01_resized_20190428_070243046-1-1024x768.jpeg\" alt=\"\" width=\"1024\" height=\"768\" srcset=\"https:\/\/lucididit.com\/wp-content\/uploads\/2019\/03\/IMG_20190428_155414-01_resized_20190428_070243046-1-1024x768.jpeg 1024w, https:\/\/lucididit.com\/wp-content\/uploads\/2019\/03\/IMG_20190428_155414-01_resized_20190428_070243046-1-300x225.jpeg 300w, https:\/\/lucididit.com\/wp-content\/uploads\/2019\/03\/IMG_20190428_155414-01_resized_20190428_070243046-1-768x576.jpeg 768w, https:\/\/lucididit.com\/wp-content\/uploads\/2019\/03\/IMG_20190428_155414-01_resized_20190428_070243046-1-510x382.jpeg 510w, https:\/\/lucididit.com\/wp-content\/uploads\/2019\/03\/IMG_20190428_155414-01_resized_20190428_070243046-1-1080x810.jpeg 1080w\" sizes=\"(max-width: 1024px) 100vw, 1024px\" \/><\/p>\n<p>&nbsp;<\/p>\n<p>&nbsp;<\/p>\n<h3><strong><span style=\"color: #000000;\">Utensilienhalter<\/span><\/strong><\/h3>\n<p>&nbsp;<\/p>\n<blockquote>\n<p style=\"text-align: center;\"><span style=\"text-decoration: underline;\"><strong><span style=\"color: #000000; text-decoration: underline;\">Wir brauchen:<\/span><\/strong><\/span><\/p>\n<p style=\"text-align: center;\"><span style=\"font-size: small;\"><strong><span style=\"color: #000000;\">eine Tafelfarbe<\/span><\/strong><\/span><\/p>\n<p style=\"text-align: center;\"><span style=\"color: #000000; font-size: small;\"><b>Washi &#8211; Klebstreifen<\/b><\/span><\/p>\n<p style=\"text-align: center;\"><span style=\"font-size: small;\"><strong><span style=\"color: #000000;\">einen Garn<\/span><\/strong><\/span><\/p>\n<\/blockquote>\n<p>&nbsp;<\/p>\n<p><img loading=\"lazy\" class=\"aligncenter wp-image-9459 size-large\" src=\"https:\/\/lucididit.com\/wp-content\/uploads\/2019\/03\/IMG_20190428_153952-01_resized_20190428_070300266-1024x796.jpeg\" alt=\"\" width=\"1024\" height=\"796\" srcset=\"https:\/\/lucididit.com\/wp-content\/uploads\/2019\/03\/IMG_20190428_153952-01_resized_20190428_070300266-1024x796.jpeg 1024w, https:\/\/lucididit.com\/wp-content\/uploads\/2019\/03\/IMG_20190428_153952-01_resized_20190428_070300266-300x233.jpeg 300w, https:\/\/lucididit.com\/wp-content\/uploads\/2019\/03\/IMG_20190428_153952-01_resized_20190428_070300266-768x597.jpeg 768w, https:\/\/lucididit.com\/wp-content\/uploads\/2019\/03\/IMG_20190428_153952-01_resized_20190428_070300266-1080x839.jpeg 1080w\" sizes=\"(max-width: 1024px) 100vw, 1024px\" \/><\/p>\n<p>&nbsp;<\/p>\n<p>Die dritte Idee ist ein solcher Gartenscherenst\u00e4nder, der wie im vorherigen Fall mit einer Tafelfarbe gestrichen wird, an den Seiten macht man kleine Bohrl\u00f6cher, durch die eine Schnur eingef\u00e4delt wird. Dann nur noch einen dekorativen Washiband drauf und 1-2-3 ist auch enser drittes DIY Dosenprojekt fertig!<\/p>\n<p>&nbsp;<\/p>\n<p><img loading=\"lazy\" class=\"alignnone wp-image-9471 size-large\" src=\"https:\/\/lucididit.com\/wp-content\/uploads\/2019\/03\/IMG_20190428_160442-01_resized_20190428_070231917-1024x768.jpeg\" alt=\"\" width=\"1024\" height=\"768\" srcset=\"https:\/\/lucididit.com\/wp-content\/uploads\/2019\/03\/IMG_20190428_160442-01_resized_20190428_070231917-1024x768.jpeg 1024w, https:\/\/lucididit.com\/wp-content\/uploads\/2019\/03\/IMG_20190428_160442-01_resized_20190428_070231917-300x225.jpeg 300w, https:\/\/lucididit.com\/wp-content\/uploads\/2019\/03\/IMG_20190428_160442-01_resized_20190428_070231917-768x576.jpeg 768w, https:\/\/lucididit.com\/wp-content\/uploads\/2019\/03\/IMG_20190428_160442-01_resized_20190428_070231917-510x382.jpeg 510w, https:\/\/lucididit.com\/wp-content\/uploads\/2019\/03\/IMG_20190428_160442-01_resized_20190428_070231917-1080x810.jpeg 1080w\" sizes=\"(max-width: 1024px) 100vw, 1024px\" \/><\/p>\n<p>&nbsp;<\/p>\n<p>&nbsp;<\/p>\n<p style=\"text-align: center;\"><strong>Foto:<\/strong> Lucididit<\/p>\n<p>[\/et_pb_text][et_pb_divider _builder_version=&#8221;4.3.2&#8243;][\/et_pb_divider][et_pb_post_nav in_same_term=&#8221;on&#8221; _builder_version=&#8221;3.26.6&#8243; title_font=&#8221;Abhaya Libre|700|||||||&#8221; title_text_color=&#8221;#e0463e&#8221; title_font_size=&#8221;19px&#8221; title_line_height=&#8221;1.8em&#8221; z_index_tablet=&#8221;500&#8243; title_text_shadow_horizontal_length_tablet=&#8221;0px&#8221; title_text_shadow_vertical_length_tablet=&#8221;0px&#8221; title_text_shadow_blur_strength_tablet=&#8221;1px&#8221; box_shadow_horizontal_tablet=&#8221;0px&#8221; box_shadow_vertical_tablet=&#8221;0px&#8221; box_shadow_blur_tablet=&#8221;40px&#8221; box_shadow_spread_tablet=&#8221;0px&#8221; saved_tabs=&#8221;all&#8221;][\/et_pb_post_nav][\/et_pb_column][\/et_pb_row][\/et_pb_section]<\/p>\n","protected":false},"excerpt":{"rendered":"<p>Ihr kennt das, ihr kocht eine Bolognese-Sauce, \u00f6ffnet die Tomaten-Dose, leert den Inhalt und werft die Blechdose weg. STOPP! Ich schlage vor, wir drehen den Film um und heben uns die Dose einfach auf. Wof\u00fcr? Na schaut mal, vielleicht \u00e4ndert ihr eure Meinung! &nbsp; &nbsp; \u00a0 Industrieller Bumentopf aus einer Bleichdose &nbsp; Wir brauchen: eine [&hellip;]<\/p>\n","protected":false},"author":1,"featured_media":13245,"comment_status":"open","ping_status":"closed","sticky":false,"template":"","format":"standard","meta":{"_et_pb_use_builder":"on","_et_pb_old_content":"<strong><span style=\"color: #000000;\">Pozn\u00e1te to, idete vari\u0165 bolo\u0148sk\u00fa om\u00e1\u010dku, otvor\u00edte plechovku s raj\u010dinami, obsah vypr\u00e1zdnite, plechovku zahod\u00edte. <\/span><\/strong><strong><span style=\"color: #000000;\">STOP! <\/span><\/strong><strong><span style=\"color: #000000;\">Navrhujem preto\u010di\u0165 film a po vypr\u00e1zdnen\u00ed plechovku opl\u00e1chnu\u0165 a odlo\u017ei\u0165. \u017de na\u010do? Tak sa d\u00edvaj!<\/span><\/strong>\r\n\r\n\u00a0\r\n\r\n<hr \/>\r\n\r\n<h2><\/h2>\r\n<h2><span style=\"color: #000000;\"><strong>Plechovkov\u00fd kvetin\u00e1\u010d<\/strong><\/span><\/h2>\r\n\u00a0\r\n<blockquote>\r\n<p style=\"text-align: center;\"><span style=\"color: #000000;\"><strong>Potrebujeme:<\/strong><\/span><\/p>\r\n<p style=\"text-align: center;\"><span style=\"color: #000000;\"><strong>pechovku<\/strong><\/span><\/p>\r\n<p style=\"text-align: center;\"><span style=\"color: #000000;\"><strong>akrylov\u00fa farbu<\/strong><\/span><\/p>\r\n<p style=\"text-align: center;\"><span style=\"color: #000000;\"><strong>\u0161t\u00edtkova\u010d<\/strong><\/span><\/p>\r\n<\/blockquote>\r\n<img class=\"aligncenter wp-image-12439 size-full\" src=\"https:\/\/lucididit.com\/wp-content\/uploads\/2020\/03\/IMG_20200329_104328-04-scaled-e1585666675783.jpeg\" alt=\"\" width=\"1920\" height=\"1945\" \/>\r\n\r\n\u00a0\r\n\r\nPlechovku natrieme akrylovou farbou - pribli\u017ene 2 a\u017e 3 vrstvy (ja som si zvolila akryov\u00fa farbu \u0161edej farby) nech\u00e1me zaschn\u00fa\u0165 a na z\u00e1ver nalep\u00edme n\u00e1lepku, ktor\u00fa sme si zhotovili v \u0161t\u00edtkova\u010di (\u0161t\u00edtkova\u010d je mal\u00fd ru\u010dn\u00fd pr\u00edstroj, ktor\u00fd k\u00fapite v akomko\u013evek obchode s kancel\u00e1rskym pr\u00edslu\u0161enstvom).\r\n\r\n\u00a0\r\n\r\n<img class=\"aligncenter wp-image-12443 size-full\" src=\"https:\/\/lucididit.com\/wp-content\/uploads\/2020\/03\/0_PG972813-EBF49D38-1669-4D2B-95FE-165E0585A6AC.png\" alt=\"\" width=\"1879\" height=\"2196\" \/>\r\n\r\n\u00a0\r\n\r\n\u00a0\r\n\r\n\u00a0\r\n\r\n\u00a0\r\n<h2><strong><span style=\"color: #000000;\">Dr\u017eiak na per\u00e1 alebo pr\u00edbor<\/span><\/strong><\/h2>\r\n\u00a0\r\n<blockquote>\r\n<p style=\"text-align: center;\"><strong><span style=\"color: #000000;\">Potrebujeme:<\/span><\/strong><\/p>\r\n<p style=\"text-align: center;\"><strong><span style=\"color: #000000;\">tabu\u013eov\u00e1 farba<\/span><\/strong><\/p>\r\n<p style=\"text-align: center;\"><strong><span style=\"color: #000000;\">\u010dierna n\u00e1lepka<\/span><\/strong><\/p>\r\n<p style=\"text-align: center;\"><strong><span style=\"color: #000000;\">biele pero<\/span><\/strong><\/p>\r\n<\/blockquote>\r\n\u00a0\r\n\r\n<img class=\"aligncenter wp-image-9469 size-full\" src=\"https:\/\/lucididit.com\/wp-content\/uploads\/2019\/03\/IMG_20190428_160214-01_resized_20190428_070234860.jpeg\" alt=\"\" width=\"2736\" height=\"2052\" \/>\r\n\r\n\u00a0\r\n\r\nAlebo ich natrite kriedovou farbou a pou\u017eite ako stojan na kuchynsk\u00e9 n\u00e1radie alebo \u00falo\u017en\u00fd priestor na per\u00e1 a p\u00edsacie pom\u00f4cky v pracovni.\r\n\r\n\u00a0\r\n\r\n<img class=\"aligncenter wp-image-9512 size-full\" src=\"https:\/\/lucididit.com\/wp-content\/uploads\/2019\/03\/IMG_20190428_155414-01_resized_20190428_070243046-1.jpeg\" alt=\"\" width=\"3840\" height=\"2880\" \/>\r\n<h2><\/h2>\r\n<h2><\/h2>\r\n<h2><strong><span style=\"color: #000000;\">Stojan na n\u00e1radie<\/span><\/strong><\/h2>\r\n\u00a0\r\n<blockquote>\r\n<p style=\"text-align: center;\"><strong><span style=\"color: #000000;\">Potrebujeme:<\/span><\/strong><\/p>\r\n<p style=\"text-align: center;\"><strong><span style=\"color: #000000;\">tabu\u013eov\u00e1 farba<\/span><\/strong><\/p>\r\n<p style=\"text-align: center;\"><strong><span style=\"color: #000000;\">washi p\u00e1ska<\/span><\/strong><\/p>\r\n<p style=\"text-align: center;\"><strong><span style=\"color: #000000;\">\u0161pag\u00e1t<\/span><\/strong><\/p>\r\n<\/blockquote>\r\n\u00a0\r\n\r\n<img class=\"aligncenter wp-image-9459 size-full\" src=\"https:\/\/lucididit.com\/wp-content\/uploads\/2019\/03\/IMG_20190428_153952-01_resized_20190428_070300266.jpeg\" alt=\"\" width=\"2627\" height=\"2042\" \/>\r\n\r\n\u00a0\r\n\r\nTret\u00edm z n\u00e1padov je tak\u00fdto stojan na z\u00e1hradn\u00e9 no\u017enice, ktor\u00fd som podobne ako v predo\u0161lom pr\u00edpade natrela tabu\u013eovou farbou, po bokoch nav\u0155tala mal\u00e9 dierky, cez ktor\u00e9 som prevliekla \u0161pag\u00e1t a predn\u00fa \u010das\u0165 oblepila washi p\u00e1skou.\r\n\r\n\u00a0\r\n\r\n<img class=\"alignnone wp-image-9471 size-full\" src=\"https:\/\/lucididit.com\/wp-content\/uploads\/2019\/03\/IMG_20190428_160442-01_resized_20190428_070231917.jpeg\" alt=\"\" width=\"2736\" height=\"2052\" \/>\r\n\r\n\u00a0\r\n\r\n\u00a0\r\n<p style=\"text-align: center;\"><strong>Foto:<\/strong> Lucididit<\/p>","_et_gb_content_width":""},"categories":[35],"tags":[],"yst_prominent_words":[],"_links":{"self":[{"href":"https:\/\/lucididit.com\/de\/wp-json\/wp\/v2\/posts\/12456"}],"collection":[{"href":"https:\/\/lucididit.com\/de\/wp-json\/wp\/v2\/posts"}],"about":[{"href":"https:\/\/lucididit.com\/de\/wp-json\/wp\/v2\/types\/post"}],"author":[{"embeddable":true,"href":"https:\/\/lucididit.com\/de\/wp-json\/wp\/v2\/users\/1"}],"replies":[{"embeddable":true,"href":"https:\/\/lucididit.com\/de\/wp-json\/wp\/v2\/comments?post=12456"}],"version-history":[{"count":0,"href":"https:\/\/lucididit.com\/de\/wp-json\/wp\/v2\/posts\/12456\/revisions"}],"wp:featuredmedia":[{"embeddable":true,"href":"https:\/\/lucididit.com\/de\/wp-json\/wp\/v2\/media\/13245"}],"wp:attachment":[{"href":"https:\/\/lucididit.com\/de\/wp-json\/wp\/v2\/media?parent=12456"}],"wp:term":[{"taxonomy":"category","embeddable":true,"href":"https:\/\/lucididit.com\/de\/wp-json\/wp\/v2\/categories?post=12456"},{"taxonomy":"post_tag","embeddable":true,"href":"https:\/\/lucididit.com\/de\/wp-json\/wp\/v2\/tags?post=12456"},{"taxonomy":"yst_prominent_words","embeddable":true,"href":"https:\/\/lucididit.com\/de\/wp-json\/wp\/v2\/yst_prominent_words?post=12456"}],"curies":[{"name":"wp","href":"https:\/\/api.w.org\/{rel}","templated":true}]}}