{"id":12471,"date":"2020-04-15T08:11:19","date_gmt":"2020-04-15T06:11:19","guid":{"rendered":"https:\/\/lucididit.com\/?p=12471"},"modified":"2020-06-10T09:30:06","modified_gmt":"2020-06-10T07:30:06","slug":"vom-kern-zur-pflanze-so-zuechtet-man-avocado","status":"publish","type":"post","link":"https:\/\/lucididit.com\/de\/vom-kern-zur-pflanze-so-zuechtet-man-avocado\/","title":{"rendered":"Vom Kern zur Pflanze &#8211; So z\u00fcchtet man Avocado!"},"content":{"rendered":"<p>[et_pb_section fb_built=&#8221;1&#8243; _builder_version=&#8221;3.22&#8243; custom_padding=&#8221;3px||0px|||&#8221;][et_pb_row _builder_version=&#8221;3.25&#8243; background_size=&#8221;initial&#8221; background_position=&#8221;top_left&#8221; background_repeat=&#8221;repeat&#8221;][et_pb_column type=&#8221;4_4&#8243; _builder_version=&#8221;3.25&#8243; custom_padding=&#8221;|||&#8221; custom_padding__hover=&#8221;|||&#8221;][et_pb_text _builder_version=&#8221;4.4.2&#8243; text_font_size=&#8221;14px&#8221; text_line_height=&#8221;1.9em&#8221; background_size=&#8221;initial&#8221; background_position=&#8221;top_left&#8221; background_repeat=&#8221;repeat&#8221; text_orientation=&#8221;justified&#8221; hover_enabled=&#8221;0&#8243;]<\/p>\n<div dir=\"auto\"><span style=\"color: #000000;\"><strong>Der Anbau von Avocados war in letzter Zeit sehr beliebt. Ich selbst habe zu Hause schon 4 Avokado-Pflanzen und es geht ihnen gut. Dem war es aber nicht immer so. Bis es mir gelungen ist, die erste Pflanze gro\u00df zu ziehen,\u00a0 hatte ich bereits 8 fehlgeschlagene Versuche hinter mir. Dann habe ich den ultimativen Weg zum Avokado-Traum gefunden. Bis heute bekomme ich Fragen wie: Warum funktioniert es bei mir nicht? Was mache ich denn falsch? Nun, vielleicht war eure Avokado auf der Fensterbank \u00fcber dem Heizk\u00f6rper oder verbrannte in der Sonne. Aber keine Sorge, wir finden es schon heraus! In den n\u00e4chsten Zeilen werden wir alle Fragen beantworten.<\/strong><\/span><\/div>\n<div dir=\"auto\">\u00a0<\/div>\n<div dir=\"auto\">\u00a0<\/div>\n<div dir=\"auto\">\u00a0<\/div>\n<div dir=\"auto\">Es gibt verschiedene M\u00f6glichkeiten, wie man die Avocado aus einem Kern z\u00fcchten kann. Man kann diesen direkt in die Erde legen, in einem Wasserbad oder in einer feuchten Serviette in einer T\u00fcte keimen lassen. Ich habe alle Varianten ausprobiert. Hat es funktioniert? Nein! Die einzige wirksame Alternative werde ich hier beschreiben. Ich sage nicht, dass es euch mit einer oder anderen erw\u00e4hnten Technik nicht gelingen k\u00f6nnte eine Avokadopflanze zu z\u00fcchten. Allerdings hat es bei mir nicht wirklich funktioniert. Ich m\u00f6chte mich nun ausschlie\u00dflich auf die eine Technik konzentrieren, die bei mir sofort gewirkt hat und dann immer wieder auf ein Neues. Und nur weil ich von dieser Methode \u00fcberzeugt bin, teile ich sie gerne auch mit euch.<\/div>\n<div dir=\"auto\">\u00a0<\/div>\n<div dir=\"auto\">\u00a0<\/div>\n<div dir=\"auto\">\u00a0<\/div>\n<div dir=\"auto\">Diesen Tipp habe ich von <a href=\"https:\/\/www.instagram.com\/lenkagiec\/\"><strong><span style=\"color: #f23333;\">lenkagiec<\/span><\/strong><\/a> und <strong><span style=\"color: #f23333;\">marcelkaa <\/span><\/strong>bekommen, die mich gerade in dem Moment gerettet haben, in dem ich mich von meinem Avokado-Projekt endg\u00fcltig verabschieden wollte. Dann habe ich versucht, den empfohlenen Schritten zu folgen und habe die Wunder der Welt beobachtet. Meine erste Avocado ist jetzt ein Dreivierteljahr alt und gute 25 cm gro\u00df!<\/div>\n<p>&nbsp;<\/p>\n<p>&nbsp;<\/p>\n<p>&nbsp;<\/p>\n<h4><strong><span style=\"color: #000000;\">Wie bekomme ich einen Baum aus einem Kern?<\/span><\/strong><\/h4>\n<p>&nbsp;<\/p>\n<div dir=\"auto\">\n<p><span style=\"font-size: xx-large;\">1. <\/span>Entfernt vorsichtig den Avokadokern (der sollte idealerweise nicht besch\u00e4digt werden). Wascht ihn unter dem Wasser um das Fruchtfleisch vom Kern zu l\u00f6sen, weicht ihn in lauwarmes Wasser<span style=\"color: #000000;\"><strong> \u00fcber die Nacht ein.<\/strong><\/span> Durch n\u00e4chtliches Einweichen l\u00e4sst sich die d\u00fcnne braune Haut auf der Oberfl\u00e4che leicht entfernen. Manchmal bricht der Kern in der Mitte, aber das ist definitiv in Ordnung.<\/p>\n<p><span style=\"font-size: xx-large;\">2. <\/span>Am n\u00e4chsten Tag <span style=\"color: #000000;\"><b>nehmt den Kern aus dem Glaus und entfernt die d\u00fcnne braune Hautschicht.<\/b><\/span> Im Internet findet ihr Dutzende von Artikeln, in denen dieser Schritt nicht empfohlen wird, aber ich sage <span style=\"color: #000000;\"><strong>RUNTER DAMIT!<\/strong> <\/span>Erst jetzt kommt der gute alte Zahnstocher-Trick.<\/p>\n<p>&nbsp;<\/p>\n<\/div>\n<p><img loading=\"lazy\" class=\"aligncenter wp-image-12413 size-medium\" src=\"https:\/\/lucididit.com\/wp-content\/uploads\/2020\/03\/IMG_20200328_141834-01-scaled-e1585556897855-300x244.jpeg\" alt=\"\" width=\"300\" height=\"244\" \/><\/p>\n<p>&nbsp;<\/p>\n<div dir=\"auto\">\n<p><span style=\"font-size: xx-large;\">3. <\/span>Bevor wir aber mit dem Trick beginnen, <strong><span style=\"color: #000000;\">lokalisiert den oberen Teil (normalerweise ist er spitz, aber nicht unbedingt) und den unteren Teil des Kerns.<\/span> <\/strong>Das ist kein unbedeutender Schritt. Der Spross w\u00e4chst von oben und der untere Teil des Kerns muss im Wasser eingeweicht werden, daher ist es wichtig, sie voneinander zu unterscheiden.Wenn der Kern kugelf\u00f6rmig ist und ihr nicht genau bestimmen k\u00f6nnt, welcher Teil der obere und welcher der untere ist, orientiert euch an dem winzigen Auge, das sich immer am unteren Teil des Kern befindet.<\/p>\n<p><span style=\"font-size: xx-large;\">4. <\/span>Erst dann <span style=\"color: #000000;\"><strong>nehmt ihr drei\/ vier Zahnstocher und steckt in den unteren Bereich des Avocadokerns.<\/strong><\/span> Dadurch wird der Boden im Wasser und der obere Teil in der Luft sein. F\u00fchrt sie leicht schr\u00e4g nach unten ein, damit der Kern beim Einlegen in das Glas eingeweicht wird.<\/p>\n<p>&nbsp;<\/p>\n<\/div>\n<p><img loading=\"lazy\" class=\"aligncenter wp-image-12411 size-medium\" src=\"https:\/\/lucididit.com\/wp-content\/uploads\/2020\/03\/IMG_20200328_141738-01-300x225.jpeg\" alt=\"\" width=\"300\" height=\"225\" \/><\/p>\n<p>&nbsp;<\/p>\n<div dir=\"auto\">\n<p><span style=\"font-size: xx-large;\">5. <\/span><strong><span style=\"color: #000000;\">Nun den Avocadokern bis zur H\u00e4lfte ins Wasser legen und das Gef\u00e4\u00df an einen sonnigen Ort stellen.<\/span><\/strong> Greift nach einem durchsichtigem Glas. In dem sieht man am besten, wann die Wurzeln zu wachsen beginnen und wann das Wasser gewechselt werden muss.<\/p>\n<p><span style=\"font-size: xx-large;\">6. <\/span>Und jetzt hei\u00dft es abwarten. Innerhalb weniger Tage sollte der Kern in der Mitte platzen um den Keimprozess beginnen zu k\u00f6nnen. Es kann bereits nach<strong><span style=\"color: #000000;\"> 2 \u2013 4 Wochen <\/span><\/strong>eine kleine Wurzel im unteren Teil zu sehen sein, aber bleibt geduldig, denn manchmal k\u00f6nnen es auch <strong><span style=\"color: #000000;\">8 Wochen sein.<\/span><\/strong> Die Avocadowurzeln d\u00fcrfen nicht austrocknen! Der Riss, der sich auf dem Kern bildet, ist v\u00f6llig normal und sicherlich kein Grund um ihn weg zu werfen!<\/p>\n<\/div>\n<div dir=\"auto\">\n<p><span style=\"font-size: xx-large;\">7. <\/span>Da das Wasser im Beh\u00e4lter nach einigen Tagen verdunstet,<span style=\"color: #000000;\"><b> sollte es unbedingt nachgef\u00fcllt, oder noch besser, gewechselt werden.<\/b><\/span> Da sich am Kern nach einigen Wochen eine glitschige Schicht bildet, empfehle ich das Wasser jede Woche \/ alle zwei Wochen zu wechseln und den Kern vorsichtig mit den Fingern abzusp\u00fclen, um den Film zu entfernen. So bleibt das\u00a0 Wasser l\u00e4nger frisch.<\/p>\n<p>&nbsp;<\/p>\n<\/div>\n<p><img loading=\"lazy\" class=\"size-medium wp-image-12409 aligncenter\" src=\"https:\/\/lucididit.com\/wp-content\/uploads\/2020\/03\/IMG_20200328_141717-01-1-300x225.jpeg\" alt=\"\" width=\"300\" height=\"225\" \/><\/p>\n<p>&nbsp;<\/p>\n<div dir=\"auto\">\n<p><span style=\"font-size: xx-large;\">8.<\/span>Sobald eine Wurzel aus der Mitte zu wachsen beginnt, muss der Kern nicht mehr bis zur H\u00e4lfte im Wasser sein. <strong><span style=\"color: #000000;\">Es reicht vollkommen aus, wenn der Boden des Kerns die Wasseroberfl\u00e4che ber\u00fchrt.<\/span> <\/strong>Wichtig ist nur, dass sich die Wurzeln im Wasser befinden. Wenn ihr n\u00e4mlich den Kern zu diesem Zeitpunkt weiterhin im Wasser l\u00e4sst, kann es passieren, dass er verschimmelt und abstirbt.<\/p>\n<p><span style=\"font-size: xx-large;\">9.<\/span>Wenn ein St\u00e4ngel aus dem Kern rausw\u00e4chst, ist die Pflanze praktisch bereit eingetopft zu werden.<\/p>\n<\/div>\n<p>&nbsp;<\/p>\n<p>&nbsp;<\/p>\n<p>&nbsp;<\/p>\n<h4><strong><span style=\"color: #000000;\">Wann und wie werden Avokados gepflanzt?<\/span><\/strong><\/h4>\n<p>&nbsp;<\/p>\n<div dir=\"auto\">\n<p><span style=\"font-size: xx-large;\">10. <\/span>Im Allgemeinen sollte der Kern nicht l\u00e4nger als drei Monate im Wasser bleiben. Ich denke jedoch, dass es ruhig l\u00e4nger sein kann. Es geht mehr darum, wie es ihm geht, als wie lange er schon im Wasser ist. <strong><span style=\"color: #000000;\">Sobald aus dem Avocadokern etwa 15 cm langer Stiel w\u00e4chst, k\u00f6nnte man ihn theoretisch einpflanzen.<\/span><\/strong> Praktisch w\u00fcrde ich jedoch noch abwarten und den St\u00e4ngel auf ca. 8 cm abschneiden. <strong><span style=\"color: #000000;\">Der Schnitt unterst\u00fctzt das Wachstum und erm\u00f6glicht eine systematische Formgebung.<\/span><\/strong><\/p>\n<p>&nbsp;<\/p>\n<p><span style=\"font-size: xx-large;\">11. <\/span>Und wann kann man endlich die Avocado einpflanzen? <strong><span style=\"color: #000000;\">Wenn es wieder die L\u00e4nge von 10-15 cm hat.<\/span><\/strong> Dann legt den Kern in den Boden, sodass seine Oberseite aus dem Boden herausragt, und legt ihn an einen sonnigen Ort. Es ist wichtig, dass die obere H\u00e4lfte \u00fcber dem Boden liegt! F\u00fcr eine Avokado eignet sich gut ein klassisches Substrat f\u00fcr Gr\u00fcnpflanzen.<\/p>\n<p><img loading=\"lazy\" class=\"size-medium wp-image-12415 aligncenter\" src=\"https:\/\/lucididit.com\/wp-content\/uploads\/2020\/03\/inCollage_20191117_152454275-01-300x240.jpeg\" alt=\"\" width=\"300\" height=\"240\" \/><\/p>\n<\/div>\n<p>&nbsp;<\/p>\n<div dir=\"auto\">\n<p><span style=\"font-size: xx-large;\">12. <\/span>Tja&#8230;. und weiterhin <strong><span style=\"color: #000000;\">schneiden, schneiden, schneiden! <\/span><\/strong>Wollt ihr einen dicken Busch, schneidet die Bl\u00e4tter ab &#8211; immer die ersten beiden Bl\u00e4tter oben auf dem Stiel. Dank des regelm\u00e4\u00dfigen Schnitts kann dieser immer gr\u00fcne Baum eine sch\u00f6ne Krone bilden.<\/p>\n<\/div>\n<p>&nbsp;<\/p>\n<p>&nbsp;<\/p>\n<p>&nbsp;<\/p>\n<h4><strong><span style=\"color: #000000;\">Wie soll man Avokado pflegen?<\/span><\/strong><\/h4>\n<p>&nbsp;<\/p>\n<div dir=\"auto\">\n<p>Eine Avocado braucht viel Sonne und viel Wasser. Aber <strong><span style=\"color: #000000;\">kein direktes Sonnenlicht!<\/span> <\/strong>Der beste Ort ist ein Fenster mit einem Vorhang, wo es zwar viel Licht gibt, es aber gestreut wird. Eine Avocado mag viel Feuchtigkeit, deshalb muss sie regelm\u00e4\u00dfig bew\u00e4ssert werden &#8211; ungef\u00e4hr jeden zweiten Tag und man kann definitiv auch vom Spr\u00fchen von Wasser profitieren. Also <strong><span style=\"color: #000000;\">spr\u00fchen, spr\u00fchen, spr\u00fchen!<\/span> <\/strong>Im Fr\u00fchling und im Sommer ist es ratsam <strong><span style=\"color: #000000;\">sie zweimal im Monat mit gr\u00fcnem Pflanzend\u00fcnger zu d\u00fcngen. Verwendet keine chemischen D\u00fcngemittel!<\/span><\/strong>.<\/p>\n<p>&nbsp;<\/p>\n<\/div>\n<p>Nicht auf<strong><span style=\"color: #000000;\"> den regelm\u00e4\u00dfigen Schnitt vergessen!<\/span> <\/strong>Wie ich oben geschrieben habe, wenn man einen dicken Busch haben will, sollte man die Bl\u00e4tter regelm\u00e4\u00dfig schneiden. <strong><span style=\"color: #000000;\">Achtet auf die Raumtemperatur, indirektes Licht und viel Wasser.<\/span> <\/strong>Im Winter m\u00fcssen sie in Innenr\u00e4umen \u00fcberwintern, aber nicht auf Fensterb\u00e4nke gestellt werden w\u00e4hrend dessen geheizt wird.<\/p>\n<p><img loading=\"lazy\" class=\"aligncenter wp-image-12407 size-full\" src=\"https:\/\/lucididit.com\/wp-content\/uploads\/2020\/03\/IMG_20200105_122715-01-1-scaled.jpeg\" alt=\"\" width=\"2560\" height=\"1963\" srcset=\"https:\/\/lucididit.com\/wp-content\/uploads\/2020\/03\/IMG_20200105_122715-01-1-scaled.jpeg 2560w, https:\/\/lucididit.com\/wp-content\/uploads\/2020\/03\/IMG_20200105_122715-01-1-1280x982.jpeg 1280w, https:\/\/lucididit.com\/wp-content\/uploads\/2020\/03\/IMG_20200105_122715-01-1-980x751.jpeg 980w, https:\/\/lucididit.com\/wp-content\/uploads\/2020\/03\/IMG_20200105_122715-01-1-480x368.jpeg 480w\" sizes=\"(min-width: 0px) and (max-width: 480px) 480px, (min-width: 481px) and (max-width: 980px) 980px, (min-width: 981px) and (max-width: 1280px) 1280px, (min-width: 1281px) 2560px, 100vw\" \/><\/p>\n<div dir=\"auto\">\n<p>Es ist notwendig\u00a0 zu \u00fcberpr\u00fcfen, ob die Wurzeln unter dem Topf sichtbar sind, und wenn ja, sie in einen Topf mit einem gr\u00f6\u00dferem Umfang umzutopfen, der einige Zentimeter gr\u00f6\u00dfer als das Original ist. Dies gilt praktisch f\u00fcr alle Pflanzen. Wenn sich die Wurzeln ausdehnen, fordern sie mehr Platz. In den ersten Lebensmonaten wachsen Avocados relativ schnell und m\u00fcssen mit Sicherheit umgetopft werden. Wenn sie \u00e4lter sind, h\u00f6rt das Wachstum auf und der Stiel wird holzig.<\/p>\n<p>&nbsp;<\/p>\n<blockquote>\n<ul>\n<li><span style=\"color: #000000;\"><strong><em>Einmal im Monat empfehle ich, die Wurzeln ins Wasser zu tauchen und nach ein paar Minuten rausnehmen und abtropfen lassen. Wenn gelbe Bl\u00e4tter erscheinen, ist die Avocado \u00fcbergossen. L\u00e4sst sie daher einige Tage ohne Bew\u00e4sserung.<\/em><\/strong><\/span><\/li>\n<\/ul>\n<\/blockquote>\n<\/div>\n<p>&nbsp;<\/p>\n<p>&nbsp;<\/p>\n<div dir=\"auto\">\n<h4><strong><span style=\"color: #000000;\">Wann bekommt man erste Fr\u00fcchte?<\/span><\/strong><\/h4>\n<p>&nbsp;<\/p>\n<p>Bei Avocados ist es schwierig abzusch\u00e4tzen, wann sie die ersten Fr\u00fcchte haben werden. Einige B\u00e4ume haben sie bereits nach 3 bis 4 Jahren. F\u00fcr andere kann es 15 Jahre dauern. Na ja, vielleicht auch nie. Darauf muss man sich vorbereiten! Diese Information mag euch vielleicht entt\u00e4uscht haben, aber <span style=\"color: #000000;\"><strong>die von Hand angebauten Avocado-Fr\u00fcchte werdet ihr wahrscheinlich nie pfl\u00fccken.<\/strong> <\/span>Aber das spielt keine Rolle. Zumindest habt ihr eine sch\u00f6ne Zimmerpflanze mit einer interessanten Geschichte.<\/p>\n<p>&nbsp;<\/p>\n<\/div>\n<p><img loading=\"lazy\" class=\"aligncenter wp-image-12418 size-full\" src=\"https:\/\/lucididit.com\/wp-content\/uploads\/2020\/03\/alina-karpenko-VP1YuuSnmVQ-unsplash-scaled-e1585633918819.jpg\" alt=\"\" width=\"2560\" height=\"1701\" \/><\/p>\n<p>&nbsp;<\/p>\n<p>&nbsp;<\/p>\n<p>&nbsp;<\/p>\n<h4 dir=\"auto\"><strong><span style=\"color: #000000;\">Was mache ich falsch? <\/span><\/strong><strong><span style=\"color: #000000;\">Die h\u00e4ufigsten Fehler&#8230;<\/span><\/strong><\/h4>\n<p>&nbsp;<\/p>\n<div dir=\"auto\">\n<p class=\"normal\">Abgesenkte Bl\u00e4tter oder die gelblichen und br\u00e4unlichen Bl\u00e4tterspitzen sind die h\u00e4ufigsten Probleme beim Anbau dieser Kultur. Aber was ist ihre Ursache?<\/p>\n<p>&nbsp;<\/p>\n<ul>\n<li class=\"normal\"><span style=\"font-size: small;\"><span style=\"text-decoration: underline;\"><span style=\"color: #000000;\"><b>Gelbe h\u00e4ngende Bl\u00e4tter <\/b><\/span><\/span>deuten darauf hin, dass der Pflanze <b><span style=\"color: #000000;\">Feuchtigkeit fehlt<\/span><\/b><span style=\"color: #000000;\">.<\/span> Es kann leicht gel\u00f6st werden, indem man \u00f6fter gie\u00dft und D\u00fcnger hinzuf\u00fcgt, um der Avocado mehr N\u00e4hrstoffe zu geben.<\/span><\/li>\n<li class=\"normal\"><span style=\"font-size: small;\"><b><span style=\"color: #000000;\"><span style=\"text-decoration: underline;\">Gelbe Bl\u00e4tter<\/span>\u00a0<\/span><\/b>bedeuten, dass die Pflanze einen zu feuchten Boden hat. Stellt sicher, dass sich kein Restwasser in der Untertasse unter der Pflanze oder im Topf befindet, der nicht verdunsten konnte.<\/span><\/li>\n<li class=\"normal\"><span style=\"font-size: small;\"><span style=\"color: #000000;\"><strong><span style=\"text-decoration: underline;\">Braune Bl\u00e4tter<\/span> <\/strong><\/span>sind h\u00e4ufig mit direkter Sonneneinstrahlung verbunden. Sie sind sozusagen verbrannt. Aber auch zu viel Bew\u00e4sserung signalisiert die Pflanze mit braunen Bl\u00e4ttern. \u00dcbertreibt es nicht mit Wasser. Es wird empfohlen, die Bl\u00e4tter mit einer Spr\u00fchflasche mit Wasser zu best\u00e4uben.<\/span><\/li>\n<li><span style=\"font-size: small;\"><span style=\"text-decoration: underline;\"><strong><span style=\"color: #000000; text-decoration: underline;\">Bl\u00e4tterfall <\/span><\/strong>&#8211;<\/span> es kann mehrere Gr\u00fcnde geben, warum Pflanzen braun werden und Bl\u00e4tter abfallen. Am h\u00e4ufigsten ist \u00fcberm\u00e4\u00dfiges Gie\u00dfen und Staun\u00e4sse, aber auch D\u00fcrre; Zugluft, pl\u00f6tzliche \u00c4nderung der Umgebung (\u00dcbertragung an einen anderen Ort), schnelle Temperatur\u00e4nderung, eine bakterielle- oder Pilz-\/ Krankheit. Obwohl die Avocado feuchteren Boden ben\u00f6tigt, vertragt sie keine N\u00e4sse, denn dann beginnen die Wurzeln zu faulen, sterben ab und paradoxerweise leidet die Pflanze unter Trockenheit, weil sie nichts hat, um Wasser aufzunehmen. Dann werden die Bl\u00e4tter braun und fallen ab.<\/span><\/li>\n<\/ul>\n<p>&nbsp;<\/p>\n<\/div>\n<p><img loading=\"lazy\" class=\"aligncenter wp-image-12402 size-full\" src=\"https:\/\/lucididit.com\/wp-content\/uploads\/2020\/03\/charles-deluvio-Cxj3IfG6mu4-unsplash.jpg\" alt=\"\" width=\"2560\" height=\"1707\" \/><\/p>\n<hr \/>\n<h3>\u00a0<\/h3>\n<p>&nbsp;<\/p>\n<h3 style=\"text-align: center;\"><strong><span style=\"color: #000000;\">Alles, was man \u00fcber Avokado wissen sollte<\/span><\/strong><\/h3>\n<p>&nbsp;<\/p>\n<h4><strong><span style=\"color: #000000;\">Warum sollte man Avokado essen?<\/span><\/strong><\/h4>\n<p>&nbsp;<\/p>\n<p>Diese einzigartige Frucht ist nicht nur lecker, sondern auch gesund und tr\u00e4gt dazu bei, eine schlanke Linie zu erhalten. Es hat jedoch auch andere Vorteile, nach denen wir greifen sollten:<\/p>\n<blockquote>\n<ul>\n<li><span style=\"font-size: small;\"><strong><span style=\"color: #000000;\">1. I<\/span><\/strong><\/span><strong style=\"font-size: small;\"><span style=\"color: #000000;\">st voll von N\u00e4hrstoffen und Vitaminen (enth\u00e4lt bis zu 20 verschiedene Vitamine und N\u00e4hrstoffe):<br \/>Vitamin K: 26% der Tagesdosis Fols\u00e4ure: 20% der Tagesdosis Vitamin C: 17% der Tagesdosis Kalium: 14% der Tagesdosis Vitamin B5: 14% der Tagesdosis Vitamin B6: 13% der Tagesdosis Vitamin E: 10% der Tagesdosis<\/span><\/strong><\/li>\n<li><strong style=\"font-size: small;\"><span style=\"color: #000000;\">Enth\u00e4lt auch geringe Mengen an Magnesium, Mangan, Kupfer, Eisen, Zink, Phosphor, Thiamin (B1), Riboflavin (B2) und Niacin (B3)<\/span><\/strong><\/li>\n<li><span style=\"font-size: small;\"><strong><span style=\"color: #000000;\">2. Enth\u00e4lt mehr Kalium als Bananen<\/span><\/strong><\/span><\/li>\n<li><span style=\"font-size: small;\"><strong><span style=\"color: #000000;\">3. Enth\u00e4lt unges\u00e4ttigte Fetts\u00e4uren<\/span><\/strong><\/span><\/li>\n<li><span style=\"font-size: small;\"><strong><span style=\"color: #000000;\">4. Reduziert Cholesterin- und Triglyceridspiegel.<\/span><\/strong><\/span><\/li>\n<li><span style=\"font-size: small;\"><strong><span style=\"color: #000000;\">5. Enth\u00e4lt Antioxidantien, welche die Augen sch\u00fctzen<\/span><\/strong><\/span><\/li>\n<li><span style=\"font-size: small;\"><strong><span style=\"color: #000000;\">6. Kann helfen, die Symptome von Arthritis zu lindern<\/span><\/strong><\/span><\/li>\n<li><span style=\"font-size: small;\"><strong><span style=\"color: #000000;\">7. Hilft bei der Aufrechterhaltung einer schlanken Linie<\/span><\/strong><\/span><\/li>\n<li><span style=\"font-size: small;\"><strong><span style=\"color: #000000;\">8. Ist ausgezeichnet und leicht mit anderen Di\u00e4ten zu kombinieren<\/span><\/strong><\/span><\/li>\n<\/ul>\n<\/blockquote>\n<p><img loading=\"lazy\" class=\"aligncenter wp-image-12399 size-full\" src=\"https:\/\/lucididit.com\/wp-content\/uploads\/2020\/03\/caroline-attwood-g6wTfSM2Lvw-unsplash-scaled.jpg\" alt=\"\" width=\"2560\" height=\"1440\" srcset=\"https:\/\/lucididit.com\/wp-content\/uploads\/2020\/03\/caroline-attwood-g6wTfSM2Lvw-unsplash-scaled.jpg 2560w, https:\/\/lucididit.com\/wp-content\/uploads\/2020\/03\/caroline-attwood-g6wTfSM2Lvw-unsplash-1280x720.jpg 1280w, https:\/\/lucididit.com\/wp-content\/uploads\/2020\/03\/caroline-attwood-g6wTfSM2Lvw-unsplash-980x551.jpg 980w, https:\/\/lucididit.com\/wp-content\/uploads\/2020\/03\/caroline-attwood-g6wTfSM2Lvw-unsplash-480x270.jpg 480w\" sizes=\"(min-width: 0px) and (max-width: 480px) 480px, (min-width: 481px) and (max-width: 980px) 980px, (min-width: 981px) and (max-width: 1280px) 1280px, (min-width: 1281px) 2560px, 100vw\" \/><\/p>\n<p>&nbsp;<\/p>\n<p>&nbsp;<\/p>\n<p>&nbsp;<\/p>\n<h4 dir=\"auto\"><strong><span style=\"color: #000000;\">Wie kann der Reifungsprozess beschleunigt \/ verlangsamt werden??<\/span><\/strong><\/h4>\n<p>&nbsp;<\/p>\n<blockquote>\n<ul>\n<li dir=\"auto\"><strong><span style=\"color: #000000;\">\u2063Wenn sie unreif ist &#8211;<\/span><\/strong> reift etwa 3 Tage bei der Raumtemperatur. Man beschleunigt den Vorgang, indem man sie\u00a0 in eine Papiert\u00fcte mit einem Apfel oder einer Banane legt.<\/li>\n<li dir=\"auto\"><span style=\"color: #000000;\"><strong>Wenn sie zu reif ist &#8211;<\/strong><\/span> man kann auch den Reifungsprozess verlangsamen, wenn man die Avocado in die K\u00e4lte legt. Am Boden des K\u00fchlschranks geht es ihr gut, aber die Temperatur darf nicht unter 6 Grad fallen, sonst verdirbt sie.<\/li>\n<\/ul>\n<\/blockquote>\n<p>&nbsp;<\/p>\n<p>&nbsp;<\/p>\n<h4><span style=\"color: #000000;\"><strong>Wie kann die Avocado in der K\u00fcche genutzt werden?<\/strong><\/span><\/h4>\n<p>&nbsp;<\/p>\n<p dir=\"auto\">Aus botanischer Sicht ist die Avokado ein Obst, aber in der K\u00fcche wird sie als Gem\u00fcse verwendet. Ich pers\u00f6nlich verwende Avocado <strong><span style=\"color: #000000;\">\u25aa\ufe0fals Butterersatz oder \u25aa Mayonnaise, \u25aa f\u00fcr Kuchen, \u25aa fette Cremes, \u25aa f\u00fcr Eiscreme und \u25aa Smoothies, \u25aa f\u00fcrs Brot, \u25aa als Beilage&#8230;<\/span><\/strong> Ihre Verwendung kennt keine Grenzen. Vielleicht ist die Avocado deshalb eine der beliebtesten Waren auf unserem Lebensmittelmarkt.<\/p>\n<p dir=\"auto\"><img loading=\"lazy\" class=\"aligncenter wp-image-12397 size-full\" src=\"https:\/\/lucididit.com\/wp-content\/uploads\/2020\/03\/anne-sophie-benoit-0kW_xy98mDo-unsplash-scaled.jpg\" alt=\"\" width=\"2560\" height=\"1707\" srcset=\"https:\/\/lucididit.com\/wp-content\/uploads\/2020\/03\/anne-sophie-benoit-0kW_xy98mDo-unsplash-scaled.jpg 2560w, https:\/\/lucididit.com\/wp-content\/uploads\/2020\/03\/anne-sophie-benoit-0kW_xy98mDo-unsplash-1280x854.jpg 1280w, https:\/\/lucididit.com\/wp-content\/uploads\/2020\/03\/anne-sophie-benoit-0kW_xy98mDo-unsplash-980x653.jpg 980w, https:\/\/lucididit.com\/wp-content\/uploads\/2020\/03\/anne-sophie-benoit-0kW_xy98mDo-unsplash-480x320.jpg 480w\" sizes=\"(min-width: 0px) and (max-width: 480px) 480px, (min-width: 481px) and (max-width: 980px) 980px, (min-width: 981px) and (max-width: 1280px) 1280px, (min-width: 1281px) 2560px, 100vw\" \/><\/p>\n<h4 dir=\"auto\">\u00a0<\/h4>\n<p>&nbsp;<\/p>\n<h4 dir=\"auto\"><strong><span style=\"color: #000000;\">Habt ihr gewusst, dass:<\/span><\/strong><\/h4>\n<p>&nbsp;<\/p>\n<div dir=\"auto\">Aber die Popularit\u00e4t der Avocado hat auch ihre negative Seite! Die Nachfrage nach den Avokados ist so stark gestiegen, dass der Anbau zu einem MEGA-Gesch\u00e4ft geworden ist, das nicht nur die Natur, sondern auch die nat\u00fcrlichen Ressourcen zerst\u00f6rt. In Mexiko (dem weltweit gr\u00f6\u00dften Avocado-Produzenten) wird es sogar als &#8220;gr\u00fcnes Gold&#8221; oder &#8220;blutiger Diamant&#8221; bezeichnet, da in einigen Teilen Avocado-Plantagen Drogenkartelle dominieren. Sie konzentrierten sich auf Avocados, weil die Regierung den illegalen Drogenhandel strenger angeht. Laut The Guardian verdienen sie mit Avocados \u00fcber 150 Millionen Dollar pro Jahr. Unglaublich, nicht wahr?<\/div>\n<div dir=\"auto\">\u00a0<\/div>\n<div dir=\"auto\">\u00a0<\/div>\n<div dir=\"auto\">\u00a0<\/div>\n<div dir=\"auto\">\u00a0<\/div>\n<div dir=\"auto\">\u00a0<\/div>\n<div dir=\"auto\">Wenn ihr bis zum Schlu\u00df geblieben seid, gratuliere, nun k\u00f6nnt ihr euch sicher sein, dass ihr mehr \u00fcber Avocado wisst als die Mehrheit eures Freundeskreis. Mein prim\u00e4res Ziel war es jedoch, mein Geheimnis f\u00fcr den erfolgreichen Anbau einer Avocado-Pflanze aus dem Kern zu teilen. Ich hoffe, das es euch mit dieser Anleitung gelingt. Ihr k\u00f6nnt mich auch gerne wissen lassen, ob es geklappt hat oder einfach eure eigenen Erfahrungen mit mir teilen.<br \/>.<\/div>\n<div dir=\"auto\">\u00a0<\/div>\n<div dir=\"auto\">\u00a0<\/div>\n<p>&nbsp;<\/p>\n<p style=\"text-align: center;\"><strong>Foto: <\/strong>Lucididit, Unsplash<\/p>\n<p>[\/et_pb_text][et_pb_divider _builder_version=&#8221;4.3.2&#8243;][\/et_pb_divider][et_pb_post_nav in_same_term=&#8221;on&#8221; _builder_version=&#8221;3.26.6&#8243; title_font=&#8221;Abhaya Libre|700|||||||&#8221; title_text_color=&#8221;#e0463e&#8221; title_font_size=&#8221;19px&#8221; title_line_height=&#8221;1.8em&#8221; z_index_tablet=&#8221;500&#8243; title_text_shadow_horizontal_length_tablet=&#8221;0px&#8221; title_text_shadow_vertical_length_tablet=&#8221;0px&#8221; title_text_shadow_blur_strength_tablet=&#8221;1px&#8221; box_shadow_horizontal_tablet=&#8221;0px&#8221; box_shadow_vertical_tablet=&#8221;0px&#8221; box_shadow_blur_tablet=&#8221;40px&#8221; box_shadow_spread_tablet=&#8221;0px&#8221; saved_tabs=&#8221;all&#8221;][\/et_pb_post_nav][\/et_pb_column][\/et_pb_row][\/et_pb_section]<\/p>\n","protected":false},"excerpt":{"rendered":"<p>Der Anbau von Avocados war in letzter Zeit sehr beliebt. Ich selbst habe zu Hause schon 4 Avokado-Pflanzen und es geht ihnen gut. Dem war es aber nicht immer so. Bis es mir gelungen ist, die erste Pflanze gro\u00df zu ziehen,\u00a0 hatte ich bereits 8 fehlgeschlagene Versuche hinter mir. Dann habe ich den ultimativen Weg [&hellip;]<\/p>\n","protected":false},"author":1,"featured_media":13928,"comment_status":"open","ping_status":"closed","sticky":false,"template":"","format":"standard","meta":{"_et_pb_use_builder":"on","_et_pb_old_content":"<div dir=\"auto\"><span style=\"color: #000000;\"><strong>Pestovanie avok\u00e1da je v poslednej dobe ve\u013emi popul\u00e1rne. Sama m\u00e1m doma 3 a dar\u00ed sa im. No nie v\u017edy to tak bolo. Vykl\u00ed\u010deniu prv\u00e9ho z nich predch\u00e1dzalo dobr\u00fdch 8 ne\u00faspe\u0161n\u00fdch pokusov. A\u017d k\u00fdm som neobjavila ultimat\u00edvny sp\u00f4sob, ako docieli\u0165 takmer 100% \u00faspe\u0161nos\u0165. Dodnes dost\u00e1vam ot\u00e1zky typu: Pre\u010do mi to nejde? \u010co rob\u00edm zle? Nu\u017e, mo\u017eno \u017ee boli na parapete nad radi\u00e1torom alebo sa sp\u00e1lili na slnku. Ale nebojte sa, pr\u00eddeme tomu na kore\u0148! V najbli\u017e\u0161\u00edch riadkoch si odpovieme na v\u0161etky ot\u00e1zky s\u00favisiace s dom\u00e1cim pestovan\u00edm avok\u00e1da.<\/strong><\/span><\/div><div dir=\"auto\">\u00a0<\/div><div dir=\"auto\">\u00a0<\/div><div dir=\"auto\">\u00a0<\/div><div dir=\"auto\">Sp\u00f4sobov, ako vypestova\u0165 avok\u00e1do z k\u00f4stky, existuje viacero. M\u00f4\u017eeme ju da\u0165 rovno do zeme, necha\u0165 ju vykl\u00ed\u010di\u0165 vo vodnom k\u00fapeli alebo v mokrej serv\u00edtke v s\u00e1\u010dku. Ja som vysk\u00fa\u0161ala v\u0161etky. Fungovali? Nie! Jedin\u00fd sp\u00f4sob, ktor\u00fdm mi jadro nielen vykl\u00ed\u010dilo, ale skuto\u010dne i r\u00e1stlo v\u00e1m pop\u00ed\u0161em ni\u017e\u0161ie. Netvrd\u00edm, \u017ee ke\u010f to nefungovalo u m\u0148a, tak v\u00e1m jadro nemohlo vyr\u00e1s\u0165 rovno hoci aj z p\u00f4dy. Ja sa chcem zamera\u0165 v\u00fdlu\u010dne na sp\u00f4sob, ktor\u00fd mi zafungoval hne\u010f a potom zas a znova a zaka\u017ed\u00fdm na sto percent. A len preto, \u017ee som o jeho \u00faspe\u0161nosti presved\u010den\u00e1, sa o\u0148 s vami rada podel\u00edm.<\/div><div dir=\"auto\">\u00a0<\/div><div dir=\"auto\">\u00a0<\/div><div dir=\"auto\">Tip na tento sp\u00f4sob pestovania som dostala od <a href=\"https:\/\/www.instagram.com\/lenkagiec\/\"><strong><span style=\"color: #f23333;\">lenkagiec<\/span><\/strong><\/a> a <strong><span style=\"color: #f23333;\">marcelkaa<\/span><\/strong>, ktor\u00e9 ma zachr\u00e1nili v \u010dasoch, kedy som chcela da\u0165 mojim avok\u00e1dov\u00fdm pokusom definit\u00edvne \u010derven\u00fa. Potom som sk\u00fasila nasledova\u0165 odporu\u010den\u00e9 kroky a \u010duduj sa svete, moje prv\u00e9 avok\u00e1do m\u00e1 dnes u\u017e tri\u0161tvrte roka a dobr\u00fdch 25 cm!<\/div><div dir=\"auto\">\u00a0<\/div><div dir=\"auto\">\u00a0<\/div><hr \/><p>\u00a0<\/p><h4><strong><span style=\"color: #000000;\">Ako z\u00edska\u0165 z jadierka strom\u010dek?<\/span><\/strong><\/h4><div dir=\"auto\"><p>1.Opatrne vyberte k\u00f4stku z avok\u00e1da a umyte ju. Pri vyberan\u00ed by ste ju nemali po\u0161kodi\u0165. N\u00e1sledne ju cel\u00fa ponorte do vla\u017enej vody v poh\u00e1ri a <span style=\"color: #000000;\"><strong>nechajte cez noc odpo\u010d\u00edva\u0165 vo vodnom k\u00fapeli.<\/strong><\/span> Namo\u010denie po\u010das noci sp\u00f4sob\u00ed, \u017ee jadierko navlhne, \u010d\u00edm sa bude da\u0165 \u013eahko odstr\u00e1ni\u0165 tenk\u00e1 hned\u00e1 \u0161upka na povrchu. Niekedy zvykne jadierko aj praskn\u00fa\u0165, ale to je v absol\u00fatnom poriadku.<\/p><p>\u00a0<\/p><p>2. Na druh\u00fd de\u0148 <strong><span style=\"color: #000000;\">vyberte jadierko z poh\u00e1ra a o\u0161\u00fapte.<\/span><\/strong> Na internete n\u00e1jdete desiatky \u010dl\u00e1nkov, v ktor\u00fdch tento krok neodpor\u00fa\u010daj\u00fa, ja hovor\u00edm dole s \u0148ou! A\u017e teraz pr\u00edde na rad trik so \u0161p\u00e1ratkami.<\/p><p>\u00a0<\/p><\/div><p><img class=\"aligncenter wp-image-12413 size-medium\" src=\"https:\/\/lucididit.com\/wp-content\/uploads\/2020\/03\/IMG_20200328_141834-01-scaled-e1585556897855-300x244.jpeg\" alt=\"\" width=\"300\" height=\"244\" \/><\/p><p>\u00a0<\/p><div dir=\"auto\"><p>3. Predt\u00fdm v\u0161ak <strong><span style=\"color: #000000;\">lokalizujte vrchn\u00fa (b\u00fdva zv\u00e4\u010d\u0161a \u0161picat\u00e1, no nemus\u00ed to by\u0165 z\u00e1konite tak) a spodn\u00fa \u010das\u0165 k\u00f4stky.<\/span> <\/strong>Z vrchu vyrastie kl\u00ed\u010dek a spodn\u00e1 \u010das\u0165 mus\u00ed by\u0165 namo\u010den\u00e1 vo vode, preto je d\u00f4le\u017eit\u00e9 ich odl\u00ed\u0161i\u0165. Ak je jadierko v tvare guli\u010dky a neviete presne ur\u010di\u0165, ktor\u00e1 \u010das\u0165 je vrchn\u00e1 a ktor\u00e1 spodn\u00e1, orientujte sa pod\u013ea mali\u010dk\u00e9ho o\u010dka, ktor\u00e9 sa nach\u00e1dza v\u017edy v hornej \u010dasti jadra.<\/p><p>\u00a0<\/p><p>4. Potom si <span style=\"color: #000000;\"><strong>vezmite\u00a0 tri\/ \u0161tyri \u0161p\u00e1radl\u00e1 a zapichnite ich do spodnej \u010dasti avok\u00e1da.<\/strong><\/span> V\u010faka tomu bude spodok vo vode a vrchn\u00e1 \u010das\u0165 na vzduchu. Zapichujte ich\u00a0 mierne \u0161ikmo, smerom dole, aby bola k\u00f4stka namo\u010den\u00e1, ke\u010f ju polo\u017e\u00edte do poh\u00e1ra.<\/p><p>\u00a0<\/p><\/div><p><img class=\"aligncenter wp-image-12411 size-medium\" src=\"https:\/\/lucididit.com\/wp-content\/uploads\/2020\/03\/IMG_20200328_141738-01-300x225.jpeg\" alt=\"\" width=\"300\" height=\"225\" \/><\/p><p>\u00a0<\/p><div dir=\"auto\"><p>5. <strong><span style=\"color: #000000;\">Avok\u00e1do namo\u010dte spolovice do vody a doprajte mu ve\u013ea slne\u010dn\u00e9ho svetla.<\/span><\/strong> Pou\u017eite sklenen\u00fd poh\u00e1r, aby ste videli, kedy za\u010dn\u00fa r\u00e1s\u0165 korienky a kedy je potrebn\u00e9 vymeni\u0165 vodu.<\/p><p>\u00a0<\/p><p>6. A teraz u\u017e len \u010dakajte na v\u00fdhonok.\u00a0 Do p\u00e1r dn\u00ed by ste mali vidie\u0165, ako jadro puk\u00e1, del\u00ed na dve polovice a v jeho strede kl\u00ed\u010di nov\u00fd z\u00e1rodok. M\u00f4\u017ee sa objavi\u0165 u\u017e po<strong><span style=\"color: #000000;\"> 2 \u2013 4 t\u00fd\u017ed\u0148och<\/span><\/strong>, ale bu\u010fte trpezliv\u00ed, no m\u00f4\u017ee to trva\u0165 aj <strong><span style=\"color: #000000;\">8 t\u00fd\u017ed\u0148ov.<\/span><\/strong> Korienky avok\u00e1da nesm\u00fa vyschn\u00fa\u0165. Prasklina, ktor\u00e1 na \u0148om vznikne, je \u00faplne prirodzen\u00e1 a ur\u010dite nie je d\u00f4vodom na vyhodenie k\u00f4stky.<\/p><p>\u00a0<\/p><\/div><div dir=\"auto\"><p>7. Ke\u010f\u017ee sa voda z n\u00e1doby odparuje,<strong><span style=\"color: #000000;\"> je potrebn\u00e9 ju dolieva\u0165, ba e\u0161te lep\u0161ie meni\u0165.<\/span><\/strong> Jadierko m\u00e1 toti\u017e tendenciu maz\u013eavie\u0165. Vodu odpor\u00fa\u010dam meni\u0165 ka\u017ed\u00fd t\u00fd\u017ede\u0148\/ dva a jadierko prstami jemne opl\u00e1chnu\u0165, \u010d\u00edm zmyjete maz\u013eav\u00fd film. Zabezpe\u010d\u00edte t\u00fdm aj to, \u017ee voda ostane \u010do najdlh\u0161ie \u010derstv\u00e1.<\/p><p>\u00a0<\/p><\/div><p><img class=\"size-medium wp-image-12409 aligncenter\" src=\"https:\/\/lucididit.com\/wp-content\/uploads\/2020\/03\/IMG_20200328_141717-01-1-300x225.jpeg\" alt=\"\" width=\"300\" height=\"225\" \/><\/p><p>\u00a0<\/p><div dir=\"auto\"><p>8. Akon\u00e1hle v\u00e1m z prasklinky za\u010dne r\u00e1s\u0165 z\u00e1rodok\/korienok, nie je viac nevyhnutne potrebn\u00e9, aby bolo jadro spolovice ponoren\u00e9 vo vode. <strong><span style=\"color: #000000;\">Posta\u010d\u00ed, aby sa spodn\u00e1 \u010das\u0165 jadra dot\u00fdkala vodnej hladiny.<\/span> <\/strong>D\u00f4le\u017eit\u00e9 je u\u017e potom prakticky len to, aby bol vo vode korienok. Pokia\u013e toti\u017e nech\u00e1te k\u00f4stku v tomto \u0161t\u00e1diu aj na\u010falej ponoren\u00e9 spolovice vo vode, m\u00f4\u017ee sa sta\u0165, \u017ee v\u00e1m jadro za\u010dne hni\u0165 a odumiera\u0165.<\/p><p>\u00a0<\/p><p>9. Ke\u010f z jadra vyrastie kl\u00ed\u010dok, na ktorom za\u010dn\u00fa r\u00e1s\u0165 l\u00edstky, dost\u00e1vate sa do fin\u00e1lnej f\u00e1zy a<strong><span style=\"color: #000000;\"> rastlinka je defacto pripraven\u00e1 na saden<\/span><span style=\"color: #000000;\">ie.<\/span><\/strong><\/p><\/div><p>\u00a0<\/p><p>\u00a0<\/p><p>\u00a0<\/p><h4><strong><span style=\"color: #000000;\">Kedy a ako avok\u00e1do sadi\u0165 a \u0161tiepi\u0165?<\/span><\/strong><\/h4><div dir=\"auto\"><p>10. V\u0161eobecne plat\u00ed, \u017ee semeno by nemalo zost\u00e1va\u0165 vo vode viac, ako tri mesiace. Mysl\u00edm si v\u0161ak, \u017ee ak ho v k\u00fapeli nech\u00e1te i dlh\u0161ie, ni\u010d sa nestane. Ide sk\u00f4r o to, ako sa kl\u00ed\u010dku dar\u00ed ako o to, ako dlho je vo vode. <strong><span style=\"color: #000000;\">Ke\u010f z neho vznikne stonka dlh\u00e1 pribli\u017ene 15 cm, m\u00f4\u017eete teoreticky sadi\u0165.<\/span><\/strong> Prakticky by som v\u0161ak e\u0161te po\u010dkala a stonku podstrihla na cca. 8 cm. Hru\u0161kovec (ako sa avok\u00e1do odborne naz\u00fdva) zn\u00e1\u0161a rez ve\u013emi dobre. <strong><span style=\"color: #000000;\">Zastrihnutie podpor\u00ed jeho rast a umo\u017en\u00ed ho systematicky tvarova\u0165.<\/span><\/strong><\/p><p><img class=\"size-medium wp-image-12405 aligncenter\" src=\"https:\/\/lucididit.com\/wp-content\/uploads\/2020\/03\/IMG_20191015_172941-01-225x300.jpeg\" alt=\"\" width=\"225\" height=\"300\" \/><\/p><p>11. A kedy m\u00f4\u017eeme avok\u00e1do kone\u010dne zasadi\u0165? <strong><span style=\"color: #000000;\">Ke\u010f znova dosiahne d\u013a\u017eku 10-15 cm a m\u00e1 rozvinut\u00fdch prv\u00fdch p\u00e1r l\u00edstkov.<\/span><\/strong> Vtedy kl\u00ed\u010dok premiestnite do zeminy tak, aby vrch k\u00f4stky vyt\u0155\u010dal zo zeme a umiestnite ho na slne\u010dn\u00e9 miesto. D\u00f4le\u017eit\u00e9 je, aby bola vrchn\u00e1 polovica odhalen\u00e1 nad zemou! Avok\u00e1do je dobr\u00e9 zasadi\u0165 do klasick\u00e9ho substr\u00e1tu na zelen\u00e9 rastliny, ide\u00e1lne tak\u00e9ho, ktor\u00fd m\u00e1 v sebe pridan\u00fd humus.<\/p><p><img class=\"size-medium wp-image-12415 aligncenter\" src=\"https:\/\/lucididit.com\/wp-content\/uploads\/2020\/03\/inCollage_20191117_152454275-01-300x240.jpeg\" alt=\"\" width=\"300\" height=\"240\" \/><\/p><\/div><p>\u00a0<\/p><div dir=\"auto\"><p>12. A na\u010falej <strong><span style=\"color: #000000;\">nezab\u00fadame na z\u00e1strih! Ak chcete ma\u0165 hust\u00fd kr\u00edk, listy od\u0161tikujte<\/span><\/strong> \u2013 v\u017edy prv\u00e9 dva listy na vrchole stonky. V\u010faka pravideln\u00e9mu rezu dok\u00e1\u017ee tento v\u017edy zelen\u00fd strom vytvori\u0165 pekn\u00fa korunku.<\/p><\/div><p>\u00a0<\/p><p>\u00a0<\/p><p>\u00a0<\/p><h4><strong><span style=\"color: #000000;\">Ako sa stara\u0165 o avok\u00e1do?<\/span><\/strong><\/h4><div dir=\"auto\"><p>Avok\u00e1do potrebuje ve\u013ea slnka a ve\u013ea vody. Ale <strong><span style=\"color: #000000;\">\u017eiadne priame slne\u010dn\u00e9 l\u00fa\u010de!<\/span> <\/strong>Najlep\u0161ie je miesto pri okne so z\u00e1clonou, kde je svetla dos\u0165, ale je rozpt\u00fdlen\u00e9. <strong><span style=\"color: #000000;\">Avok\u00e1do m\u00e1 rado vlahu<\/span><\/strong>, treba ho viac polieva\u0165 \u2013 pribli\u017ene ka\u017ed\u00fd druh\u00fd de\u0148 a prospeje mu aj ostrekovanie vodou. Tak\u017ee <strong><span style=\"color: #000000;\">rosi\u0165, rosi\u0165, rosi\u0165!<\/span> <\/strong>Po\u010das jari a leta je vhodn\u00e9 ho <strong><span style=\"color: #000000;\">dvakr\u00e1t do mesiaca hnoji\u0165 hnojivom na zelen\u00e9 rastliny<\/span><\/strong>. Nepou\u017e\u00edvajte \u017eiadne chemick\u00e9 hnojiv\u00e1!<\/p><p>\u00a0<\/p><\/div><p>Nezab\u00fadame ani na<strong><span style=\"color: #000000;\"> pravidneln\u00fd z\u00e1strih!<\/span> <\/strong>Ako som p\u00edsala vy\u0161\u0161ie, ak chcete ma\u0165 hust\u00fd kr\u00edk, listy pravidelne strihajte. <strong><span style=\"color: #000000;\">Dbajte o izbov\u00fa teplotu, nepriame svetlo, dostatok vody.<\/span> <\/strong>Po\u010das zimy je nutn\u00e9 ich necha\u0165 prezimova\u0165 vn\u00fatri, neumiest\u0148ujte ich v\u0161ak\u00a0 na parapetn\u00e9 dosky ke\u010f k\u00farite!<\/p><p><img class=\"aligncenter wp-image-12407 size-full\" src=\"https:\/\/lucididit.com\/wp-content\/uploads\/2020\/03\/IMG_20200105_122715-01-1-scaled.jpeg\" alt=\"\" width=\"2560\" height=\"1963\" \/><\/p><div dir=\"auto\"><p>V\u017edy na jar treba skontrolova\u0165, \u010di zospodu kvetin\u00e1\u010da vidno korene a ak \u00e1no, tak ho presadi\u0165 do kvetin\u00e1\u010da s obvodom o p\u00e1r centimetrov v\u00e4\u010d\u0161\u00edm, ako bol p\u00f4vodn\u00fd. Toto plat\u00ed prakticky pri v\u0161etk\u00fdch rastlin\u00e1ch rovnako. Akon\u00e1hle sa za\u010dn\u00fa korene roz\u0165ahova\u0165, p\u00fdtaj\u00fa si viac miesta. V prv\u00fdch mesiacoch \u017eivota<span style=\"color: #000000;\"> avok\u00e1do rastie pomerne r\u00fdchlo<\/span>, a teda bude istotne potrebova\u0165 pres\u00e1dzanie. Ke\u010f u\u017e je star\u0161ie, rast sa zastav\u00ed a stonka za\u010dne odspodu drevnatie\u0165.<\/p><p>\u00a0<\/p><blockquote><ul><li><span style=\"color: #000000;\"><strong><em>Raz mesa\u010dne odpor\u00fa\u010dam ponori\u0165 korienky do vody a po p\u00e1r min\u00fatach vytiahnu\u0165 a necha\u0165 odkvapka\u0165. Ak sa objavia \u017elt\u00e9 listy, avok\u00e1do ste preliali, preto ho nechajte p\u00e1r dn\u00ed bez z\u00e1lievky.<\/em><\/strong><\/span><\/li><\/ul><\/blockquote><\/div><p>\u00a0<\/p><p>\u00a0<\/p><p>\u00a0<\/p><p>\u00a0<\/p><div dir=\"auto\"><h4><strong><span style=\"color: #000000;\">Kedy za\u010dne avok\u00e1do rodi\u0165 prv\u00e9 plody?<\/span><\/strong><\/h4><p>U avok\u00e1da je \u0165a\u017ek\u00e9 odhadn\u00fa\u0165, kedy bude ma\u0165 prv\u00e9 plody. Niektor\u00e9 strom\u010deky ich maj\u00fa u\u017e po 3 a\u017e 4 rokoch. U in\u00fdch to m\u00f4\u017ee trva\u0165 aj 15 rokov. No mo\u017eno v\u00e1m nezarod\u00ed nikdy. Na toto sa mus\u00edte pripravi\u0165! T\u00e1to inform\u00e1cia v\u00e1s asi sklamala, no <span style=\"color: #000000;\"><strong>v<\/strong><strong>lastnoru\u010dne vypestovan\u00e9 plody avok\u00e1da asi nebudete zbiera\u0165. Museli by ste ma\u0165 ve\u013ek\u00e9 \u0161\u0165astie a \u00faplne fantastick\u00e9 podmienky. Napr\u00edklad v sklen\u00edku.<\/strong> <\/span>Ale to nevad\u00ed. Aspo\u0148 budete ma\u0165 pekn\u00fa izbov\u00fa rastlinku so zauj\u00edmav\u00fdm pr\u00edbehom.<\/p><p>\u00a0<\/p><\/div><p><img class=\"aligncenter wp-image-12418 size-full\" src=\"https:\/\/lucididit.com\/wp-content\/uploads\/2020\/03\/alina-karpenko-VP1YuuSnmVQ-unsplash-scaled-e1585633918819.jpg\" alt=\"\" width=\"2560\" height=\"1701\" \/><\/p><p>\u00a0<\/p><p>\u00a0<\/p><p>\u00a0<\/p><h4 dir=\"auto\"><strong><span style=\"color: #000000;\">\u010co rob\u00edm zle? Naj\u010dast<\/span><\/strong><strong><span style=\"color: #000000;\">ej\u0161ie chyby, ktor\u00fdch sa dop\u00fa\u0161\u0165ame...<\/span><\/strong><\/h4><div dir=\"auto\"><p class=\"normal\">Listy spusten\u00e9 smerom nadol \u010di \u017eltn\u00face a hnedn\u00face konce listov s\u00fa naj\u010dastej\u0161ie probl\u00e9my pri pestovan\u00ed tejto plodiny. Ale \u010do b\u00fdva ich pr\u00ed\u010dinou?<\/p><p>\u00a0<\/p><ul><li class=\"normal\"><span style=\"color: #000000;\"><b>Slab\u00e9 listy spusten\u00e9 smerom nadol <\/b><\/span>nast\u00e1vaj\u00fa, ke\u010f m\u00e1 rastlinka <b><span style=\"color: #000000;\">nedostatok vlahy<\/span><\/b><span style=\"color: #000000;\">.<\/span> Jednoducho sa to vyrie\u0161i t\u00fdm, \u017ee budete zalieva\u0165 \u010dastej\u0161ie a prid\u00e1te aj hnojenie, aby malo avok\u00e1do viac \u017eiv\u00edn.<\/li><li class=\"normal\"><b><span style=\"color: #000000;\">\u017dlt\u00e9<\/span> <span style=\"color: #000000;\">listy <\/span><\/b>zas znamenaj\u00fa, \u017ee rastlinka m\u00e1\u00a0<span style=\"color: #000000;\"><b>pr\u00edli\u0161 vlhk\u00fa hlinu<\/b>.<\/span> Treba kontrolova\u0165, \u010di nie je v tanieriku pod rastlinkou alebo v \u010drepn\u00edku zvy\u0161kov\u00e1 voda, ktor\u00e1 sa nestihla odpari\u0165.<\/li><li class=\"normal\"><span style=\"color: #000000;\"><strong>Hnednutie listov <\/strong><\/span>je \u010dasto spojen\u00e9 s vystaven\u00edm priamemu slne\u010dn\u00e9mu \u017eiareniu. S\u00fa takpovediac <span style=\"color: #000000;\"><b>sp\u00e1len\u00e9<\/b>. <\/span>Ale i pr\u00edli\u0161 siln\u00e9 zavla\u017eovanie signalizuje rastlinka zhnednut\u00edm listov, preto to s vodou nepreh\u00e1\u0148ajte \u2013 odpor\u00fa\u010da sa viac popra\u0161ova\u0165 listy vodou pomocou mechanick\u00e9ho rozpra\u0161ova\u010da.<\/li><li><strong><span style=\"color: #000000;\">Opad\u00e1vanie listov <\/span><\/strong>- d\u00f4vodov, pre\u010do rastlin\u00e1m hnedn\u00fa a opad\u00e1vaj\u00fa listy, m\u00f4\u017ee by\u0165 viac. Naj\u010dastej\u0161ie je pr\u00edli\u0161n\u00e9 zalievanie a premokrenie p\u00f4dy, ale aj sucho; prievan, n\u00e1hla zmena prostredia (prenesenie na in\u00e9 miesto), prudk\u00e1 zmena teploty \u010di bakteri\u00e1lna, pr\u00edpadne hubov\u00e1 choroba. Avok\u00e1do s\u00edce vy\u017eaduje vlh\u0161iu p\u00f4du, nie v\u0161ak premokren\u00fa \u2013 korene za\u010dn\u00fa hni\u0165, odumr\u00fa a\u00a0rastlina paradoxne trp\u00ed suchom, lebo nem\u00e1 \u010d\u00edm prija\u0165 vodu. Vtedy listy hnedn\u00fa a\u00a0opad\u00e1vaj\u00fa.<\/li><\/ul><p>\u00a0<\/p><\/div><p><img class=\"aligncenter wp-image-12399 size-full\" src=\"https:\/\/lucididit.com\/wp-content\/uploads\/2020\/03\/caroline-attwood-g6wTfSM2Lvw-unsplash-scaled.jpg\" alt=\"\" width=\"2560\" height=\"1440\" \/><\/p><p>\u00a0<\/p><p>\u00a0<\/p><hr \/><h3>\u00a0<\/h3><p>\u00a0<\/p><h3 style=\"text-align: center;\"><strong><span style=\"color: #000000;\">V\u0161etko, \u010do by ste mali vedie\u0165 o avok\u00e1de<\/span><\/strong><\/h3><p>\u00a0<\/p><h4><strong><span style=\"color: #000000;\">Pre\u010do jes\u0165 avok\u00e1do?<\/span><\/strong><\/h4><p>Okrem toho, \u017ee je chutn\u00e9, je toto unik\u00e1tne ovocie aj zdrav\u00e9 na srdce a pom\u00e1ha udr\u017eiava\u0165 \u0161t\u00edhlu l\u00edniu. M\u00e1 v\u0161ak aj \u010fal\u0161ie v\u00fdhody, pre ktor\u00e9 by sme po \u0148om mali siahnu\u0165:<\/p><blockquote><ul><li><strong><span style=\"color: #000000;\">1.Je pln\u00e9 \u017eiv\u00edn a vitam\u00ednov (obsahuje a\u017e 20 r\u00f4znych vitam\u00ednov a \u017eiv\u00edn):<\/span><\/strong><\/li><li><strong><span style=\"color: #000000;\">Vitam\u00edn K: 26% dennej d\u00e1vky\u00a0Kyselina listov\u00e1: 20% dennej d\u00e1vky\u00a0Vitam\u00edn C: 17% dennej d\u00e1vky\u00a0Drasl\u00edk: 14% dennej d\u00e1vky\u00a0Vitam\u00edn B5: 14% dennej d\u00e1vky\u00a0Vitam\u00edn B6: 13% dennej d\u00e1vky\u00a0Vitam\u00edn E:\u00a010% dennej d\u00e1vky<\/span><\/strong><\/li><li><strong><span style=\"color: #000000;\">Obsahuje aj mal\u00e9 mno\u017estvo hor\u010d\u00edku, mang\u00e1nu, medi, \u017eeleza, zinku, fosforu, tiam\u00ednu (B1), riboflav\u00ednu (B2) a niac\u00ednu (B3).<\/span><\/strong><\/li><li><strong><span style=\"color: #000000;\">2. Obsahuje viac drasl\u00edka ako ban\u00e1ny<\/span><\/strong><\/li><li><strong><span style=\"color: #000000;\">3. Obsahuje nenas\u00fdten\u00e9 mastn\u00e9 kyseliny<\/span><\/strong><\/li><li><strong><span style=\"color: #000000;\">4. Je bohat\u00fdm zdrojom vl\u00e1kniny<\/span><\/strong><\/li><li><strong><span style=\"color: #000000;\">5. Zni\u017euje hladinu cholesterolu a triglyceridov.<\/span><\/strong><\/li><li><strong><span style=\"color: #000000;\">6. V\u010faka tuku str\u00e1vime viac \u017eiv\u00edn z rastlinn\u00fdch potrav\u00edn<\/span><\/strong><\/li><li><strong><span style=\"color: #000000;\">7. Avok\u00e1do je nabit\u00e9 antioxidantmi, ktor\u00e9 chr\u00e1ni o\u010di<\/span><\/strong><\/li><li><strong><span style=\"color: #000000;\">8. M\u00f4\u017ee pom\u00f4c\u0165 predch\u00e1dza\u0165 rakovine<\/span><\/strong><\/li><li><strong><span style=\"color: #000000;\">9. M\u00f4\u017ee pom\u00f4c\u0165 zmierni\u0165 pr\u00edznaky artrit\u00eddy<\/span><\/strong><\/li><li><strong><span style=\"color: #000000;\">10. Napom\u00e1ha udr\u017eiava\u0165 \u0161t\u00edhlu l\u00edniu<\/span><\/strong><\/li><li><strong><span style=\"color: #000000;\">11. Je vynikaj\u00face a \u013eahko sa kombinuje s inou stravou<\/span><\/strong><\/li><\/ul><\/blockquote><h4 dir=\"auto\">\u00a0<\/h4><p><img class=\"aligncenter wp-image-12399 size-full\" src=\"https:\/\/lucididit.com\/wp-content\/uploads\/2020\/03\/caroline-attwood-g6wTfSM2Lvw-unsplash-scaled.jpg\" alt=\"\" width=\"2560\" height=\"1440\" \/><\/p><p>\u00a0<\/p><p>\u00a0<\/p><p>\u00a0<\/p><h4 dir=\"auto\"><strong><span style=\"color: #000000;\">Ako ur\u00fdchli\u0165\/spomali\u0165 proces zrenia?<\/span><\/strong><\/h4><blockquote><ul><li dir=\"auto\"><strong><span style=\"color: #000000;\">\u2063Ke\u010f je nezrel\u00e9 -<\/span><\/strong> Pri izbovej teplote dozreje asi do 3 dn\u00ed. Proces ur\u00fdchlite, ak ho d\u00e1te do papierov\u00e9ho vrecka s jablkom alebo ban\u00e1nom.<\/li><li dir=\"auto\"><span style=\"color: #000000;\"><strong>Aby neprezrelo -<\/strong><\/span> Dozrievanie m\u00f4\u017eete aj na nieko\u013eko dn\u00ed zastavi\u0165, ak avok\u00e1do d\u00e1te do chladu. V spodnej \u010dasti chladni\u010dky mu bude dobre, ale teplota nesmie klesn\u00fa\u0165 pod 6 stup\u0148ov, inak sa za\u010dne kazi\u0165.<\/li><\/ul><\/blockquote><p>\u00a0<\/p><p>\u00a0<\/p><h4><span style=\"color: #000000;\"><strong>Ako vyu\u017ei\u0165 avok\u00e1do v kuchyni?<\/strong><\/span><\/h4><p dir=\"auto\">Z botanick\u00e9ho h\u013eadiska ovocie, ale v kuchyni sa vyu\u017e\u00edva ako zelenina. Osobne vyu\u017e\u00edvam avok\u00e1do <strong><span style=\"color: #000000;\">\u25aa\ufe0fako n\u00e1hradu masla \u010di \u25aa\ufe0fmajon\u00e9zy, \u25aa\ufe0fdo kol\u00e1\u010dov, \u25aa\ufe0fm\u00fa\u010dnikov\u00fdch kr\u00e9mov, \u25aa\ufe0fdo zmrzl\u00edn a \u25aa\ufe0fsmoothies, \u25aa\ufe0fna chlieb, \u25aa\ufe0fako pr\u00edlohu k jedl\u00e1m...<\/span><\/strong> Jeho vyu\u017eitie nem\u00e1 hran\u00edc. Mo\u017eno i preto patr\u00ed avok\u00e1do\u00a0 k jednej z najob\u013e\u00fabenej\u0161\u00edch komod\u00edt na na\u0161om potravinovom trhu.<\/p><p dir=\"auto\"><img class=\"aligncenter wp-image-12397 size-full\" src=\"https:\/\/lucididit.com\/wp-content\/uploads\/2020\/03\/anne-sophie-benoit-0kW_xy98mDo-unsplash-scaled.jpg\" alt=\"\" width=\"2560\" height=\"1707\" \/><\/p><div dir=\"auto\">\u00a0<\/div><div dir=\"auto\">\u00a0<\/div><div dir=\"auto\">\u00a0<\/div><div dir=\"auto\">\u00a0<\/div><div dir=\"auto\">\u00a0<\/div><h4 dir=\"auto\"><strong><span style=\"color: #000000;\">Vedeli ste, \u017ee:<\/span><\/strong><\/h4><div dir=\"auto\">Ob\u013euba avok\u00e1da m\u00e1 v\u0161ak i svoju odvr\u00e1ten\u00fa str\u00e1nku? Dopyt po hru\u0161kovn\u00edku st\u00fapol nato\u013eko, \u017ee sa jeho pestovanie stalo MEGA biznisom ni\u010diacim nielen pr\u00edrodu, ale i pr\u00edrodn\u00e9 zdroje (kv\u00f4li k\u00e1caniu lesov a zalievaniu plant\u00e1\u017e\u00ed si napr. v Chille s\u0165a\u017euj\u00fa na nedostatok vody \u00a0pre svoju spotrebu). V Mexiku (najv\u00e4\u010d\u0161\u00ed producent avok\u00e1da na svete) ho dokonca naz\u00fdvaj\u00fa aj <strong><span style=\"color: #000000;\">\u201ezelen\u00fdm zlatom\u201c<\/span> <\/strong>\u010di <strong><span style=\"color: #000000;\">\u201ekrvav\u00fdm diamantom\u201c<\/span><\/strong>, preto\u017ee avok\u00e1dov\u00e9 plant\u00e1\u017ee v niektor\u00fdch \u010dastiach ovl\u00e1daj\u00fa drogov\u00e9 kartely. Tie sa zamerali na avok\u00e1da kv\u00f4li tvrd\u0161iemu pr\u00edstupu vl\u00e1dy k ileg\u00e1lnemu obchodu s drogami. Pod\u013ea The Guardian zarobia na avok\u00e1de cez 150 milionov dol\u00e1rov ro\u010dn\u011b. Neuverite\u013e\u00e9, v\u0161ak?<\/div><div dir=\"auto\">\u00a0<\/div><div dir=\"auto\">\u00a0<\/div><div dir=\"auto\">\u00a0<\/div><hr \/><div dir=\"auto\">\u00a0<\/div><div dir=\"auto\">\u00a0<\/div><div dir=\"auto\">Gratulujem, ak ste sa dostali a\u017e sem, m\u00f4\u017eete si by\u0165 ist\u00ed, \u017ee o avok\u00e1de viete viac ne\u017e va\u0161i priatelia. Moj\u00edm cie\u013eom v\u0161ak prim\u00e1rne bolo podeli\u0165 sa o moje tajomstvo k \u00faspe\u0161n\u00e9mu vypestovaniu vlastnej avok\u00e1dovej rastlinky z jadierka. Ver\u00edm, \u017ee s t\u00fdmto n\u00e1vodom sa v\u00e1m to tentokr\u00e1t podar\u00ed. Ve\u010f vysk\u00fa\u0161ajte a pode\u013ete sa o va\u0161e sk\u00fasenosti, zdie\u013eajte va\u0161e pokusy alebo mi dajte vedie\u0165, \u010di v\u00e1m hore uveden\u00fd sp\u00f4sob pomohol.<\/div><div dir=\"auto\">\u00a0<\/div><div dir=\"auto\">\u00a0<\/div><div dir=\"auto\">\u00a0<\/div><p style=\"text-align: center;\"><strong>Foto: <\/strong>Lucididit, Unsplash<\/p>","_et_gb_content_width":""},"categories":[79],"tags":[],"yst_prominent_words":[],"_links":{"self":[{"href":"https:\/\/lucididit.com\/de\/wp-json\/wp\/v2\/posts\/12471"}],"collection":[{"href":"https:\/\/lucididit.com\/de\/wp-json\/wp\/v2\/posts"}],"about":[{"href":"https:\/\/lucididit.com\/de\/wp-json\/wp\/v2\/types\/post"}],"author":[{"embeddable":true,"href":"https:\/\/lucididit.com\/de\/wp-json\/wp\/v2\/users\/1"}],"replies":[{"embeddable":true,"href":"https:\/\/lucididit.com\/de\/wp-json\/wp\/v2\/comments?post=12471"}],"version-history":[{"count":0,"href":"https:\/\/lucididit.com\/de\/wp-json\/wp\/v2\/posts\/12471\/revisions"}],"wp:featuredmedia":[{"embeddable":true,"href":"https:\/\/lucididit.com\/de\/wp-json\/wp\/v2\/media\/13928"}],"wp:attachment":[{"href":"https:\/\/lucididit.com\/de\/wp-json\/wp\/v2\/media?parent=12471"}],"wp:term":[{"taxonomy":"category","embeddable":true,"href":"https:\/\/lucididit.com\/de\/wp-json\/wp\/v2\/categories?post=12471"},{"taxonomy":"post_tag","embeddable":true,"href":"https:\/\/lucididit.com\/de\/wp-json\/wp\/v2\/tags?post=12471"},{"taxonomy":"yst_prominent_words","embeddable":true,"href":"https:\/\/lucididit.com\/de\/wp-json\/wp\/v2\/yst_prominent_words?post=12471"}],"curies":[{"name":"wp","href":"https:\/\/api.w.org\/{rel}","templated":true}]}}