{"id":15543,"date":"2021-03-31T15:32:45","date_gmt":"2021-03-31T13:32:45","guid":{"rendered":"https:\/\/lucididit.com\/ako-zakryt-radiator-3-krat-inak\/"},"modified":"2021-04-07T13:37:39","modified_gmt":"2021-04-07T11:37:39","slug":"heizungsverkleidungs-ideen-3x-anders","status":"publish","type":"post","link":"https:\/\/lucididit.com\/de\/heizungsverkleidungs-ideen-3x-anders\/","title":{"rendered":"Heizungsverkleidungs-Ideen 3x anders"},"content":{"rendered":"<p>[et_pb_section fb_built=&#8221;1&#8243; admin_label=&#8221;section&#8221; _builder_version=&#8221;3.22&#8243; custom_padding=&#8221;0px||0px|||&#8221;][et_pb_row admin_label=&#8221;row&#8221; _builder_version=&#8221;3.25&#8243; background_size=&#8221;initial&#8221; background_position=&#8221;top_left&#8221; background_repeat=&#8221;repeat&#8221;][et_pb_column type=&#8221;4_4&#8243; _builder_version=&#8221;3.25&#8243; custom_padding=&#8221;|||&#8221; custom_padding__hover=&#8221;|||&#8221;][et_pb_text admin_label=&#8221;Text&#8221; _builder_version=&#8221;4.9.2&#8243; text_font_size=&#8221;14px&#8221; text_line_height=&#8221;1.9em&#8221; background_size=&#8221;initial&#8221; background_position=&#8221;top_left&#8221; background_repeat=&#8221;repeat&#8221; text_orientation=&#8221;justified&#8221; hover_enabled=&#8221;0&#8243; sticky_enabled=&#8221;0&#8243;]<\/p>\n<p><span style=\"color: #000000;\"><strong>Der Heizk\u00f6rper &#8211;\u00a0 alle brauchen ihn, aber jeder w\u00fcrde lieber auf ihn verzichten. Seien wir ehrlich &#8211; Heizungssysteme sind (haupts\u00e4chlich aus \u00e4sthetischen Gr\u00fcnden) wie ein Dorn im Auge. So oder so, ohne Heizung geht es auch nicht, konzentrieren wir uns daher eher auf L\u00f6sungen, wie man sie sowohl funktional als auch optisch in den Innenraum zu integrieren.<\/strong><\/span><\/p>\n<hr \/>\n<p>&nbsp;<\/p>\n<blockquote>\n<p style=\"text-align: center;\">Ich habe gleich 3 Alternativen f\u00fcr euch:<\/p>\n<ul style=\"text-align: center;\">\n<li><em><strong><span style=\"color: #000000;\">funktionelle<\/span><\/strong><\/em><\/li>\n<li><em><strong><span style=\"color: #000000;\">multifunktionelle Camouflage<\/span><\/strong><\/em><\/li>\n<li><em><strong><span style=\"color: #000000;\">M\u00f6bell\u00f6sung<\/span><\/strong><\/em><\/li>\n<\/ul>\n<\/blockquote>\n<p>Bevor wir uns jedoch einzelne Alternativen n\u00e4her anschauen, lasst uns \u00fcber einige Regeln reden, \u00fcber die wir unbedingt nachdenken sollten, bevor wir uns f\u00fcr eine Verkleidung entscheiden.<\/p>\n<p>&nbsp;<\/p>\n<p>&nbsp;<\/p>\n<h2 style=\"text-align: center;\"><span style=\"color: rgba(0, 0, 0, 0.96); font-size: x-large;\">Grundregeln f\u00fcr die Gestaltung von Heizungsverkleidungen<\/span><\/h2>\n<p>&nbsp;<\/p>\n<ul>\n<li><span style=\"color: #000000;\"><strong>Die W\u00e4rme vom Heizk\u00f6rper sollte direkt in den beheizten Raum flie\u00dfen.<\/strong><\/span> Die logisch beste L\u00f6sung ein daher ein unbedeckter Heizk\u00f6rper. Wollen wir ihn jedoch um jeden Preis kaschieren, eine optimale Luftzirkulation erreichen wir am besten mit den folgenden L\u00f6sungen:<\/li>\n<\/ul>\n<p>&nbsp;<\/p>\n<blockquote>\n<p style=\"text-align: left;\"><span style=\"color: #000000;\"><strong><em>Abdeckung mit offenem Gitter nach oben<\/em><\/strong><\/span><\/p>\n<p style=\"text-align: left;\"><span style=\"color: #000000;\"><strong><em>Abdeckung mit Spalt oben und unten<\/em><\/strong><\/span><\/p>\n<p style=\"text-align: left;\"><span style=\"color: #000000;\"><strong><em>Abdeckung mit vertikalem Gitter unten<br \/><\/em><\/strong><\/span><\/p>\n<p><span style=\"color: #000000;\"><strong><em>Abdeckung mit regelm\u00e4\u00dfigen L\u00f6chern entlang seiner gesamten Oberfl\u00e4che (vertikal oder horizontal)<\/em><\/strong><\/span><\/p>\n<\/blockquote>\n<p>&nbsp;<\/p>\n<p><img loading=\"lazy\" class=\"aligncenter wp-image-15469 size-full\" src=\"https:\/\/lucididit.com\/wp-content\/uploads\/2021\/03\/2-scaled.jpg\" alt=\"\" width=\"1920\" height=\"2560\" srcset=\"https:\/\/lucididit.com\/wp-content\/uploads\/2021\/03\/2-scaled.jpg 1920w, https:\/\/lucididit.com\/wp-content\/uploads\/2021\/03\/2-1280x1707.jpg 1280w, https:\/\/lucididit.com\/wp-content\/uploads\/2021\/03\/2-980x1307.jpg 980w, https:\/\/lucididit.com\/wp-content\/uploads\/2021\/03\/2-480x640.jpg 480w\" sizes=\"(min-width: 0px) and (max-width: 480px) 480px, (min-width: 481px) and (max-width: 980px) 980px, (min-width: 981px) and (max-width: 1280px) 1280px, (min-width: 1281px) 1920px, 100vw\" \/><\/p>\n<p>&nbsp;<\/p>\n<ul>\n<li><strong><span style=\"color: #000000;\">Das Abdeckmaterial sollte sollte aufgrund h\u00e4ufiger Temperatur\u00e4nderungen langlebig und pflegeleicht sein. <\/span><\/strong>Geeignet sind z.B. Holzwerkstoffe<\/li>\n<\/ul>\n<p>Nachdem wir nun die wichtigsten Punkte zusammengefasst haben, schauen wir uns drei L\u00f6sungen an, die wir in unserer Wohnung implementiert haben:<\/p>\n<p>&nbsp;<\/p>\n<p>&nbsp;<\/p>\n<h2 style=\"text-align: center;\"><span style=\"color: rgba(0, 0, 0, 0.96); font-size: x-large;\">Wie kann man Heizk\u00f6rper abdecken und als funktionalen Bestandteil der M\u00f6bel in den Innenraum integrieren?<\/span><\/h2>\n<p style=\"text-align: center;\">.. (mit Zusatz) und deren urspr\u00fcngliche Funktion beibehalten?<\/p>\n<h3><span style=\"color: rgba(0, 0, 0, 0.96); font-size: large;\">1. Funktionelle Heizungsverkleidung<\/span><\/h3>\n<p>Die Realisierung und Mehrzwecknutzung dieser L\u00f6sung macht sie buchst\u00e4blich zu einem Designerst\u00fcck. <strong><span style=\"color: rgba(45, 45, 45, 0.99);\">Die Konstruktion besteht aus einem alten Schreibtisch. <\/span><\/strong>Das Innenleben f\u00fcllten wir mit einem Industriegitter, an den wir auch die Buchstaben aus alten Trucks befestigt haben. Die Sitzpolster in der passenden Mintfarbe k\u00fcmmern sich um den letzten Schliff. Der Sitz dient gleichzeitig als Abdeckman\u00f6ver f\u00fcr die st\u00f6rende Heizung.<\/p>\n<p>&nbsp;<\/p>\n<p><a href=\"https:\/\/lucididit.com\/de\/projekt-vorzimmer-11-diy-ideen-an-einem-ort\/\"><span style=\"color: #de5454;\"><strong>Upcycling-L\u00f6sungen<\/strong><\/span><\/a> und \u00d6kologischer-Faktor spielen bei uns zu Hause eine bedeutende Rolle. In der Sektion <strong><a href=\"https:\/\/lucididit.com\/de\/upcycling\/\"><span style=\"color: #c94040;\">Upcycling<\/span> <\/a><\/strong>findet ihr einige Nachhaltige Ideen, die ihr bei euch zu Hause leicht nachmachen k\u00f6nnt.<\/p>\n<p>&nbsp;<\/p>\n<p><img loading=\"lazy\" class=\"aligncenter wp-image-15489 size-full\" src=\"https:\/\/lucididit.com\/wp-content\/uploads\/2021\/03\/7-scaled.jpg\" alt=\"\" width=\"2560\" height=\"1920\" srcset=\"https:\/\/lucididit.com\/wp-content\/uploads\/2021\/03\/7-scaled.jpg 2560w, https:\/\/lucididit.com\/wp-content\/uploads\/2021\/03\/7-1280x960.jpg 1280w, https:\/\/lucididit.com\/wp-content\/uploads\/2021\/03\/7-980x735.jpg 980w, https:\/\/lucididit.com\/wp-content\/uploads\/2021\/03\/7-480x360.jpg 480w\" sizes=\"(min-width: 0px) and (max-width: 480px) 480px, (min-width: 481px) and (max-width: 980px) 980px, (min-width: 981px) and (max-width: 1280px) 1280px, (min-width: 1281px) 2560px, 100vw\" \/><\/p>\n<p>&nbsp;<\/p>\n<p>&nbsp;<\/p>\n<h3><span style=\"color: rgba(0, 0, 0, 0.96); font-size: large;\">2. Multifunktionnele Camouflage<\/span><\/h3>\n<p>Wie bei der ersten L\u00f6sung spielte auch hier das Upcycling eine wichtige Rolle. Der Mini-Heizk\u00f6rper, der sich praktisch in der Mitte des Wohnzimmers befand, machte fast alle Einrichtungspl\u00e4ne nichtig. Also beschlossen wir, ein individuelles M\u00f6belst\u00fcck herzustellen &#8211; aus einem statischen Teil eines Klavierfl\u00fcgels. Aus dem beweglichen haben wir einen originalen <a href=\"https:\/\/lucididit.com\/de\/tisch-aus-einem-alten-fluegel\/\"><span style=\"color: #de5454;\"><b>Klaviertisch<\/b><\/span>\u00a0<\/a>gebastelt<\/p>\n<p>&nbsp;<\/p>\n<p>Den oberen Teil nutze als eine Vermehrungsstation f\u00fcr Zimmerpflanzen. Ich nenne es so, weil ich dort die \u00fcberwiegende Mehrheit der Zimmerpflanzen und Stecklinge sammle, weil genug Tageslicht vorhanden ist. Der untere Teil ist in zwei H\u00e4lften unterteilt: Der erste dient als Bibliothek und die zweite (wo sich der Heizk\u00f6rper befindet) als Stauraum f\u00fcr Zeitschriften.<\/p>\n<p>&nbsp;<\/p>\n<p><img loading=\"lazy\" class=\"aligncenter wp-image-15473 size-full\" src=\"https:\/\/lucididit.com\/wp-content\/uploads\/2021\/03\/4-scaled.jpg\" alt=\"\" width=\"2560\" height=\"1920\" srcset=\"https:\/\/lucididit.com\/wp-content\/uploads\/2021\/03\/4-scaled.jpg 2560w, https:\/\/lucididit.com\/wp-content\/uploads\/2021\/03\/4-1280x960.jpg 1280w, https:\/\/lucididit.com\/wp-content\/uploads\/2021\/03\/4-980x735.jpg 980w, https:\/\/lucididit.com\/wp-content\/uploads\/2021\/03\/4-480x360.jpg 480w\" sizes=\"(min-width: 0px) and (max-width: 480px) 480px, (min-width: 481px) and (max-width: 980px) 980px, (min-width: 981px) and (max-width: 1280px) 1280px, (min-width: 1281px) 2560px, 100vw\" \/><\/p>\n<p>&nbsp;<\/p>\n<p>&nbsp;<\/p>\n<h3><span style=\"color: rgba(0, 0, 0, 0.96); font-size: large;\">3. M\u00f6bell\u00f6sung<\/span><\/h3>\n<p>Jeder ist es gewohnt, Heizung f\u00fcr einen Zweck zu verwenden &#8211; aber auf die gleiche Weise (wie wir bereits in fr\u00fcheren L\u00f6sungen gezeigt haben) k\u00f6nnen sie auch als Teil des Innenraums verwendet werden. Auch diese Konstruktion:<\/p>\n<ul>\n<li><em><strong>f\u00fchlt die Funktion eines Deckungsman\u00f6vers einer unattraktiven W\u00e4rmequelle aus \u2063<\/strong><\/em><\/li>\n<li dir=\"auto\"><em><strong>dient als M\u00f6belst\u00fcck\u2063<\/strong><\/em><\/li>\n<li dir=\"auto\"><em><strong>dank der Halter ist es abnehmbar, sodass nichts gebohrt oder montiert werden muss<\/strong><\/em><\/li>\n<li dir=\"auto\"><em><strong>und sorgt gleichzeitig f\u00fcr die Luftzirkulation und erm\u00f6glicht so den vollen Betrieb des Heizk\u00f6rper<\/strong><\/em><\/li>\n<\/ul>\n<p>&nbsp;<\/p>\n<div dir=\"auto\"><img loading=\"lazy\" class=\"aligncenter wp-image-15467 size-full\" src=\"https:\/\/lucididit.com\/wp-content\/uploads\/2021\/03\/1.jpg\" alt=\"\" width=\"1440\" height=\"1800\" srcset=\"https:\/\/lucididit.com\/wp-content\/uploads\/2021\/03\/1.jpg 1440w, https:\/\/lucididit.com\/wp-content\/uploads\/2021\/03\/1-1280x1600.jpg 1280w, https:\/\/lucididit.com\/wp-content\/uploads\/2021\/03\/1-980x1225.jpg 980w, https:\/\/lucididit.com\/wp-content\/uploads\/2021\/03\/1-480x600.jpg 480w\" sizes=\"(min-width: 0px) and (max-width: 480px) 480px, (min-width: 481px) and (max-width: 980px) 980px, (min-width: 981px) and (max-width: 1280px) 1280px, (min-width: 1281px) 1440px, 100vw\" \/><\/div>\n<div dir=\"auto\">\u00a0<\/div>\n<div dir=\"auto\">\u00a0<\/div>\n<div dir=\"auto\">Die Konstruktion besteht im Wesentlichen nur aus <span style=\"color: #000000;\"><strong>3 breiteren Brettern (2 Seiten + 1 Oberseite)<\/strong><\/span>, auf die wir in regelm\u00e4\u00dfigen Abst\u00e4nden (3 cm) jeweils ein Brett montiert haben (von innen beidseitig mit Hilfe von Winkeln)<\/div>\n<div dir=\"auto\">\u00a0<\/div>\n<div dir=\"auto\">\u00a0<\/div>\n<div dir=\"auto\">\u00a0<\/div>\n<div dir=\"auto\">Die Breite der Bretter, die Gr\u00f6\u00dfe der Abst\u00e4nde und die Art der Anordnung (vertikal oder horizontal) bleibt jedem \u00fcberlassen. Es ist empfehlenswert alles im Voraus so zu planen und anzupassen, dass die Abst\u00e4nde wirklich gleichm\u00e4\u00dfig sind, und vom Anfang an klar ist, wie viele Winkel und Bretter f\u00fcr die Herstellung der Konstruktion ben\u00f6tigt werden.<\/div>\n<div dir=\"auto\">\u00a0<\/div>\n<div dir=\"auto\">\u00a0<\/div>\n<div dir=\"auto\"><img loading=\"lazy\" class=\"aligncenter wp-image-15487 size-full\" src=\"https:\/\/lucididit.com\/wp-content\/uploads\/2021\/03\/6.jpg\" alt=\"\" width=\"1440\" height=\"1440\" srcset=\"https:\/\/lucididit.com\/wp-content\/uploads\/2021\/03\/6.jpg 1440w, https:\/\/lucididit.com\/wp-content\/uploads\/2021\/03\/6-1280x1280.jpg 1280w, https:\/\/lucididit.com\/wp-content\/uploads\/2021\/03\/6-980x980.jpg 980w, https:\/\/lucididit.com\/wp-content\/uploads\/2021\/03\/6-480x480.jpg 480w\" sizes=\"(min-width: 0px) and (max-width: 480px) 480px, (min-width: 481px) and (max-width: 980px) 980px, (min-width: 981px) and (max-width: 1280px) 1280px, (min-width: 1281px) 1440px, 100vw\" \/><\/div>\n<div dir=\"auto\">\u00a0<\/div>\n<div dir=\"auto\">Der Vorteil der gesamten L\u00f6sung besteht darin, dass kein Bohren in die W\u00e4nde erforderlich war. Wir haben die fertige Konstruktion einfach auf die Heizungshalterungen angeh\u00e4ngt. Diese findet ihr z.B. in OBI, HORNBACH usw&#8230;<\/div>\n<div dir=\"auto\">\u00a0<\/div>\n<div dir=\"auto\"><img loading=\"lazy\" class=\"wp-image-15495 size-medium aligncenter\" src=\"https:\/\/lucididit.com\/wp-content\/uploads\/2021\/03\/Screenshot_20210331_134951-300x269.jpg\" alt=\"\" width=\"300\" height=\"269\" \/><\/div>\n<div dir=\"auto\">\u00a0<\/div>\n<div dir=\"auto\">Ich hoffe, ich habe euch ein wenig inspiriert. Vergwesst nicht, dass\u00a0 ihr alle Video-Anleitungen auch auf meinem\u00a0 <span style=\"font-weight: bold; color: #e85d5d;\"><a style=\"color: #e85d5d;\" href=\"https:\/\/www.instagram.com\/lucididit\/\">Instagram Profil in den Highlights \u2013 DIY TUTORIALS.<\/a><\/span><\/div>\n<div dir=\"auto\">\u00a0<\/div>\n<div dir=\"auto\">\u00a0<\/div>\n<div dir=\"auto\">\u00a0<\/div>\n<div dir=\"auto\">\u00a0<\/div>\n<div dir=\"auto\" style=\"text-align: center;\"><strong>Foto:<\/strong> Lucididit<\/div>\n<p>[\/et_pb_text][et_pb_divider _builder_version=&#8221;4.9.2&#8243; _module_preset=&#8221;default&#8221;][\/et_pb_divider][et_pb_post_nav in_same_term=&#8221;on&#8221; _builder_version=&#8221;3.23.3&#8243; title_font=&#8221;Abhaya Libre|700|||||||&#8221; title_text_color=&#8221;rgba(224,43,33,0.82)&#8221; title_font_size=&#8221;18px&#8221; title_line_height=&#8221;1.9em&#8221;][\/et_pb_post_nav][\/et_pb_column][\/et_pb_row][\/et_pb_section]<\/p>\n","protected":false},"excerpt":{"rendered":"<p>Der Heizk\u00f6rper &#8211;\u00a0 alle brauchen ihn, aber jeder w\u00fcrde lieber auf ihn verzichten. Seien wir ehrlich &#8211; Heizungssysteme sind (haupts\u00e4chlich aus \u00e4sthetischen Gr\u00fcnden) wie ein Dorn im Auge. So oder so, ohne Heizung geht es auch nicht, konzentrieren wir uns daher eher auf L\u00f6sungen, wie man sie sowohl funktional als auch optisch in den Innenraum [&hellip;]<\/p>\n","protected":false},"author":1,"featured_media":15476,"comment_status":"open","ping_status":"closed","sticky":false,"template":"","format":"standard","meta":{"_et_pb_use_builder":"on","_et_pb_old_content":"<span style=\"color: #000000;\"><strong>Radi\u00e1tory - v\u0161etci ich potrebujeme, no ka\u017ed\u00fd by sa ich najrad\u0161ej vzdal. Povedzme si to narovinu - s\u00fa (hlavne z estetick\u00fdch d\u00f4vodov) postrahom ka\u017ed\u00e9ho bytu \u010di domu. No darmo, bez nich si nepom\u00f4\u017eeme, a tak sa rad\u0161ej zamerajme na rie\u0161enia, ako ich zakomponova\u0165 do interi\u00e9ru tak, aby viac neboli t\u0155\u0148om v oku.<\/strong><\/span>\r\n\r\n<hr \/>\r\n\r\n\u00a0\r\n<blockquote>\r\n<p style=\"text-align: center;\">M\u00e1m pre v\u00e1s hne\u010f 3 alternat\u00edvy:<\/p>\r\n\r\n<ul style=\"text-align: center;\">\r\n \t<li>funk\u010dn\u00fa<\/li>\r\n \t<li>multifiunk\u010dn\u00fa kamufl\u00e1\u017e<\/li>\r\n \t<li>interi\u00e9rov\u00fa\/ n\u00e1bytkov\u00fa<\/li>\r\n<\/ul>\r\n<\/blockquote>\r\n\u00a0\r\n\r\n\u00a0\r\n<h2 style=\"text-align: center;\">Z\u00e1kladn\u00e9 pravidl\u00e1 pri navrhovan\u00ed krytov radi\u00e1torov<\/h2>\r\nNo predt\u00fdm, ako si na ne posvietime, zhr\u0148me si pravidl\u00e1, na ktor\u00e9 by sme mali myslie\u0165 prv, ako sa ich rozhodneme zakry\u0165. Netreba zab\u00fada\u0165 na to, \u017ee ich nem\u00e1me v bytoch hol\u00e9 a tam kde ich m\u00e1me len tak n\u00e1hodou, ale pre ist\u00e9 p\u00e1dne d\u00f4vody.\r\n<ul>\r\n \t<li><span style=\"color: #000000;\"><strong>Teplo z radi\u00e1tora by malo pr\u00fadi\u0165 priamo dovn\u00fatra vykurovan\u00e9ho priestoru.<\/strong><\/span> Z tohto h\u013eadiska je teda logicky najlep\u0161\u00edm rie\u0161en\u00edm nezakryt\u00fd radi\u00e1tor. Ak ho v\u0161ak chceme zakry\u0165, na toto nesmieme zab\u00fada\u0165. Optim\u00e1lnu cirkul\u00e1ciu vzduchu, a t\u00fdm aj tepeln\u00fa pohodu dosiahneme, ke\u010f pr\u00fadeniu ni\u010d nestoj\u00ed v ceste. A preto s\u00fa vhodn\u00e9 nasledovn\u00e9 rie\u0161enia:<\/li>\r\n<\/ul>\r\n\u00a0\r\n<blockquote>\r\n<p style=\"text-align: left;\"><span style=\"color: #000000;\"><strong><em>Kryty radi\u00e1tora s otvorenou mrie\u017ekou hore<\/em><\/strong><\/span><\/p>\r\n<p style=\"text-align: left;\"><span style=\"color: #000000;\"><strong><em>Kryt radi\u00e1tora s medzerou hore aj dole<\/em><\/strong><\/span><\/p>\r\n<p style=\"text-align: left;\"><span style=\"color: #000000;\"><strong><em>Radi\u00e1tor so zvislou mrie\u017ekou dole<\/em><\/strong><\/span><\/p>\r\n<p style=\"text-align: left;\"><span style=\"color: #000000;\"><strong><em>radi\u00e1tor s pravideln\u00fdmi otvormi pozd\u013a\u017e celej jeho plochy (vertik\u00e1lne alebo horizont\u00e1lne)<\/em><\/strong><\/span><\/p>\r\n<\/blockquote>\r\n\u00a0\r\n\r\n<img class=\"aligncenter wp-image-15469 size-full\" src=\"https:\/\/lucididit.com\/wp-content\/uploads\/2021\/03\/2-scaled.jpg\" alt=\"\" width=\"1920\" height=\"2560\" \/>\r\n<ul>\r\n \t<li><strong><span style=\"color: #000000;\">Materi\u00e1l na v\u00fdrobu krytu by mal by\u0165<\/span> <\/strong>vzh\u013eadom na \u010dast\u00fa zmenu tepl\u00f4t <strong><span style=\"color: #000000;\">odoln\u00fd, \u013eahko udr\u017eiavate\u013en\u00fd<\/span><\/strong> at\u010f. Vhodn\u00e9 s\u00fa rozmerovo st\u00e1le dreven\u00e9 materi\u00e1ly.<\/li>\r\n<\/ul>\r\n\u00a0\r\n\r\nTak a teraz, ke\u010f sme si zhrnuli najd\u00f4le\u017eitej\u0161ie body, pozrime sa na 3 rie\u0161enia, ktor\u00e9 sme realizovali v na\u0161om pr\u00edbytku:\r\n\r\n\u00a0\r\n<h2 style=\"text-align: center;\">Ako zakry\u0165 \u0161kared\u00e9 radi\u00e1tory, ztakomponova\u0165 ich do inter\u00e9ru ako funk\u010dn\u00fa s\u00fa\u010das\u0165 n\u00e1bytku a zachova\u0165 ich p\u00f4vodn\u00fa funkciu?<\/h2>\r\n\u00a0\r\n<h3>1.Funk\u010dn\u00fd kryt radi\u00e1tora<\/h3>\r\nRealiz\u00e1cia a viac\u00fa\u010delov\u00e9 vyu\u017eitie tohto rie\u0161enia z neho robia doslova dizajn\u00e9rsky k\u00fasok. Kostra seda\u010dky je vyroben\u00e1\u00a0<span style=\"color: #000000;\"><strong>zo star\u00e9ho p\u00edsacieho stola<\/strong><\/span>, ktor\u00fd je natret\u00fd rovnak\u00fdm n\u00e1terom ako vy\u0161\u0161ie spom\u00ednan\u00fd potravinov\u00fd reg\u00e1l. Vn\u00fatro drevenej kostry sme vyplnili priemyseln\u00fdm pletivom, na ktor\u00e9ho povrch putovali upcyklovan\u00e9 p\u00edsmen\u00e1 zo star\u00fdch kami\u00f3nov.\r\n\r\nPosledn\u00fa bodku lavici dodali sed\u00e1ky zladen\u00e9 s farbou steny a garder\u00f3by. Seda\u010dka sl\u00fa\u017ei z\u00e1rove\u0148 ako kryc\u00ed man\u00e9ver ru\u0161iv\u00e9ho vykurovacieho telesa. <a href=\"https:\/\/lucididit.com\/projekt-predsien-11-napadov-na-ceste-k-industrialu\/\"><span style=\"color: #de5454;\"><strong>Upcykl\u00e1\u010dn\u00e9 rie\u0161enia<\/strong><\/span><\/a> a ekologick\u00fd faktor hraj\u00fa u n\u00e1s rolu takmer na ka\u017edom kroku.\r\n\r\n\u00a0\r\n\r\n<img class=\"aligncenter wp-image-13687 size-full\" src=\"https:\/\/lucididit.com\/wp-content\/uploads\/2020\/02\/IMG_20200208_153021-1_resized_20200605_014712253-scaled.jpg\" alt=\"\" width=\"2560\" height=\"1920\" \/>\r\n\r\n\u00a0\r\n\r\n\u00a0\r\n<h3>2. Multifunk\u010dn\u00e1 kamufl\u00e1\u017e<\/h3>\r\nPodobne ako pri prvom rie\u0161en\u00ed, i tu hrala upcykl\u00e1cia pr\u00edm. Mini radi\u00e1tor umiestnen\u00fd prakticky v strede balk\u00f3novej \u010dasti ob\u00fdvacej miestnosti znemo\u017e\u0148oval takmer ak\u00e9ko\u013evek zaria\u010fovacie pl\u00e1ny. A tak sme sa rozhodli vyrobi\u0165 si kus n\u00e1bytku na mieru - zo statickej \u010dasti klav\u00edrneho kr\u00eddla. Z jeho pohyblivej \u010dasti sme si vyrobili origin\u00e1lny <a href=\"https:\/\/lucididit.com\/stol-zo-stareho-kridla\/\"><span style=\"color: #de5454;\"><strong>klav\u00edrny st\u00f4l<\/strong><\/span><\/a>.\r\n\r\n\u00a0\r\n\r\nHorn\u00fa \u010das\u0165 vyu\u017e\u00edvam ako rozmno\u017eovaciu stanicu pre izbov\u00e9 rastliny. Vol\u00e1m to tak preto, lebo tam kv\u00f4li dostatku denn\u00e9ho svetla zhroma\u017e\u010fujem drviv\u00fa va\u010d\u0161inu izboviek i odrezkov. Spodn\u00fa \u010das\u0165 sme rozdelili na dve \u010dasti. Prv\u00fasme vyu\u017eili ako kni\u017enicu a druh\u00fa (radi\u00e1torov\u00fa) ako odkladac\u00ed priestor pre \u010dasopisy.\r\n\r\n<img class=\"aligncenter wp-image-15473 size-full\" src=\"https:\/\/lucididit.com\/wp-content\/uploads\/2021\/03\/4-scaled.jpg\" alt=\"\" width=\"2560\" height=\"1920\" \/>\r\n\r\n\u00a0\r\n\r\n\u00a0\r\n<h3>3. Interi\u00e9rov\u00e9 rie\u0161enie<\/h3>\r\nKa\u017ed\u00fd je zvyknut\u00fd pou\u017e\u00edva\u0165 n\u00e1bytok na jeden \u00fa\u010del - no rovnako (ako sme si uk\u00e1zali u\u017e na predo\u0161l\u00fdch rie\u0161eniach) sa d\u00e1 vyu\u017ei\u0165 i ako s\u00fa\u010das\u0165 interi\u00e9ru \u010di kus n\u00e1bytku. Podobne ako t\u00e1to kon\u0161trukcia, ktor\u00e1:\r\n<ul>\r\n \t<li><em><strong>pln\u00ed funkciu krycieho man\u00e9vru nev\u00e1bneho tepeln\u00e9ho zdroja \u2063<\/strong><\/em><\/li>\r\n \t<li dir=\"auto\"><em><strong>sl\u00fa\u017ei ako kus n\u00e1bytku\u2063<\/strong><\/em><\/li>\r\n \t<li dir=\"auto\"><em><strong>v\u010faka dr\u017eiakom je odn\u00edmate\u013en\u00e1, \u010di\u017ee nie je nutn\u00e9 ni\u010d v\u0155ta\u0165 ani montova\u0165<\/strong><\/em><\/li>\r\n \t<li dir=\"auto\"><em><strong>a z\u00e1rove\u0148 sa star\u00e1 cirkul\u00e1ciu vzduchu, \u010d\u00edm umo\u017enuje pln\u00e9 fungovanie vykurovacieho telesa\u2063\u00a0<\/strong><\/em><\/li>\r\n<\/ul>\r\n\u00a0\r\n<div dir=\"auto\"><img class=\"aligncenter wp-image-15467 size-full\" src=\"https:\/\/lucididit.com\/wp-content\/uploads\/2021\/03\/1.jpg\" alt=\"\" width=\"1440\" height=\"1800\" \/><\/div>\r\n<div dir=\"auto\"><\/div>\r\n<div dir=\"auto\"><\/div>\r\n<div dir=\"auto\">Kon\u0161trukcia pozost\u00e1va v princ\u00edpe len <span style=\"color: #000000;\"><strong>z 3 \u0161ir\u0161\u00edch dosiek (2 bo\u010dn\u00e9 + 1 horn\u00e1)<\/strong><\/span>, na ktor\u00fa sme v pravideln\u00fdch odstupoch (3 cm) v\u0155tali jednu dosku po druhej. Dosky sme v\u0155tali z vn\u00fatornej strany po oboch stran\u00e1ch<strong><span style=\"color: #000000;\"> za pomoci uho\u013en\u00edkov\/konzol.<\/span><\/strong><\/div>\r\n<div dir=\"auto\"><\/div>\r\n<div dir=\"auto\"><\/div>\r\n<div dir=\"auto\">\u0160\u00edrka dosiek, ve\u013ekos\u0165 odstupov i sp\u00f4sob radenia (vertik\u00e1lne \u010di horizont\u00e1lne je ot\u00e1zkou individu\u00e1lnych preferenci\u00ed). Dobr\u00e9 je si to vopred napl\u00e1nova\u0165 a prisp\u00f4sobi\u0165 na mieru tak, aby boli odstupy naozaj rovnomern\u00e9 a bolo vopred jasn\u00e9, ko\u013eko konzol a ko\u013eko dosiek bude na realiz\u00e1ciu kon\u0161trukcie potrebn\u00fdch.<\/div>\r\n<div dir=\"auto\"><\/div>\r\n<div dir=\"auto\"><img class=\"aligncenter wp-image-15479 size-full\" src=\"https:\/\/lucididit.com\/wp-content\/uploads\/2021\/03\/inCollage_20210331_122914161_resized_20210331_122932828.jpg\" alt=\"\" width=\"1440\" height=\"1440\" \/><\/div>\r\n<div dir=\"auto\"><\/div>\r\n<div dir=\"auto\">\u0160pecifik\u00e1ciou cel\u00e9ho rie\u0161enia je, \u017ee nebolo nutn\u00e9 \u017eiadne v\u0155tanie do stien. Hotov\u00fa kon\u0161trukciu sme len zavesili na r<strong><span style=\"color: #000000;\">adi\u00e1torov\u00e9 konzoly<\/span><\/strong>, ktor\u00e9 umo\u017e\u0148uj\u00fa jej odn\u00edmanie kedyko\u013evek to je mo\u017en\u00e9.<\/div>\r\n<div dir=\"auto\"><\/div>\r\n<div dir=\"auto\"><\/div>\r\n<div dir=\"auto\">Tak, ver\u00edm, \u017ee som v\u00e1s tro\u0161ku povzbudila a in\u0161irovala aspo\u0148 jedn\u00fdm z tipov. Pokojne mi dajte vedie\u0165, ktor\u00e1 z alternat\u00edv sa v\u00e1m pozd\u00e1va najviac.<\/div>\r\n<div dir=\"auto\"><\/div>\r\n<div dir=\"auto\"><\/div>\r\n<div dir=\"auto\" style=\"text-align: center;\"><strong>Foto:<\/strong> Lucididit<\/div>","_et_gb_content_width":""},"categories":[61,35],"tags":[],"yst_prominent_words":[],"_links":{"self":[{"href":"https:\/\/lucididit.com\/de\/wp-json\/wp\/v2\/posts\/15543"}],"collection":[{"href":"https:\/\/lucididit.com\/de\/wp-json\/wp\/v2\/posts"}],"about":[{"href":"https:\/\/lucididit.com\/de\/wp-json\/wp\/v2\/types\/post"}],"author":[{"embeddable":true,"href":"https:\/\/lucididit.com\/de\/wp-json\/wp\/v2\/users\/1"}],"replies":[{"embeddable":true,"href":"https:\/\/lucididit.com\/de\/wp-json\/wp\/v2\/comments?post=15543"}],"version-history":[{"count":0,"href":"https:\/\/lucididit.com\/de\/wp-json\/wp\/v2\/posts\/15543\/revisions"}],"wp:featuredmedia":[{"embeddable":true,"href":"https:\/\/lucididit.com\/de\/wp-json\/wp\/v2\/media\/15476"}],"wp:attachment":[{"href":"https:\/\/lucididit.com\/de\/wp-json\/wp\/v2\/media?parent=15543"}],"wp:term":[{"taxonomy":"category","embeddable":true,"href":"https:\/\/lucididit.com\/de\/wp-json\/wp\/v2\/categories?post=15543"},{"taxonomy":"post_tag","embeddable":true,"href":"https:\/\/lucididit.com\/de\/wp-json\/wp\/v2\/tags?post=15543"},{"taxonomy":"yst_prominent_words","embeddable":true,"href":"https:\/\/lucididit.com\/de\/wp-json\/wp\/v2\/yst_prominent_words?post=15543"}],"curies":[{"name":"wp","href":"https:\/\/api.w.org\/{rel}","templated":true}]}}