{"id":16267,"date":"2021-11-16T12:41:53","date_gmt":"2021-11-16T11:41:53","guid":{"rendered":"https:\/\/lucididit.com\/?p=16267"},"modified":"2023-05-16T13:24:49","modified_gmt":"2023-05-16T11:24:49","slug":"verwandlung-einer-toilette","status":"publish","type":"post","link":"https:\/\/lucididit.com\/de\/verwandlung-einer-toilette\/","title":{"rendered":"VORHER &#038; NACHGER: Verwandlung der Toilette"},"content":{"rendered":"<p>[et_pb_section fb_built=&#8221;1&#8243; _builder_version=&#8221;4.16&#8243; custom_padding=&#8221;0px||0px|||&#8221; global_colors_info=&#8221;{}&#8221;][et_pb_row _builder_version=&#8221;4.16&#8243; background_size=&#8221;initial&#8221; background_position=&#8221;top_left&#8221; background_repeat=&#8221;repeat&#8221; global_colors_info=&#8221;{}&#8221;][et_pb_column type=&#8221;4_4&#8243; _builder_version=&#8221;4.16&#8243; custom_padding=&#8221;|||&#8221; global_colors_info=&#8221;{}&#8221; custom_padding__hover=&#8221;|||&#8221;][et_pb_text _builder_version=&#8221;4.16&#8243; text_font_size=&#8221;14px&#8221; text_line_height=&#8221;1.9em&#8221; background_size=&#8221;initial&#8221; background_position=&#8221;top_left&#8221; background_repeat=&#8221;repeat&#8221; text_orientation=&#8221;justified&#8221; global_colors_info=&#8221;{}&#8221;]<\/p>\n<p><span style=\"color: #000000;\"><strong>\u00a0Die au\u00dfergew\u00f6hnliche Verwandlung einer au\u00dfergew\u00f6hnlichen Toilette ist in diesem Fall mehr als ein passender Ausdruck \u2013 wer f\u00e4ngt schlie\u00dflich zu Hause an, in einem so kleinen Raum wie eine Toilette alle vier W\u00e4nde einschlie\u00dflich der Decke schwarz zu streichen, um sie in eine noch verr\u00fccktere Art und Weise zu verwandeln? Wir schon! Bereits beim Umzug haben wir gewusst, dass wir unser Zuhause zu einem Ort machen werden, der UNS widerspiegelt. Eine gewisse Willk\u00fcrlichkeit und Freiheit in der Einrichtung ist f\u00fcr uns die einzige M\u00f6glichkeit, dies zu verwirklichen.<\/strong><\/span><\/p>\n<p>&nbsp;<\/p>\n<p>&nbsp;<\/p>\n<h3><strong><span style=\"color: #000000;\">Schwarze W\u00e4nde. Ja oder Nein?<\/span><\/strong><\/h3>\n<p>L\u00fcgen wir uns nicht an, schwarze W\u00e4nde sind nicht jedermanns Sache. W\u00e4hrend sie f\u00fcr manche ein Zeichen von Mut und Eleganz sind, wirken sie f\u00fcr andere eher absto\u00dfend. Wir wussten von Anfang an, dass wir uns auf der G\u00e4stetoilette so richtig austoben werden. Wir haben sie <strong><span style=\"color: #000000;\">schwarz <\/span><\/strong>gestrichen und an die W\u00e4nde ein paar Motivationsspr\u00fcche auf Englisch, Deutsch und Slowakisch geschrieben (im Bezug auf unseren mehrsprachigen Haushalt), um uns tagt\u00e4glich daran zu erinnern, worauf es im Leben ankommt.<\/p>\n<p><img loading=\"lazy\" class=\"aligncenter wp-image-16257 size-full\" src=\"https:\/\/lucididit.com\/wp-content\/uploads\/2021\/11\/inCollage_20211107_202721543.jpg\" alt=\"\" width=\"2400\" height=\"1920\" srcset=\"https:\/\/lucididit.com\/wp-content\/uploads\/2021\/11\/inCollage_20211107_202721543.jpg 2400w, https:\/\/lucididit.com\/wp-content\/uploads\/2021\/11\/inCollage_20211107_202721543-1280x1024.jpg 1280w, https:\/\/lucididit.com\/wp-content\/uploads\/2021\/11\/inCollage_20211107_202721543-980x784.jpg 980w, https:\/\/lucididit.com\/wp-content\/uploads\/2021\/11\/inCollage_20211107_202721543-480x384.jpg 480w\" sizes=\"(min-width: 0px) and (max-width: 480px) 480px, (min-width: 481px) and (max-width: 980px) 980px, (min-width: 981px) and (max-width: 1280px) 1280px, (min-width: 1281px) 2400px, 100vw\" \/><\/p>\n<p>Nach drei Jahren hatten wir es allerdings satt, also beschloss ich, etwas noch Verr\u00fcckteres zu wagen. Der schwarz-wei\u00dfe <span style=\"color: #000000;\"><strong>Anstrich, <\/strong><\/span>der an <span style=\"color: #000000;\"><strong>e<span style=\"color: #000000;\">ine<\/span><\/strong> <strong>leicht psychedelische Note<\/strong><\/span> erinnert, ist mehr als unkonventionell. Das sind WIR aber auch! Also war unsere Wahl klar, wir tun es einfach!<\/p>\n<p>&nbsp;<\/p>\n<p>&nbsp;<\/p>\n<h3><strong><span style=\"color: #000000;\">Verwandlung mit Investition unter 100 Euro<\/span><\/strong><\/h3>\n<p>Wie bei der <strong><span style=\"color: #f25757;\"><a style=\"color: #f25757;\" href=\"https:\/\/lucididit.com\/de\/vorher-nachher-raumverwandlung-ohne-umbau\/\">Verwandlung des Kinderzimmers<\/a><\/span><\/strong> haben wir f\u00fcr den Toiletten-Remake nicht mehr Geld als n\u00f6tig ausgegeben. Die einzige Investition in diesem Fall waren::<\/p>\n<ul>\n<li><em><strong><span style=\"color: #000000;\">Farben, <\/span><\/strong><\/em><\/li>\n<li><em><strong><span style=\"color: #000000;\">Farbroller, <\/span><\/strong><\/em><\/li>\n<li><em><strong><span style=\"color: #000000;\">Malb\u00e4nder, <\/span><\/strong><\/em><\/li>\n<li><em><strong><span style=\"color: #000000;\">Pinsel und Einweghandschuhe<\/span><\/strong><\/em><\/li>\n<\/ul>\n<p>&nbsp;<\/p>\n<p>&nbsp;<\/p>\n<h3><strong><span style=\"color: #000000;\">Grafikmuster inspiriert von TAPE ART<\/span><\/strong><\/h3>\n<p>Bei der Umsetzung des schwarz-wei\u00dfen grafischen Musters wurde ich von <strong><span style=\"color: #000000;\">TAPE ART<\/span>\u00a0<\/strong>Kunst inspiriert. Sie \u00e4hnelt der klassischen Malkunst, nur mit dem Unterschied, dass anstelle von Farbe Klebeb\u00e4nder verwendet werden. Ich habe mich f\u00fcr meine eigene Interpretation entschieden &#8211; eine Kombination aus traditioneller Malerei, die an die Arbeit von TAPE ART erinnert, die aber keine solche ist (zumindest nicht im eigentlichen Sinne des Wortes \u2013 weil ich die B\u00e4nder zwar verwendet, diese jedoch nach Erf\u00fcllung des Zwecks entfernt habe).<\/p>\n<p><img loading=\"lazy\" class=\"aligncenter wp-image-16253 size-full\" src=\"https:\/\/lucididit.com\/wp-content\/uploads\/2021\/11\/inCollage_20211107_201211239.jpg\" alt=\"\" width=\"2400\" height=\"1920\" srcset=\"https:\/\/lucididit.com\/wp-content\/uploads\/2021\/11\/inCollage_20211107_201211239.jpg 2400w, https:\/\/lucididit.com\/wp-content\/uploads\/2021\/11\/inCollage_20211107_201211239-1280x1024.jpg 1280w, https:\/\/lucididit.com\/wp-content\/uploads\/2021\/11\/inCollage_20211107_201211239-980x784.jpg 980w, https:\/\/lucididit.com\/wp-content\/uploads\/2021\/11\/inCollage_20211107_201211239-480x384.jpg 480w\" sizes=\"(min-width: 0px) and (max-width: 480px) 480px, (min-width: 481px) and (max-width: 980px) 980px, (min-width: 981px) and (max-width: 1280px) 1280px, (min-width: 1281px) 2400px, 100vw\" \/><\/p>\n<p>Die Malb\u00e4nder habe ich ohne jegliche Schablone oder pr\u00e4zische Ma\u00dfangaben an die Wand geklebt. Die gr\u00f6\u00dfte Herausforderung bestand darin, klare Linien zu erzielen. <strong><span style=\"color: #000000;\">Das A und O sind: ein hochwertiges Malerband, eine gr\u00fcndliche Verklebung, aber auch eine angemessene Menge Farbe auf einer Rolle. Je gr\u00fcndlicher die Vorbereitung und Arbeit, desto sauberer die Linien.<\/span> <\/strong>Bei Bedarf habe ich mit meiner freien Hand kleinere M\u00e4ngel mit Hilfe eines d\u00fcnnen Pinsels ausgeglichen. Um das gesamte Wand-Projekt abzuschlie\u00dfen habe ich <strong><span style=\"color: #000000;\">3 bis 4 Bandrollen verwendet<\/span><\/strong>.<\/p>\n<p>Die selbe Technik habe ich auch bei dem REFRESH meiner Malerecke verwendet:<\/p>\n<blockquote class=\"wp-embedded-content\" data-secret=\"QpbLbst8Hj\"><p><a href=\"https:\/\/lucididit.com\/de\/kreative-wand-idee\/\">Kreative Wand-Idee (nicht nur) f\u00fcr Maler<\/a><\/p><\/blockquote>\n<p><iframe class=\"wp-embedded-content\" sandbox=\"allow-scripts\" security=\"restricted\" style=\"position: absolute; clip: rect(1px, 1px, 1px, 1px);\" title=\"&#8222;Kreative Wand-Idee (nicht nur) f\u00fcr Maler&#8220; &#8212; lucididit.com\" src=\"https:\/\/lucididit.com\/de\/kreative-wand-idee\/embed\/#?secret=QpbLbst8Hj\" data-secret=\"QpbLbst8Hj\" width=\"600\" height=\"338\" frameborder=\"0\" marginwidth=\"0\" marginheight=\"0\" scrolling=\"no\"><\/iframe><\/p>\n<p>&nbsp;<\/p>\n<p>&nbsp;<\/p>\n<h3><strong><span style=\"color: #000000;\">Farbakzente<\/span><\/strong><\/h3>\n<p>Das Erstaunlichste an der Schwarz-Wei\u00df-Kombination ist, dass sie zeitlos ist und mit jeder Farbe kombiniert werden kann! Wir haben uns (f\u00fcr uns komplett untypisch) f\u00fcr GELB entschieden &#8211; im Sinne von\u00a0<strong><span style=\"color: #000000;\"> &#8220;wenn mutig, dann so richtig&#8221;<\/span><\/strong>. Wir haben unsere Grenzen der Akzeptanz einen Schritt weitergetrieben und der Farbe eine Chance gegeben, die in unserem Zuhause bis jetzt keine Anwendung gefunden hat.<\/p>\n<p><img loading=\"lazy\" class=\"aligncenter wp-image-16255 size-full\" src=\"https:\/\/lucididit.com\/wp-content\/uploads\/2021\/11\/inCollage_20211107_202301392.jpg\" alt=\"\" width=\"2400\" height=\"1920\" srcset=\"https:\/\/lucididit.com\/wp-content\/uploads\/2021\/11\/inCollage_20211107_202301392.jpg 2400w, https:\/\/lucididit.com\/wp-content\/uploads\/2021\/11\/inCollage_20211107_202301392-1280x1024.jpg 1280w, https:\/\/lucididit.com\/wp-content\/uploads\/2021\/11\/inCollage_20211107_202301392-980x784.jpg 980w, https:\/\/lucididit.com\/wp-content\/uploads\/2021\/11\/inCollage_20211107_202301392-480x384.jpg 480w\" sizes=\"(min-width: 0px) and (max-width: 480px) 480px, (min-width: 481px) and (max-width: 980px) 980px, (min-width: 981px) and (max-width: 1280px) 1280px, (min-width: 1281px) 2400px, 100vw\" \/><\/p>\n<p><strong><span style=\"color: #000000;\">F\u00fcr diesen mutigen Schritt haben wir 4 Holzkisten gekauft (3 kleine und eine gro\u00dfe). <\/span><\/strong>Mit viel \u00dcberwindung habe ich sie leuchtend gelb gestrichen, was in diesem Fall der Hauptfarbakzent sein sollte. Ich will euch nicht anl\u00fcgen, ich wollte sie innerhalb einer Stunde mit Orange-Rot \u00fcbermalen, aber mit etwas Abstand kam mir die Schwarz-Wei\u00df-Rot-Kombination etwas\u2026naja\u2026sagen wir mal, nicht \u00fcberraschend.<\/p>\n<h3>\u00a0<\/h3>\n<p>&nbsp;<\/p>\n<h3><span style=\"color: #000000;\"><strong>\u201eMatchy \u2013 matchy\u201c<\/strong><\/span><\/h3>\n<p>Um das Gesamtbild zu vervollst\u00e4ndigen, haben wir ein paar passende <span style=\"text-decoration: underline;\"><a href=\"https:\/\/www.slowedit.at\/workshops\/\">Dekorationen und Details<\/a><\/span> ausgesucht: Zeitschriften, Handt\u00fccher, kleine Pflanzen&#8230; und nat\u00fcrlich Wandbilder. Diese lockern es etwas auf. Wenn ihr euch die m\u00fchsame Suche nach den Mustern, deren Kombination und die anschlie\u00dfende Zusammenstellung sparen m\u00f6chtet, k\u00f6nnt ihr auf<span style=\"color: #f55353;\">\u00a0<strong><a style=\"color: #f55353;\" href=\"https:\/\/desenio.at\/at\/influencer-code-13?utm_source=instagram&amp;utm_medium=referral&amp;utm_campaign=infl&amp;utm_content=jj-lucia-malikova#event=45734-activateDiscount=LUCI35\">Desenio.at<\/a> <\/strong><\/span>bereits fertige Bildersets kaufen.<span style=\"font-size: 14px;\">\u00a0<\/span><\/p>\n<p><img loading=\"lazy\" class=\"aligncenter wp-image-16251 size-full\" src=\"https:\/\/lucididit.com\/wp-content\/uploads\/2021\/11\/inCollage_20211107_191601796-1.jpg\" alt=\"\" width=\"2400\" height=\"1920\" srcset=\"https:\/\/lucididit.com\/wp-content\/uploads\/2021\/11\/inCollage_20211107_191601796-1.jpg 2400w, https:\/\/lucididit.com\/wp-content\/uploads\/2021\/11\/inCollage_20211107_191601796-1-1280x1024.jpg 1280w, https:\/\/lucididit.com\/wp-content\/uploads\/2021\/11\/inCollage_20211107_191601796-1-980x784.jpg 980w, https:\/\/lucididit.com\/wp-content\/uploads\/2021\/11\/inCollage_20211107_191601796-1-480x384.jpg 480w\" sizes=\"(min-width: 0px) and (max-width: 480px) 480px, (min-width: 481px) and (max-width: 980px) 980px, (min-width: 981px) and (max-width: 1280px) 1280px, (min-width: 1281px) 2400px, 100vw\" \/><\/p>\n<ul>\n<li><span style=\"color: #000000;\"><strong><a style=\"color: #000000;\" href=\"https:\/\/desenio.at\/at\/poster\/poster-mit-spruchen\/typografie-poster-24\">BRIGHT SIDE<\/a><\/strong>, <a style=\"color: #000000;\" href=\"https:\/\/desenio.at\/at\/poster\/poster-mit-spruchen\/zitatebild\"><strong>GET NAKED<\/strong><\/a>, <a style=\"color: #000000;\" href=\"https:\/\/desenio.at\/at\/poster\/schwarz-und-wei\/mann-der-zeitung-liest\"><strong>LE CANARD<\/strong><\/a>, <a style=\"color: #000000;\" href=\"https:\/\/desenio.at\/at\/poster\/fotografien\/gelbes-zimmer-in-das-die-sonne-scheint\"><strong>YELLOW BALCONY<\/strong><\/a><\/span><\/li>\n<\/ul>\n<p>&nbsp;<\/p>\n<p>Es funktioniert ganz einfach. Entweder such ihr euch eine gesamte Komposition aus (die variabel ist) oder jedes Bild separat und erstellt eure eigene Galerie. Bilder bzw. Poster sind nur in den auf der Website angegebenen Gr\u00f6\u00dfen erh\u00e4ltlich. Die Bilderrahmen sind separat. W\u00e4hlt daher eure Pr\u00e4ferenzen (Passepartout, Bilderrahmen, deren Farben\u2026 etc.) beim Komponieren aus. Wenn ihr ein passendes Bilderset findet, bei dem euch aber nur ein Poster nicht gef\u00e4llt, k\u00f6nnt ihr es aus der Galerie entfernen (oder stattdessen ein anderes aussuchen)<\/p>\n<p>&nbsp;<\/p>\n<p>Falls euch irgend ein Bild angesprochen hat, alle Namen und Links findet ihr unter den Fotos genauso, wie sie auf <span style=\"color: #f55353;\"><a style=\"color: #f55353;\" href=\"https:\/\/desenio.at\/at\/influencer-code-13?utm_source=instagram&amp;utm_medium=referral&amp;utm_campaign=infl&amp;utm_content=jj-lucia-malikova#event=45734-activateDiscount=LUCI35\"><strong>Desenio.at<\/strong><\/a> <\/span>zu finden sind:<\/p>\n<p>&nbsp;<\/p>\n<p><img loading=\"lazy\" class=\"aligncenter wp-image-16249 size-full\" src=\"https:\/\/lucididit.com\/wp-content\/uploads\/2021\/11\/IMG_20211107_122402-scaled.jpg\" alt=\"\" width=\"1920\" height=\"2560\" srcset=\"https:\/\/lucididit.com\/wp-content\/uploads\/2021\/11\/IMG_20211107_122402-scaled.jpg 1920w, https:\/\/lucididit.com\/wp-content\/uploads\/2021\/11\/IMG_20211107_122402-1280x1707.jpg 1280w, https:\/\/lucididit.com\/wp-content\/uploads\/2021\/11\/IMG_20211107_122402-980x1307.jpg 980w, https:\/\/lucididit.com\/wp-content\/uploads\/2021\/11\/IMG_20211107_122402-480x640.jpg 480w\" sizes=\"(min-width: 0px) and (max-width: 480px) 480px, (min-width: 481px) and (max-width: 980px) 980px, (min-width: 981px) and (max-width: 1280px) 1280px, (min-width: 1281px) 1920px, 100vw\" \/><\/p>\n<ul>\n<li><span style=\"color: #000000;\"><a style=\"color: #000000;\" href=\"https:\/\/desenio.at\/at\/poster\/poster-mit-spruchen\/typografie-dear-bed\"><strong>DEAR BED I LOVE YOU NO1<\/strong><\/a>, <a style=\"color: #000000;\" href=\"https:\/\/desenio.at\/at\/poster\/poster-mit-spruchen\/i-love-you\"><strong>DEAR BED I LOVE YOU NO2<\/strong><\/a><\/span><\/li>\n<\/ul>\n<p>&nbsp;<\/p>\n<p>Wie gestaltet man eigentliche eine Bilderwand?<a href=\"https:\/\/lucididit.com\/de\/bilderwand-gestalten-diese-5-tricks-helfen-euch-dabei\/\"><span style=\"color: #f55353;\"><strong> Diese 5 Tricks hefen euch dabei.<\/strong><\/span><\/a><\/p>\n<p><img loading=\"lazy\" class=\"aligncenter wp-image-14507 size-full\" src=\"https:\/\/lucididit.com\/wp-content\/uploads\/2020\/10\/12.jpg\" alt=\"\" width=\"1942\" height=\"2402\" srcset=\"https:\/\/lucididit.com\/wp-content\/uploads\/2020\/10\/12.jpg 1942w, https:\/\/lucididit.com\/wp-content\/uploads\/2020\/10\/12-1280x1583.jpg 1280w, https:\/\/lucididit.com\/wp-content\/uploads\/2020\/10\/12-980x1212.jpg 980w, https:\/\/lucididit.com\/wp-content\/uploads\/2020\/10\/12-480x594.jpg 480w\" sizes=\"(min-width: 0px) and (max-width: 480px) 480px, (min-width: 481px) and (max-width: 980px) 980px, (min-width: 981px) and (max-width: 1280px) 1280px, (min-width: 1281px) 1942px, 100vw\" \/><\/p>\n<ul>\n<li><span style=\"color: #000000;\"><a style=\"color: #000000;\" href=\"https:\/\/desenio.at\/at\/bilderwande\/wohnzimmer-poster\/ein-hauch-von-tropenflair\"><strong>TROPICAL HEAT Bilderwand<\/strong><\/a><\/span><\/li>\n<\/ul>\n<p><span style=\"color: #000000;\"><strong><\/strong><\/span><\/p>\n<blockquote>\n<p>Schaut euch mein ganzes <a href=\"https:\/\/www.slowedit.at\/portfolio-presse\/\" class=\"broken_link\"><span style=\"text-decoration: underline;\">Portfolio<\/span> <\/a>an.<span style=\"color: #000000;\"><strong><\/strong><\/span><\/p>\n<\/blockquote>\n<p style=\"text-align: center;\"><strong>Foto:<\/strong>\u00a0Lucididit<\/p>\n<p style=\"text-align: center;\">\n<p>&nbsp;<\/p>\n<p>[\/et_pb_text][et_pb_divider color=&#8221;#000000&#8243; _builder_version=&#8221;4.16&#8243; global_colors_info=&#8221;{}&#8221;][\/et_pb_divider][et_pb_post_nav in_same_term=&#8221;on&#8221; admin_label=&#8221;Navig\u00e1cia medzi pr\u00edspevkami&#8221; _builder_version=&#8221;4.16&#8243; title_font=&#8221;Abhaya Libre|700|||||||&#8221; title_text_color=&#8221;#e0463e&#8221; title_font_size=&#8221;19px&#8221; title_line_height=&#8221;1.8em&#8221; z_index_tablet=&#8221;500&#8243; title_text_shadow_horizontal_length_tablet=&#8221;0px&#8221; title_text_shadow_vertical_length_tablet=&#8221;0px&#8221; title_text_shadow_blur_strength_tablet=&#8221;1px&#8221; box_shadow_horizontal_tablet=&#8221;0px&#8221; box_shadow_vertical_tablet=&#8221;0px&#8221; box_shadow_blur_tablet=&#8221;40px&#8221; box_shadow_spread_tablet=&#8221;0px&#8221; saved_tabs=&#8221;all&#8221; global_colors_info=&#8221;{}&#8221;][\/et_pb_post_nav][\/et_pb_column][\/et_pb_row][\/et_pb_section]<\/p>\n","protected":false},"excerpt":{"rendered":"<p>\u00a0Die au\u00dfergew\u00f6hnliche Verwandlung einer au\u00dfergew\u00f6hnlichen Toilette ist in diesem Fall mehr als ein passender Ausdruck \u2013 wer f\u00e4ngt schlie\u00dflich zu Hause an, in einem so kleinen Raum wie eine Toilette alle vier W\u00e4nde einschlie\u00dflich der Decke schwarz zu streichen, um sie in eine noch verr\u00fccktere Art und Weise zu verwandeln? Wir schon! Bereits beim Umzug [&hellip;]<\/p>\n","protected":false},"author":1,"featured_media":16256,"comment_status":"open","ping_status":"closed","sticky":false,"template":"","format":"standard","meta":{"_et_pb_use_builder":"on","_et_pb_old_content":"<p><span style=\"color: #000000;\"><strong>Neoby\u010dajn\u00e1 premena neoby\u010dajnej toalety je v tomto pr\u00edpade viac ako v\u00fdsti\u017en\u00e1 - ve\u010f kto sa u\u017e doma pust\u00ed do vyma\u013eovania v\u0161etk\u00fdch \u0161tyroch stien vr\u00e1tane stropu na \u010dierno v takej malej miestnosti akou je toaleta, aby ju nesk\u00f4r premenil do e\u0161te bl\u00e1znivej\u0161ej podoby? My \u00e1no! U\u017e pri s\u0165ahovan\u00ed sme si povedali, \u017ee z n\u00e1\u0161ho domova urob\u00edme miesto, v ktorom bude na ka\u017edom kroku c\u00edti\u0165 N\u00c1S... Odviazanos\u0165 a opov\u00e1\u017elivos\u0165 pri zaria\u010fovan\u00ed n\u00e1\u0161ho pr\u00edbytku je pre n\u00e1s jedinou\u00a0 mo\u017eou cestou, ako to zrealizova\u0165.<\/strong><\/span><\/p><p>\u00a0<\/p><p>\u00a0<\/p><h3><strong><span style=\"color: #000000;\">\u010cierne steny. \u00c1no alebo nie?<\/span><\/strong><\/h3><p>\u010co si budeme klama\u0165, \u010dierne steny nie s\u00fa pre ka\u017ed\u00e9ho. K\u00fdm pre niekoho s\u00fa znakom odv\u00e1\u017enosti a elegantnosti, na in\u00e9ho p\u00f4sobia sk\u00f4r odpudivo ba a\u017e zastra\u0161uj\u00faco. V na\u0161om pr\u00edbytku sme od za\u010diatku vedeli, \u017ee na toalete pre host\u00ed sa poriadne vybl\u00e1znime. Prepo\u017ei\u010dali sme jej kompletne <strong><span style=\"color: #000000;\">\u010dierny tabu\u013eov\u00fd LOOK<\/span> <\/strong>a kriedov\u00fdm perom na steny nap\u00edsali nieko\u013eko motiva\u010dn\u00fdch slov v anglickom, nemeckom a slovenskom jazyku (vzh\u013eadom na na\u0161u multilingu\u00e1lnu dom\u00e1cnos\u0165), aby sme si de\u0148 \u010do de\u0148 pripomenuli, \u010do m\u00e1 v \u017eivote v\u00e1hu.<\/p><p>\u00a0<\/p><p>Po troch rokoch n\u00e1s tento <strong><span style=\"color: #000000;\">TEMN\u00dd STYLING<\/span><\/strong> omrzel a tak som sa rozhodla pusti\u0165 do nie\u010doho e\u0161te pov\u00e1\u017elivej\u0161ieho. \u010cierno-biely <span style=\"color: #000000;\"><strong>REFRESH<\/strong><\/span> n\u00e1padne sa pon\u00e1\u0161aj\u00faci na<span style=\"color: #000000;\"><strong> TAPE ART<\/strong><\/span> s mierne psychadelick\u00fdm podt\u00f3nom je viac ako nekonven\u010dn\u00fd, no to sme aj my, a tak bola vo\u013eba jasn\u00e1! Ideme do toho!<\/p><p>\u00a0<\/p><p>\u00a0<\/p><h3><strong><span style=\"color: #000000;\">Premena s invest\u00edciou do 100 eur<\/span><\/strong><\/h3><p>Na premenu toalety sme ako oby\u010dajne neopou\u017eili viac finan\u010dn\u00fdch prostriedkov ako bolo nutn\u00e9. Jedinou invest\u00edciou boli v tomto pr\u00edpade:<\/p><ul><li><em><strong><span style=\"color: #000000;\"> farby, <\/span><\/strong><\/em><\/li><li><em><strong><span style=\"color: #000000;\">maliarske val\u010deky, <\/span><\/strong><\/em><\/li><li><em><strong><span style=\"color: #000000;\">maliarske p\u00e1sky (veee\u013ea maliarskych p\u00e1sok), <\/span><\/strong><\/em><\/li><li><em><strong><span style=\"color: #000000;\">\u0161tetce a jednor\u00e1zov\u00e9 rukavice<\/span><\/strong><\/em><\/li><\/ul><p>\u00a0<\/p><p><strong><span style=\"color: #000000;\">Hovor\u00edme tu o invest\u00edcii do 100 eur!\u00a0<\/span><\/strong><\/p><p>\u00a0<\/p><p>\u00a0<\/p><h3><strong><span style=\"color: #000000;\">Grafick\u00fd vzor in\u0161pirovan\u00fd TAPE ART<\/span><\/strong><\/h3><p>Pri realiz\u00e1cii \u010dierno-bieleho grafick\u00e9ho vzoru som sa nechala in\u0161pirova\u0165 umen\u00edm zvan\u00fdm <strong><span style=\"color: #000000;\">TAPE ART<\/span>. <\/strong>Nejde o ni\u010d in\u00e9, ako umenie podobn\u00e9 tomu klasick\u00e9mu, len s t\u00fdm rozdielom, \u017ee miesto farby sa pou\u017e\u00edva lepenie p\u00e1sok. Ja som sa rozhodla pre vlastn\u00fa interpret\u00e1ciu - spojenie tradi\u010dnej ma\u013eby evokuj\u00facej tvorbu TAPE ART, ktor\u00e1 \u0148ou ale nie je (aspo\u0148 nie v pravom slova zmysle\u00a0 - nako\u013eko mi p\u00e1sky s\u00edce pri v\u00fdrobe posl\u00fa\u017eili ako protriedok, ale po splnen\u00ed \u00fa\u010delu aj dosl\u00fa\u017eili).<\/p><p>\u00a0<\/p><p>Na stenu som ich lepila bez akejko\u013evek predlohy \u010di presn\u00e9ho merania. V\u0161etko som realizovala prakticky spont\u00e1nne, ako sa hovor\u00ed, od oka. Najn\u00e1ro\u010dnej\u0161ou \u010das\u0165ou bolo dosiahnutie \u010dist\u00fdch l\u00edni\u00ed. <strong><span style=\"color: #000000;\">Z\u00e1kladom je preto kvalitn\u00e1 maliarska p\u00e1ska, d\u00f4kladne nalepenie, ale i primeran\u00e9 mno\u017estvo farby na val\u010deku. \u010c\u00edm d\u00f4kladnej\u0161ia pr\u00edprava a pr\u00e1ca, t\u00fdm \u010distej\u0161ie l\u00ednie.<\/span> <\/strong>Kde bolo nutn\u00e9, tam som men\u0161ie nedostatky dotiahla vo\u013enou rukou za pomoci tenk\u00e9ho \u0161tetca. Na dokon\u010denie cel\u00e9ho projektu som spotrebovala <strong><span style=\"color: #000000;\">3 a\u017e 4 kot\u00fa\u010de p\u00e1sky<\/span><\/strong>.<\/p><p>\u00a0<\/p><p>\u00a0<\/p><h3><strong><span style=\"color: #000000;\">Farebn\u00e9 akcenty<\/span><\/strong><\/h3><p>Na \u010dierno-bielej kombin\u00e1cii je naj\u00fa\u017easnej\u0161ie to, \u017ee je nad\u010dasov\u00e1 a mo\u017eno ju kombinova\u0165 s ktorouko\u013evek farbou! My sme sa rozhodli netradi\u010dne pre \u017dLT\u00da v zmysle<strong><span style=\"color: #000000;\"> \"ke\u010f u\u017e odv\u00e1\u017ene, tak poriadne\"<\/span><\/strong>. Posunuli sme svoje hranice akceptovate\u013enosti o kr\u00f4\u010dik \u010falej a dali \u0161ancu farbe, ktor\u00e1 u n\u00e1s doposia\u013e nemala opodstatnenie v \u017eiadnej podobe.<\/p><p><strong><span style=\"color: #000000;\">Na tento krok sme zak\u00fapili 4 dreven\u00e9 debny - 3 mal\u00e9 a jednu ve\u013ek\u00fa.<\/span> <\/strong>S ve\u013ekou d\u00e1vkou sebazaprenia a odvahy som ich natrela \u017eiarivou \u017eltou, ktor\u00e1 mala by\u0165 v tomto pr\u00edpade nosn\u00fdm farebnym akcentom. Nebudem v\u00e1m klama\u0165, do hodiny som ich chcela pretrie\u0165 oran\u017eovo-\u010dervenou, no s odstupom hod\u00edn mi pri\u0161la v \u010dierno-bielej kombinacii prvopl\u00e1nov\u00e1.<\/p><h3>\u00a0<\/h3><p>\u00a0<\/p><h3><span style=\"color: #000000;\"><strong>\u201eMatchy \u2013 matchy\u201c<\/strong><\/span><\/h3><p>Na dokon\u010denie celej premeny boli potrebn\u00e9 detaily: debny sme naplnili uter\u00e1\u010dikmi, toaletn\u00fdm papierom a \u010dasopismi. No a \u010dere\u0161ni\u010dkou na torte boli ako inak obrazy. Tie plnia hne\u010f dvojak\u00fa funkciu - jednak zakr\u00fdvaj\u00fa dvierka do \u0161achty a jednak dotv\u00e1raj\u00fa celkov\u00fd dojem. Na dokon\u010denie celej premeny sme pou\u017eili<strong><span style=\"color: #000000;\"> obrazy DESENIO.\u00a0 <\/span><\/strong>Ak si chcete u\u0161etri\u0165 pracn\u00e9 h\u013eadanie n\u00e1metov,\u00a0 kombinovanie a n\u00e1sledn\u00e9 rozlo\u017eenie, na<span style=\"color: #e86666;\">\u00a0<strong>Desenio.sk\u00a0<\/strong><\/span>si m\u00f4\u017eete zak\u00fapi\u0165 u\u017e\u00a0<strong><span style=\"color: #e86666;\">hotov\u00e9 obrazov\u00e9 zostavy<\/span>.<\/strong><\/p><p>\u00a0<\/p><blockquote><h4><strong>S k\u00f3dom \u201eLUCIDIDIT\u201c m\u00e1te 35% z\u013eavu na v\u0161etky plag\u00e1ty * na v\u0161etk\u00fdch<\/strong><br \/><strong>str\u00e1nkach Desenio od 16. do 18. novembra.<\/strong><\/h4><h4><strong>Pre viac in\u0161pir\u00e1ci\u00ed\u00a0<\/strong><strong>sledujte\u00a0<a href=\"https:\/\/desenio.sk\/\">@desenio<\/a>!<\/strong><\/h4><h4><strong>* pozn\u00e1mka: z\u013eava sa nevz\u0165ahuje na r\u00e1my, ru\u010dne vyberan\u00e9 a\u00a0<\/strong><strong>personalizovan\u00e9 plag\u00e1ty.<\/strong><\/h4><\/blockquote><p>\u00a0<\/p><p>Funguje to \u00faplne jednoducho. Bu\u010f si vyberiete cel\u00fd obrazov\u00fd set (ktor\u00fd je variovate\u013en\u00fd) alebo ka\u017ed\u00fd osve a vysklad\u00e1te si vlastn\u00fa obrazov\u00fa kompoz\u00edciu. Obrazy, resp. plag\u00e1ty s\u00fa k dispoz\u00edcii iba v rozmeroch, ktor\u00e9 s\u00fa uveden\u00e9 na webovej str\u00e1nke.<\/p><p>Obrazov\u00e9 r\u00e1my a pasparty sa pred\u00e1vaj\u00fa zvl\u00e1\u0161\u0165, preto si pri plag\u00e1toch nezabudnite vybra\u0165 preferenciu a v\u00e1\u0161 v\u00fdber nakonfigurova\u0165\u00a0<strong>pod\u013ea va\u0161ich predst\u00e1v<\/strong>. V pr\u00edpade, \u017ee ste na\u0161li zostavu, v ktorej sa v\u00e1m nejak\u00fd n\u00e1met nep\u00e1\u010di, pokojne ho m\u00f4\u017eete zo setu vyhodi\u0165 (alebo miesto neho dodato\u010dne vybra\u0165 in\u00fd). V pr\u00edpade, \u017ee by niektor\u00e9ho z v\u00e1s ten \u010di on\u00fd obraz oslovil nato\u013eko, \u017ee by si ho chcel k\u00fapi\u0165, d\u00e1vam v\u00e1m k dispoz\u00edcii aj ich n\u00e1zvy tak, ako s\u00fa uveden\u00e9 na str\u00e1nke\u00a0<a href=\"https:\/\/desenio.sk\/\"><strong>Desenio.sk<\/strong><\/a>\u00a0(za\u010dnem v porad\u00ed ako ich vid\u00edte na fotke):<\/p><p>\u00a0<\/p><p style=\"text-align: center;\"><strong>Foto:<\/strong>\u00a0Lucididit<\/p><p style=\"text-align: center;\"><strong>\u2217<\/strong><strong>v spolupr\u00e1ci s Desenio<\/strong><\/p><p>\u00a0<\/p><p>\u00a0<\/p><p>\u00a0<\/p>","_et_gb_content_width":""},"categories":[61,124],"tags":[],"yst_prominent_words":[],"_links":{"self":[{"href":"https:\/\/lucididit.com\/de\/wp-json\/wp\/v2\/posts\/16267"}],"collection":[{"href":"https:\/\/lucididit.com\/de\/wp-json\/wp\/v2\/posts"}],"about":[{"href":"https:\/\/lucididit.com\/de\/wp-json\/wp\/v2\/types\/post"}],"author":[{"embeddable":true,"href":"https:\/\/lucididit.com\/de\/wp-json\/wp\/v2\/users\/1"}],"replies":[{"embeddable":true,"href":"https:\/\/lucididit.com\/de\/wp-json\/wp\/v2\/comments?post=16267"}],"version-history":[{"count":0,"href":"https:\/\/lucididit.com\/de\/wp-json\/wp\/v2\/posts\/16267\/revisions"}],"wp:featuredmedia":[{"embeddable":true,"href":"https:\/\/lucididit.com\/de\/wp-json\/wp\/v2\/media\/16256"}],"wp:attachment":[{"href":"https:\/\/lucididit.com\/de\/wp-json\/wp\/v2\/media?parent=16267"}],"wp:term":[{"taxonomy":"category","embeddable":true,"href":"https:\/\/lucididit.com\/de\/wp-json\/wp\/v2\/categories?post=16267"},{"taxonomy":"post_tag","embeddable":true,"href":"https:\/\/lucididit.com\/de\/wp-json\/wp\/v2\/tags?post=16267"},{"taxonomy":"yst_prominent_words","embeddable":true,"href":"https:\/\/lucididit.com\/de\/wp-json\/wp\/v2\/yst_prominent_words?post=16267"}],"curies":[{"name":"wp","href":"https:\/\/api.w.org\/{rel}","templated":true}]}}