{"id":3370,"date":"2017-11-11T18:00:34","date_gmt":"2017-11-11T17:00:34","guid":{"rendered":"https:\/\/lucididit.com\/?p=3370"},"modified":"2018-11-12T18:51:02","modified_gmt":"2018-11-12T17:51:02","slug":"tipp-fuer-ein-perfektes-festliches-menu","status":"publish","type":"post","link":"https:\/\/lucididit.com\/de\/tipp-fuer-ein-perfektes-festliches-menu\/","title":{"rendered":"Tipp f\u00fcr ein perfektes Weihnachtsmen\u00fc"},"content":{"rendered":"<p>[et_pb_section bb_built=&#8221;1&#8243; admin_label=&#8221;section&#8221; _builder_version=&#8221;3.0.47&#8243; custom_padding=&#8221;3px|0px|21px|0px&#8221;][et_pb_row admin_label=&#8221;row&#8221; _builder_version=&#8221;3.0.47&#8243; background_size=&#8221;initial&#8221; background_position=&#8221;top_left&#8221; background_repeat=&#8221;repeat&#8221;][et_pb_column type=&#8221;4_4&#8243;][et_pb_text _builder_version=&#8221;3.17.6&#8243; text_font_size=&#8221;14px&#8221; text_text_color=&#8221;#4f4f4f&#8221; text_line_height=&#8221;1.9em&#8221; background_size=&#8221;initial&#8221; background_position=&#8221;top_left&#8221; background_repeat=&#8221;repeat&#8221; inline_fonts=&#8221;Noticia Text,Abhaya Libre&#8221; text_orientation=&#8221;justified&#8221;]<\/p>\n<p style=\"text-align: justify;\">Weihnachten steht vor der T\u00fcr und ich sitze nur herum und schaue mir meine Weihnachts-Checkliste an:<\/p>\n<div class=\"et-box et-shadow\">\n<div class=\"et-box-content\">\n<p style=\"text-align: center;\">Weihnachtsbaum: <strong><span style=\"color: #339966;\">\u2611<\/span><\/strong><\/p>\n<p style=\"text-align: center;\"><span style=\"color: #e03a31;\"><span style=\"color: #e04b43;\"><strong><a href=\"..\/weil-weihnachten-ist\/\"><span style=\"color: #ff99cc;\"><span style=\"color: #d16060;\">Geschenke<\/span><\/span><\/a><\/strong><\/span>:<\/span><strong> <span style=\"color: #339966;\">\u2611<\/span><\/strong><\/p>\n<p style=\"text-align: center;\"><strong><a href=\"..\/weil-weihnachten-ist\/\"><span style=\"color: #ff99cc;\"><span style=\"color: #d16060;\">Dekoration: <\/span><\/span><\/a><span style=\"color: #339966;\">\u2611<\/span><\/strong><\/p>\n<h2 style=\"text-align: center;\"><span style=\"color: #de8181;\"><span style=\"color: #e0c6c3;\"><strong><a href=\"..\/weil-weihnachten-ist\/\"><span style=\"color: #ff99cc;\"><span style=\"color: #d16060;\">Weihnachtmen\u00fc<\/span><\/span><\/a><\/strong><\/span><\/span><strong><span style=\"color: #e00b00;\">?<\/span><\/strong><\/h2>\n<\/div>\n<\/div>\n<p>\u00a0<\/p>\n<p style=\"text-align: justify;\">Ups &#8230; Nur damit es klar ist. Ich habe sicher nicht vor den ganzen Tag hinter dem Herd zu stehen um zwei Arten von Men\u00fcs her zu richten, damit mein Kopf beim Festessen vor lauter Ersch\u00f6pfung und M\u00fcdigkeit in die Suppe f\u00e4llt. <span style=\"font-size: x-large;\"><strong><span style=\"color: #e0241a;\">STOP! <\/span><\/strong><\/span>Und pl\u00f6tzlich leuchtet es bei mir. <strong><span style=\"color: #000000;\">Damit der Wolf satt ist und die Schafe unversehrt, beschloss ich, eine neue, eigene Weihnachtstradition einzuf\u00fchren.<\/span> <\/strong>Und diese m\u00f6chte ich auch mit euch teilen. Ich wei\u00df, dass die meisten von euch wahrscheinlich der Tradition treu bleiben und so werden auf dem festlich bedeckten Tisch eure beliebten K\u00f6stlichkeiten serviert. Ich kann das Einhalten von Traditionen hoch sch\u00e4tzen, <em>\u201etrust me\u201c<\/em>, um aber dem ganzen Stresswahn bei der Zubereitung des Weihnachtsmen\u00fcs zu entfliehen, ist es Zeit dies zu \u00e4ndern.<\/p>\n<p>\u00a0<\/p>\n<p style=\"text-align: justify;\">Falls aber doch die traditionellen Leckereien Platz auf euerem Tisch finden, <span style=\"color: #000000;\"><strong>hebt euch meinen Tipp auf und nutzt die Angelegenheit ein perfektes festliches Men\u00fc f\u00fcr den ersten oder zweiten Weihnachtsfeiertag zuzubereiten.<\/strong> <\/span>Oder f\u00fcr Silvester. Ich w\u00fcnsche euch einen guten Appetit!<\/p>\n<p>\u00a0<\/p>\n<p style=\"text-align: justify;\">Im Radio h\u00f6re ich das Lied von Marriah <em>Carey &#8220;<strong><span style=\"color: #000000;\">All I want for Christmas is you&#8221;<\/span><\/strong><\/em> und pl\u00f6tzlich habe ich ein L\u00e4cheln in meinem Gesicht. Ich ziehe mir die Sch\u00fcrze an und bereite ein perfektes Weihnachtsmen\u00fc vor. Apperitiv, Vorspeise, Suppe, Hauptgericht, Nachtisch und Cocktail. Auf den ersten Blick kann man das Gef\u00fchl bekommen, dass ich doch den ganzen Tag hinter dem Ofen verbringen werde um mein festliches Men\u00fc vorzubereiten, aber nein, meine Lieben. T\u00e4uscht euch nicht. Was glaubt ihr, warum habe ich immer noch das L\u00e4cheln in meinem Gesicht.<\/p>\n<p>\u00a0<\/p>\n<hr \/>\n<p>\u00a0<\/p>\n<p style=\"text-align: center;\"><span style=\"text-decoration: underline;\"><strong><span style=\"color: #000000; text-decoration: underline;\">Apperitiv:<\/span><\/strong><\/span><\/p>\n<h2 style=\"text-align: center;\"><strong><span style=\"font-family: Indie Flower;\">Champagner mit Campari, Rosmarin und Granatapfel<\/span><\/strong><\/h2>\n<blockquote>\n<p style=\"text-align: center;\"><span style=\"font-family: Abhaya Libre; font-weight: normal; color: #000000;\"><strong>Zutaten:<\/strong><\/span><\/p>\n<p style=\"text-align: center;\"><span style=\"color: #000000;\"><strong><em>Champagner<\/em><\/strong><\/span><\/p>\n<p style=\"text-align: center;\"><span style=\"color: #000000;\"><strong><em>Rosmarinzweig<\/em><\/strong><\/span><\/p>\n<p style=\"text-align: center;\"><span style=\"color: #000000;\"><strong><em>Campari<\/em><\/strong><\/span><\/p>\n<p style=\"text-align: center;\"><span style=\"color: #000000;\"><strong><em>Granatapfel<\/em><\/strong><\/span><\/p>\n<\/blockquote>\n<p>\u00a0<\/p>\n<p><strong><span style=\"color: #000000;\">Zubereitung:<\/span><\/strong><\/p>\n<p><span style=\"color: #000000;\"><strong>Dieser Cocktail geht schnell und ist sehr unkompliziert.<\/strong> <\/span>Einfach die Kerne des Granatapfels ausl\u00f6sen und ein paar Kerne in das Glas geben. Den Rosmarinzweig waschen und in der gew\u00fcnschten L\u00e4nge in das Glas stecken, 1 EL Campari hineingeben und mit Champagner auff\u00fcllen. <span style=\"color: #1d77c1;\"><strong>Voil\u00e0\u2026<\/strong><\/span><\/p>\n<p><img loading=\"lazy\" class=\"aligncenter wp-image-6642\" src=\"https:\/\/lucididit.com\/wp-content\/uploads\/2017\/12\/rawpixel-778707-unsplash.jpg\" alt=\"\" width=\"900\" height=\"600\" srcset=\"https:\/\/lucididit.com\/wp-content\/uploads\/2017\/12\/rawpixel-778707-unsplash.jpg 1280w, https:\/\/lucididit.com\/wp-content\/uploads\/2017\/12\/rawpixel-778707-unsplash-300x200.jpg 300w, https:\/\/lucididit.com\/wp-content\/uploads\/2017\/12\/rawpixel-778707-unsplash-768x512.jpg 768w, https:\/\/lucididit.com\/wp-content\/uploads\/2017\/12\/rawpixel-778707-unsplash-1024x682.jpg 1024w, https:\/\/lucididit.com\/wp-content\/uploads\/2017\/12\/rawpixel-778707-unsplash-1080x720.jpg 1080w\" sizes=\"(max-width: 900px) 100vw, 900px\" \/><\/p>\n<p>\u00a0<\/p>\n<hr \/>\n<p>\u00a0<\/p>\n<p style=\"text-align: center;\"><span style=\"text-decoration: underline;\"><strong><span style=\"color: #000000; text-decoration: underline;\">Vorspeise:<\/span><\/strong><\/span><\/p>\n<h2 style=\"text-align: center;\"><strong><span style=\"font-family: Indie Flower;\">Feigensalat mit Ziegenk\u00e4se, Ruccola, Walln\u00fcssen und Parmaschinken<\/span><\/strong><\/h2>\n<blockquote>\n<p style=\"text-align: center;\"><strong><span style=\"color: #000000;\">Zutaten:<\/span><\/strong><\/p>\n<p style=\"text-align: center;\"><span style=\"color: #000000;\"><strong><em>300 g Ruccola<\/em><\/strong><\/span><\/p>\n<p style=\"text-align: center;\"><span style=\"color: #000000;\"><strong><em>75 g Parmaschinken<\/em><\/strong><\/span><\/p>\n<p style=\"text-align: center;\"><span style=\"color: #000000;\"><strong><em>80 g Ziegenk\u00e4se<\/em><\/strong><\/span><\/p>\n<p style=\"text-align: center;\"><span style=\"color: #000000;\"><strong><em>8 frische Fe<\/em><em>i<\/em><em>gen<\/em><\/strong><\/span><\/p>\n<p style=\"text-align: center;\"><span style=\"color: #000000;\"><strong><em>Feigensenf<\/em><\/strong><\/span><\/p>\n<p style=\"text-align: center;\"><span style=\"color: #000000;\"><strong><em>1 Zitrone<\/em><\/strong><\/span><\/p>\n<p style=\"text-align: center;\"><span style=\"color: #000000;\"><strong><em>1 Schalotte<\/em><\/strong><\/span><\/p>\n<p style=\"text-align: center;\"><span style=\"color: #000000;\"><strong><em>1 EL Honig<\/em><\/strong><\/span><\/p>\n<p style=\"text-align: center;\"><span style=\"color: #000000;\"><strong><em>Walln\u00fcsse\/ (alternativ: Pekann\u00fcsse)<\/em><\/strong><\/span><\/p>\n<p style=\"text-align: center;\"><span style=\"color: #000000;\"><strong><em>Oliven\u00f6l<\/em><\/strong><\/span><\/p>\n<p style=\"text-align: center;\"><span style=\"color: #000000;\"><strong><em>Salz und Pfeffer<\/em><\/strong><\/span><\/p>\n<\/blockquote>\n<p><img loading=\"lazy\" class=\"aligncenter wp-image-6634 size-full\" src=\"https:\/\/lucididit.com\/wp-content\/uploads\/2017\/12\/john-canelis-315713-unsplash.jpg\" alt=\"\" width=\"3648\" height=\"5472\" srcset=\"https:\/\/lucididit.com\/wp-content\/uploads\/2017\/12\/john-canelis-315713-unsplash.jpg 683w, https:\/\/lucididit.com\/wp-content\/uploads\/2017\/12\/john-canelis-315713-unsplash-200x300.jpg 200w, https:\/\/lucididit.com\/wp-content\/uploads\/2017\/12\/john-canelis-315713-unsplash-768x1152.jpg 768w, https:\/\/lucididit.com\/wp-content\/uploads\/2017\/12\/john-canelis-315713-unsplash-1080x1620.jpg 1080w\" sizes=\"(max-width: 3648px) 100vw, 3648px\" \/><\/p>\n<p>\u00a0<\/p>\n<p style=\"text-align: center;\"><strong><span style=\"color: #000000;\">Zubereitung:<\/span><\/strong><\/p>\n<p>Den Ruccolasalat waschen, trocken schleudern und in eine Sch\u00fcssel hineingeben. Die Feigen vierteln, K\u00e4se in Scheiben schneiden, d\u00fcnne Scheiben vom Parmaschicken zerst\u00fcckeln und ebenfalls in die Sch\u00fcssel geben. Die halbe Zitrone auspressen. Schalotte sch\u00e4len, fein w\u00fcrfeln und mit 3 EL Zitronensaft, Feigensenf und Honig verr\u00fchren. \u00d6l unterr\u00fchren, mit Salz und Pfeffer abschmecken und \u00fcber den Salat tr\u00e4ufeln.<span style=\"color: #000000;\"><strong> Die Walln\u00fcsse\/ Pekann\u00fcsse in einer Pfanne r\u00f6sten und ebenfalls in den Salat hineingeben, fertig! <\/strong><\/span><span style=\"color: #2079c1;\"><strong>Mmmmm&#8230;<\/strong><\/span><\/p>\n<p><img loading=\"lazy\" class=\"aligncenter wp-image-6636\" src=\"https:\/\/lucididit.com\/wp-content\/uploads\/2017\/12\/lana-abie-581814-unsplash.jpg\" alt=\"\" width=\"900\" height=\"600\" srcset=\"https:\/\/lucididit.com\/wp-content\/uploads\/2017\/12\/lana-abie-581814-unsplash.jpg 1280w, https:\/\/lucididit.com\/wp-content\/uploads\/2017\/12\/lana-abie-581814-unsplash-300x200.jpg 300w, https:\/\/lucididit.com\/wp-content\/uploads\/2017\/12\/lana-abie-581814-unsplash-768x512.jpg 768w, https:\/\/lucididit.com\/wp-content\/uploads\/2017\/12\/lana-abie-581814-unsplash-1024x683.jpg 1024w, https:\/\/lucididit.com\/wp-content\/uploads\/2017\/12\/lana-abie-581814-unsplash-1080x720.jpg 1080w\" sizes=\"(max-width: 900px) 100vw, 900px\" \/><\/p>\n<p>\u00a0<\/p>\n<hr \/>\n<p>\u00a0<\/p>\n<p style=\"text-align: center;\"><span style=\"text-decoration: underline;\"><strong><span style=\"color: #000000; text-decoration: underline;\">Suppe:<\/span><\/strong><\/span><\/p>\n<h2 style=\"text-align: center;\"><strong><span style=\"font-family: Indie Flower;\">Maronen-Cappucino<\/span><\/strong><\/h2>\n<blockquote>\n<p style=\"text-align: center;\"><strong><span style=\"color: #000000;\">Zutaten:<\/span><\/strong><\/p>\n<p style=\"text-align: center;\"><span style=\"color: #000000;\"><strong><em>400 g Maronen (vakuumiert, vorgekocht!)<br \/><\/em><\/strong><\/span><\/p>\n<p style=\"text-align: center;\"><span style=\"color: #000000;\"><strong><em>1 Lauch<\/em><\/strong><\/span><\/p>\n<p style=\"text-align: center;\"><span style=\"color: #000000;\"><strong><em>\u00a01 Zwiebel<br \/><\/em><\/strong><\/span><\/p>\n<p style=\"text-align: center;\"><span style=\"color: #000000;\"><strong><em>2 M\u00f6hren<\/em><\/strong><\/span><\/p>\n<p style=\"text-align: center;\"><span style=\"color: #000000;\"><strong><em>1 Petersilie<br \/><\/em><\/strong><\/span><\/p>\n<p style=\"text-align: center;\"><span style=\"color: #000000;\"><strong><em>50 g Butter<\/em><\/strong><\/span><\/p>\n<p style=\"text-align: center;\"><span style=\"color: #000000;\"><strong><em>1 dcl Br\u00fche<\/em><\/strong><\/span><\/p>\n<p style=\"text-align: center;\"><span style=\"color: #000000;\"><strong><em>250 trockener Weiswein<br \/><\/em><\/strong><\/span><\/p>\n<p style=\"text-align: center;\"><span style=\"color: #000000;\"><strong><em>250 g passierte Tomaten<br \/><\/em><\/strong><\/span><\/p>\n<p style=\"text-align: center;\"><span style=\"color: #000000;\"><strong><em>200 ml Sahne<\/em><\/strong><\/span><\/p>\n<p style=\"text-align: center;\"><span style=\"color: #000000;\"><strong><em>Je 1 geh\u00e4ufter TL getrockneten Rosmarin und Thymian<\/em><\/strong><\/span><\/p>\n<p style=\"text-align: center;\"><span style=\"color: #000000;\"><strong><em>Muskatnuss<\/em><\/strong><\/span><\/p>\n<p style=\"text-align: center;\"><em><span style=\"color: #000000;\"><strong>Salz und Pfeffer<\/strong><\/span><br \/><\/em><\/p>\n<\/blockquote>\n<p>\u00a0<\/p>\n<p style=\"text-align: center;\"><strong><span style=\"color: #000000;\">Zubereitung:<\/span><\/strong><\/p>\n<p>Alle Zutaten ordentlich klein w\u00fcrfeln und mit den Gew\u00fcrzen in der Butter and\u00fcnsten, salzen, pfeffern, mit Wei\u00dfwein oder Portwein abl\u00f6schen und aufkochen. Jetzt erst die Tomaten dazugeben und mit H\u00fchnerbr\u00fche und ca. 700 ml Wasser \u00fcbergie\u00dfen. Alles in 30 Minuten richtig weich kochen lassen. Sahne dazu gie\u00dfen und mit dem Mixer p\u00fcrieren. Noch einmal aufkochen und schauen wie dick sie wird (wen zu dick, mit Wasser, Br\u00fche oder Sahne verd\u00fcnnen). <span style=\"color: #000000;\"><strong>Die Suppe servieren wir mit geschlagener Sahne in einer Capuccino-tasse.<\/strong><\/span> Jaaaa, die sieht sogar wie Cappuccino aus &#8230; schmeckt aber wie eine himmlisch gute Weihnachtssuppe.<\/p>\n<p><img loading=\"lazy\" class=\"aligncenter wp-image-6644 size-full\" src=\"https:\/\/lucididit.com\/wp-content\/uploads\/2017\/12\/rawpixel-1105487-unsplash.jpg\" alt=\"\" width=\"7500\" height=\"5000\" srcset=\"https:\/\/lucididit.com\/wp-content\/uploads\/2017\/12\/rawpixel-1105487-unsplash.jpg 1280w, https:\/\/lucididit.com\/wp-content\/uploads\/2017\/12\/rawpixel-1105487-unsplash-300x200.jpg 300w, https:\/\/lucididit.com\/wp-content\/uploads\/2017\/12\/rawpixel-1105487-unsplash-768x512.jpg 768w, https:\/\/lucididit.com\/wp-content\/uploads\/2017\/12\/rawpixel-1105487-unsplash-1024x683.jpg 1024w, https:\/\/lucididit.com\/wp-content\/uploads\/2017\/12\/rawpixel-1105487-unsplash-1080x720.jpg 1080w\" sizes=\"(max-width: 7500px) 100vw, 7500px\" \/><\/p>\n<p>\u00a0<\/p>\n<hr \/>\n<p>\u00a0<\/p>\n<p style=\"text-align: center;\"><span style=\"text-decoration: underline;\"><strong><span style=\"color: #000000; text-decoration: underline;\">Hauptgang:<\/span><\/strong><\/span><\/p>\n<h2 style=\"text-align: center;\"><strong><span style=\"font-family: Indie Flower;\">Glasierte Ente mit K\u00fcrbisp\u00fcree und gebratenen Rosmarinkartoffeln<\/span><\/strong><\/h2>\n<blockquote>\n<p style=\"text-align: center;\"><strong><span style=\"color: #000000;\">Zutaten:<\/span><\/strong><\/p>\n<p style=\"text-align: center;\"><span style=\"color: #000000;\"><strong><em>Ente (ca 2,5 kg)<\/em><\/strong><\/span><\/p>\n<p style=\"text-align: center;\"><span style=\"color: #000000;\"><strong><em>4 EL Butterschmalz<\/em><\/strong><\/span><\/p>\n<p style=\"text-align: center;\"><span style=\"color: #000000;\"><strong><em>5-7 Schalotten<\/em><\/strong><\/span><\/p>\n<p style=\"text-align: center;\"><span style=\"color: #000000;\"><strong><em>1 Apfel<\/em><\/strong><\/span><\/p>\n<p style=\"text-align: center;\"><span style=\"color: #000000;\"><strong><em>1 Tasse Wurzelgem\u00fcse<br \/><\/em><\/strong><\/span><\/p>\n<p style=\"text-align: center;\"><span style=\"color: #000000;\"><strong><em>2 kg Kartoffel<\/em><\/strong><\/span><\/p>\n<p style=\"text-align: center;\"><span style=\"color: #000000;\"><strong><em>1 kleiner Bund Salbei<br \/><\/em><\/strong><\/span><\/p>\n<p style=\"text-align: center;\"><span style=\"color: #000000;\"><strong><em>5-7 Lorbeerbl\u00e4tter<\/em><\/strong><\/span><\/p>\n<p style=\"text-align: center;\"><span style=\"color: #000000;\"><strong><em>8 Sternanis<\/em><\/strong><\/span><\/p>\n<p style=\"text-align: center;\"><span style=\"color: #000000;\"><strong><em>Saft einer Orange<br \/><\/em><\/strong><\/span><\/p>\n<p style=\"text-align: center;\"><span style=\"color: #000000;\"><strong><em>3 El Bitterorangemarmelade<br \/><\/em><\/strong><\/span><\/p>\n<p style=\"text-align: center;\"><span style=\"color: #000000;\"><strong><em>2 EL Sojasauce<br \/><\/em><\/strong><\/span><\/p>\n<p style=\"text-align: center;\"><span style=\"color: #000000;\"><strong><em>2 EL Honig<\/em><\/strong><\/span><\/p>\n<p style=\"text-align: center;\"><span style=\"color: #000000;\"><strong><em>F\u00fcr das Butternussp\u00fcree:<\/em><\/strong><\/span><\/p>\n<p style=\"text-align: center;\"><span style=\"color: #000000;\"><strong><em>Butterk\u00fcrbis<\/em><\/strong><\/span><\/p>\n<p style=\"text-align: center;\"><span style=\"color: #000000;\"><strong><em>3 EL Butter<\/em><\/strong><\/span><\/p>\n<p style=\"text-align: center;\"><em><span style=\"color: #000000;\"><strong>Salz, Pfeffer und Muskatnuss<\/strong><\/span><br \/><\/em><\/p>\n<\/blockquote>\n<p><img loading=\"lazy\" class=\"aligncenter wp-image-6640\" src=\"https:\/\/lucididit.com\/wp-content\/uploads\/2017\/12\/rawpixel-565464-unsplash.jpg\" alt=\"\" width=\"900\" height=\"517\" srcset=\"https:\/\/lucididit.com\/wp-content\/uploads\/2017\/12\/rawpixel-565464-unsplash.jpg 1280w, https:\/\/lucididit.com\/wp-content\/uploads\/2017\/12\/rawpixel-565464-unsplash-300x172.jpg 300w, https:\/\/lucididit.com\/wp-content\/uploads\/2017\/12\/rawpixel-565464-unsplash-768x441.jpg 768w, https:\/\/lucididit.com\/wp-content\/uploads\/2017\/12\/rawpixel-565464-unsplash-1024x588.jpg 1024w, https:\/\/lucididit.com\/wp-content\/uploads\/2017\/12\/rawpixel-565464-unsplash-1080x620.jpg 1080w\" sizes=\"(max-width: 900px) 100vw, 900px\" \/><\/p>\n<p style=\"text-align: center;\"><strong><span style=\"color: #000000;\">Zubereitung:<\/span><\/strong><\/p>\n<p><span style=\"color: #000000;\"><strong>Backofen auf 200 Grad vorheizen (Ober-\/Unterhitze).<\/strong> <\/span>Die Ente gut waschen und rund-herum mit einer Stecknadel mehrmals anstechen. 1 Liter Wasser zum Kochen bringen. Die Ente in eine Sch\u00fcssel legen und mit Wasser \u00fcbergie\u00dfen. Ein tiefes Blech mit Butterschmalz ausstreichen, die Ente innen und au\u00dfen salzen, mit Butter einreiben und aufs Blech legen. Schalotten, Kartoffel, Apfel und Wurzelgem\u00fcse sch\u00e4len und halbieren. Alles zusammen mit Salbei, Lorbeerbl\u00e4ttern und Sternanis zur Ente aufs Blech legen. Rosmarin \u00fcber Kartoffel zerstreuen und Orangensaft \u00fcber dem Gem\u00fcse verteilen. Mit Salz und Pfeffer w\u00fcrzen.<\/p>\n<p style=\"text-align: center;\"><span style=\"color: #000000;\"><strong>* * *<\/strong><\/span><\/p>\n<p><span style=\"color: #000000;\"><strong>Mittlerweile bereiten wir uns die Glasur vor: Orangenmarmelade, Sojasauce und Honig verr\u00fchren und die Ente damit bepinseln, die wir im Backofen bei 200 Grad ca 15-20 Min. braten. Danach reduzieren wir die Temperatur auf 140 Grad und braten weitere 3-4 Stunden.<\/strong> <\/span>Vorsicht! Immer wieder mit der Glasur und Bratensaft einpinseln\/ \u00fcbergie\u00dfen. Sollten ein paar Stellen zu dunkel werden, einfach mit Alufolie abdecken. Gem\u00fcse auch regelm\u00e4\u00dfig wenden. Ente nach ca. 3-4 Stunden aus dem Ofen nehmen und mit Alufolie bedeckt min. 15 Minuten ruhen lassen. Das Fleisch bleibt sch\u00f6n saftig.<\/p>\n<p style=\"text-align: center;\"><span style=\"color: #000000;\"><strong>* * *<\/strong><\/span><\/p>\n<p>F\u00fcr das Buttergem\u00fcsep\u00fcree K\u00fcrbis sch\u00e4len, entkernen, in St\u00fccke schneiden, mit Butter und Gem\u00fcsesuppe\/ Waser kochen. Danach p\u00fcrieren, mit Salz, Pfeffer, Butter und Muskatnuss w\u00fcrzen. Fertig.<\/p>\n<p><img loading=\"lazy\" class=\"aligncenter wp-image-6672\" src=\"https:\/\/lucididit.com\/wp-content\/uploads\/2017\/12\/celebration-315079_1280-e1540681243430.jpg\" alt=\"\" width=\"900\" height=\"515\" srcset=\"https:\/\/lucididit.com\/wp-content\/uploads\/2017\/12\/celebration-315079_1280-e1540681243430.jpg 1273w, https:\/\/lucididit.com\/wp-content\/uploads\/2017\/12\/celebration-315079_1280-e1540681243430-300x172.jpg 300w, https:\/\/lucididit.com\/wp-content\/uploads\/2017\/12\/celebration-315079_1280-e1540681243430-768x440.jpg 768w, https:\/\/lucididit.com\/wp-content\/uploads\/2017\/12\/celebration-315079_1280-e1540681243430-1024x586.jpg 1024w, https:\/\/lucididit.com\/wp-content\/uploads\/2017\/12\/celebration-315079_1280-e1540681243430-1080x618.jpg 1080w\" sizes=\"(max-width: 900px) 100vw, 900px\" \/><\/p>\n<p style=\"text-align: center;\"><span style=\"color: #000000;\"><strong>D<\/strong><strong>ie Ente servieren wir mit Butternussp\u00fcree, Wurzelgem\u00fcse und Rosmarinkartoffeln.<\/strong><\/span><\/p>\n<p>\u00a0<\/p>\n<hr \/>\n<p>\u00a0<\/p>\n<p style=\"text-align: center;\"><span style=\"text-decoration: underline;\"><strong><span style=\"color: #000000; text-decoration: underline;\">Dessert<\/span><\/strong><\/span><\/p>\n<h2 style=\"text-align: center;\"><strong><span style=\"font-family: Indie Flower;\">Franz\u00f6sischer Schokoladenkuchen<br \/><\/span><\/strong><\/h2>\n<blockquote>\n<p style=\"text-align: center;\"><span style=\"color: #000000;\"><strong>Zutaten:<\/strong><\/span><\/p>\n<p style=\"text-align: center;\"><span style=\"color: #000000;\"><strong><em>320 g Schokolade (70%)<\/em><\/strong><\/span><\/p>\n<p style=\"text-align: center;\"><span style=\"color: #000000;\"><strong><em>170 g Butter<\/em><\/strong><\/span><\/p>\n<p style=\"text-align: center;\"><span style=\"color: #000000;\"><strong><em>160 g Zucker<\/em><\/strong><\/span><\/p>\n<p style=\"text-align: center;\"><span style=\"color: #000000;\"><strong><em>5 Eier<br \/><\/em><\/strong><\/span><\/p>\n<p style=\"text-align: center;\"><span style=\"color: #000000;\"><strong><em>40 g Mehl<\/em><\/strong><\/span><\/p>\n<\/blockquote>\n<p>\u00a0<\/p>\n<p style=\"text-align: center;\"><strong><span style=\"color: #000000;\">Zubereitung:<\/span><\/strong><\/p>\n<p><span style=\"color: #000000;\"><strong>Den Backofen auf 150 Grad Ober-\/Unterhitze vorheizen.<\/strong><\/span> Die Schokolade in St\u00fccke brechen und zusammen mit der Butter im Wasserbad schmelzen. Den Zucker hinzu f\u00fcgen und alles zu einer homogenen Masse verr\u00fchren. Kurz abk\u00fchlen lassen. In der Zwischenzeit die Eier trennen und das Eiwei\u00df zu steifem Schnee schlagen. Dann nach und nach die Eidotter zu der Schokoladenmasse geben, ebenso das Mehl (40 Gramm ist kein Tippfehler!). Ganz zum Schluss vorsichtig den Eischnee unterheben. Den Boden einer 28-Zentimeter- Backform mit Backpapier auslegen, den Teig in die Form f\u00fcllen und ab in den Backofen. <span style=\"color: #000000;\"><strong>Der Kuchen ist nach 40 bis 45 Minuten fertig &#8211; nicht l\u00e4nger, er soll innen noch saftig sein. Unseren Schokoladenk\u00fcchlein servieren wir mit Zimt und Orangenscheiben.<\/strong><\/span><\/p>\n<p style=\"text-align: center;\"><img loading=\"lazy\" class=\"aligncenter wp-image-6648 size-full\" src=\"https:\/\/lucididit.com\/wp-content\/uploads\/2017\/12\/lindsay-cotter-466944.jpg\" alt=\"\" width=\"1400\" height=\"2310\" srcset=\"https:\/\/lucididit.com\/wp-content\/uploads\/2017\/12\/lindsay-cotter-466944.jpg 621w, https:\/\/lucididit.com\/wp-content\/uploads\/2017\/12\/lindsay-cotter-466944-182x300.jpg 182w, https:\/\/lucididit.com\/wp-content\/uploads\/2017\/12\/lindsay-cotter-466944-768x1267.jpg 768w, https:\/\/lucididit.com\/wp-content\/uploads\/2017\/12\/lindsay-cotter-466944-1080x1782.jpg 1080w\" sizes=\"(max-width: 1400px) 100vw, 1400px\" \/><\/p>\n<p>\u00a0<\/p>\n<hr \/>\n<p>\u00a0<\/p>\n<p style=\"text-align: center;\"><span style=\"text-decoration: underline;\"><span style=\"color: #000000; text-decoration: underline;\"><strong>Cocktail<\/strong><\/span><\/span><\/p>\n<h2 style=\"text-align: center;\"><strong><span style=\"font-family: Indie Flower;\">Kaffee-cocktail<\/span><\/strong><\/h2>\n<blockquote>\n<p style=\"text-align: center;\"><span style=\"color: #000000;\"><strong>Wir brauchen:<\/strong><\/span><\/p>\n<p style=\"text-align: center;\"><span style=\"color: #000000;\"><strong><em>125 ml Espresso<\/em><\/strong><\/span><\/p>\n<p style=\"text-align: center;\"><span style=\"color: #000000;\"><strong><em>60 ml Tequila, Angostura, Rumu oder Kaffelik\u00f6r<br \/><\/em><\/strong><\/span><\/p>\n<p style=\"text-align: center;\"><span style=\"color: #000000;\"><strong><em>120 ml Sahne<\/em><\/strong><\/span><\/p>\n<p style=\"text-align: center;\"><span style=\"color: #000000;\"><strong><em>Eisw\u00fcrfeln<\/em><\/strong><\/span><\/p>\n<\/blockquote>\n<p>\u00a0<\/p>\n<p style=\"text-align: center;\">Alle Zutaten im Shaker gut sch\u00fctteln und den Drink in ein Martini-Glas abseihen.<\/p>\n\n\t\t<style type=\"text\/css\">\n\t\t\t#gallery-1 {\n\t\t\t\tmargin: auto;\n\t\t\t}\n\t\t\t#gallery-1 .gallery-item {\n\t\t\t\tfloat: left;\n\t\t\t\tmargin-top: 10px;\n\t\t\t\ttext-align: center;\n\t\t\t\twidth: 20%;\n\t\t\t}\n\t\t\t#gallery-1 img {\n\t\t\t\tborder: 2px solid #cfcfcf;\n\t\t\t}\n\t\t\t#gallery-1 .gallery-caption {\n\t\t\t\tmargin-left: 0;\n\t\t\t}\n\t\t\t\/* see gallery_shortcode() in wp-includes\/media.php *\/\n\t\t<\/style>\n\t\t<div id='gallery-1' class='gallery galleryid-3370 gallery-columns-5 gallery-size-thumbnail'><dl class='gallery-item'>\n\t\t\t<dt class='gallery-icon landscape'>\n\t\t\t\t<img width=\"150\" height=\"150\" src=\"https:\/\/lucididit.com\/wp-content\/uploads\/2017\/12\/rawpixel-743112-unsplash-150x150.jpg\" class=\"attachment-thumbnail size-thumbnail\" alt=\"\" loading=\"lazy\" \/>\n\t\t\t<\/dt><\/dl><dl class='gallery-item'>\n\t\t\t<dt class='gallery-icon portrait'>\n\t\t\t\t<img width=\"150\" height=\"150\" src=\"https:\/\/lucididit.com\/wp-content\/uploads\/2017\/12\/tyler-nix-444025-unsplash-150x150.jpg\" class=\"attachment-thumbnail size-thumbnail\" alt=\"\" loading=\"lazy\" \/>\n\t\t\t<\/dt><\/dl><dl class='gallery-item'>\n\t\t\t<dt class='gallery-icon landscape'>\n\t\t\t\t<img width=\"150\" height=\"150\" src=\"https:\/\/lucididit.com\/wp-content\/uploads\/2017\/12\/linda-xu-191090-unsplash-150x150.jpg\" class=\"attachment-thumbnail size-thumbnail\" alt=\"\" loading=\"lazy\" \/>\n\t\t\t<\/dt><\/dl><dl class='gallery-item'>\n\t\t\t<dt class='gallery-icon landscape'>\n\t\t\t\t<img width=\"150\" height=\"150\" src=\"https:\/\/lucididit.com\/wp-content\/uploads\/2017\/12\/cola-2839978_1920-150x150.jpg\" class=\"attachment-thumbnail size-thumbnail\" alt=\"\" loading=\"lazy\" \/>\n\t\t\t<\/dt><\/dl><dl class='gallery-item'>\n\t\t\t<dt class='gallery-icon landscape'>\n\t\t\t\t<img width=\"150\" height=\"150\" src=\"https:\/\/lucididit.com\/wp-content\/uploads\/2017\/12\/drink-1543247_1280-150x150.jpg\" class=\"attachment-thumbnail size-thumbnail\" alt=\"\" loading=\"lazy\" \/>\n\t\t\t<\/dt><\/dl><br style=\"clear: both\" \/>\n\t\t<\/div>\n\n<p><img loading=\"lazy\" class=\"aligncenter wp-image-6688 size-full\" src=\"https:\/\/lucididit.com\/wp-content\/uploads\/2017\/12\/adam-jaime-119551-unsplash.jpg\" alt=\"\" width=\"6000\" height=\"4008\" srcset=\"https:\/\/lucididit.com\/wp-content\/uploads\/2017\/12\/adam-jaime-119551-unsplash.jpg 1280w, https:\/\/lucididit.com\/wp-content\/uploads\/2017\/12\/adam-jaime-119551-unsplash-300x200.jpg 300w, https:\/\/lucididit.com\/wp-content\/uploads\/2017\/12\/adam-jaime-119551-unsplash-768x513.jpg 768w, https:\/\/lucididit.com\/wp-content\/uploads\/2017\/12\/adam-jaime-119551-unsplash-1024x684.jpg 1024w, https:\/\/lucididit.com\/wp-content\/uploads\/2017\/12\/adam-jaime-119551-unsplash-1080x721.jpg 1080w\" sizes=\"(max-width: 6000px) 100vw, 6000px\" \/><\/p>\n<p>\u00a0<\/p>\n<hr \/>\n<p>\u00a0<\/p>\n<p style=\"text-align: center;\"><span style=\"font-family: Noticia Text; font-weight: normal;\"><strong><span style=\"color: #000000;\">Ich w\u00fcnsche dir wundersch\u00f6ne Weihnachten voller Liebe, W\u00e4rme und Harmonie!<\/span><\/strong><\/span><\/p>\n<p style=\"text-align: center;\"><span style=\"font-family: Noticia Text; font-weight: normal;\"><strong><span style=\"color: #000000;\"><span style=\"color: #e02b20;\">Einen guten Appetit<\/span><\/span><\/strong><\/span><span style=\"font-family: Noticia Text; font-weight: normal; color: #e02b20;\"><strong>!<\/strong><\/span><\/p>\n<p>\u00a0<\/p>\n<p style=\"text-align: center;\"><strong>Foto:<\/strong> Lucididit \/ Pixabay, <a href=\"https:\/\/unsplash.com\/\">Unsplash<\/a><\/p>\n<p>[\/et_pb_text][et_pb_divider color=&#8221;#000000&#8243; show_divider=&#8221;on&#8221; height=&#8221;1px&#8221; _builder_version=&#8221;3.0.95&#8243;]<\/p>\n<p>\n&nbsp;<\/p>\n<p>[\/et_pb_divider][et_pb_post_nav in_same_term=&#8221;on&#8221; _builder_version=&#8221;3.0.95&#8243; title_font=&#8221;Abhaya Libre|700|||||||&#8221; title_font_size=&#8221;19px&#8221; title_text_color=&#8221;#e0443c&#8221;]<\/p>\n<p>\n&nbsp;<\/p>\n<p>[\/et_pb_post_nav][\/et_pb_column][\/et_pb_row][\/et_pb_section]<\/p>\n","protected":false},"excerpt":{"rendered":"<p>Weihnachten steht vor der T\u00fcr und ich sitze nur herum und schaue mir meine Weihnachts-Checkliste an:Weihnachtsbaum: \u2611Geschenke: \u2611Dekoration: \u2611Weihnachtmen\u00fc?\u00a0Ups &#8230; Nur damit es klar ist. Ich habe sicher nicht vor den ganzen Tag hinter dem Herd zu stehen um zwei Arten von Men\u00fcs her zu richten, damit mein Kopf beim Festessen vor lauter Ersch\u00f6pfung und [&hellip;]<\/p>\n","protected":false},"author":1,"featured_media":6646,"comment_status":"open","ping_status":"closed","sticky":false,"template":"","format":"standard","meta":{"_et_pb_use_builder":"on","_et_pb_old_content":"Vianoce sa bl\u00ed\u017eia a ja si len tak sed\u00edm a rozj\u00edmam... Neviem, \u010do sa to so mnou deje, ale tento rok ma Vianoce akosi ber\u00fa. Zrejme preto, lebo to bud\u00fa moje prv\u00e9 Vianoce v novom byte, s moj\u00edm boyfriendom a rodinou. Takpovediac prv\u00e9 pod mojou taktovkou. A to mi dod\u00e1va pocit slobody a radosti. No stres, no panic. \u2611 Oh nieee, tento rok nie. Pozer\u00e1m na moj x-mas checklist:\r\n\r\n[box]\r\n\r\nStrom\u010dek: \u2611\r\n\r\nDar\u010deky: \u2611\r\n\r\nViano\u010dn\u00e9 menu: ?[\/box]\r\n\r\n\u00a0\r\n\r\n<img class=\"wp-image-3333 alignright\" src=\"https:\/\/lucididit.com\/wp-content\/uploads\/2017\/12\/2-4-225x300.jpg\" alt=\"\" width=\"350\" height=\"467\" \/>Viano\u010dn\u00e9 menu? Ups... Rak\u00faske? Slovensk\u00e9? Tak aby bolo jasn\u00e9. Nemienim str\u00e1vi\u0165 cel\u00fd de\u0148 za spor\u00e1kom a vyv\u00e1ra\u0165 dvojn\u00e1rodnostn\u00e9 menu, aby mi pri \u0161tedrove\u010dernom stole padla hlava do polievky. STOP! A v tom mi zablikala \u017eiarovka. Aby bola aj ovca cel\u00e1, aj vlk s\u00fdty, rozhodla som sa vymyslie\u0165 si na\u0161u nov\u00fa, vlastn\u00fa viano\u010dn\u00fa trad\u00edciu. A rada sa s \u0148ou podel\u00edm aj s vami. Ja viem, \u017ee v\u00e4\u010d\u0161ina z v\u00e1s je zrejme vern\u00e1 trad\u00edci\u00e1m, a tak sa na va\u0161om stole objav\u00ed povestn\u00e1 kapustnica, hubov\u00e1, rybacia alebo \u0161o\u0161ovicov\u00e1 polievka a v tesnom z\u00e1vese kapor rie\u010dny pl\u00e1vaj\u00faci na zemiakovom \u0161al\u00e1te. A ja trad\u00edci\u00e1m fand\u00edm, verte mi, no ak si chcem sviatky pokoja vychutna\u0165 aj ja, je \u010das na zmenu. Pokia\u013e sa na tvojom \u0161tedrom stole objavia tradi\u010dn\u00e9 slovensk\u00e9 dobroty, odlo\u017e si m\u00f4j tip na sl\u00e1vnostn\u00e9 menu na prv\u00fd alebo druh\u00fd sviatok viano\u010dn\u00fd. Alebo na Silvester. However...prajem ti dobr\u00fa chu\u0165!\r\n\r\n\u00a0\r\n\r\nZ r\u00e1dia ku mne dolieha pesni\u010dka od Marriah \"All I want for Christmas is you\" a mne sa na tv\u00e1ri vy\u010daril \u00fasmev. Obliekam z\u00e1steru a p\u00fa\u0161\u0165am sa do pr\u00edpravy perfektn\u00e9ho viano\u010dn\u00e9ho menu. Pr\u00edpitok, predjedlo, polievka, hlavn\u00e9 jedlo, dezert a koktejl. Na prv\u00e9 po\u010dutie sa m\u00f4\u017ee zda\u0165, \u017ee pr\u00edpravou sl\u00e1vnostn\u00e9ho menu nakoniec predsa len str\u00e1vim cel\u00fd de\u0148, ale omyl moja drah\u00e1. Preto ten \u00fasmev na tv\u00e1ri. :-)\r\n\r\n<hr \/>\r\n<p style=\"text-align: center;\">Pr\u00edpitok:<\/p>\r\n<p style=\"text-align: center;\">\u0160ampansk\u00e9 s rozmar\u00ednom a gran\u00e1tov\u00fdm jablkom<\/p>\r\n\r\n<blockquote>\r\n<p style=\"text-align: center;\">Suroviny:<\/p>\r\n<p style=\"text-align: center;\">\u0161ampansk\u00e9<\/p>\r\n<p style=\"text-align: center;\">vetvi\u010dka rozmar\u00ednu<\/p>\r\n<p style=\"text-align: center;\">4 ly\u017eice cukru<\/p>\r\n<p style=\"text-align: center;\">limeta<\/p>\r\n<p style=\"text-align: center;\">gran\u00e1tov\u00e9 jablko<\/p>\r\n<p style=\"text-align: center;\">Postup:<\/p>\r\n<\/blockquote>\r\n<p style=\"text-align: center;\">Rozmar\u00edn, zop\u00e1r jadierok gran\u00e1tov\u00e9ho jablka, cukor a \u0161\u0165avu z limetky rozmlia\u017edime v ma\u017eiari a \u0161\u0165avu preced\u00edme cez sitko. N\u00e1sledne cez lievik nalejeme do f\u013ea\u0161e so \u0161ampansk\u00fdm a jemne premie\u0161ame. No jasn\u00e9, ten jeden poh\u00e1rik pije\u0161 u\u017e po\u010das pr\u00edpravy ve\u010f inak by sa to tam nezmestilo. :D Alebo to vleje\u0161 do ka\u017ed\u00e9ho poh\u00e1rika zvl\u00e1\u0161\u0165. No ja si ten poh\u00e1rik po\u010das varenia rada do\u017ei\u010d\u00edm. No a n\u00e1sledne rozlejeme so poh\u00e1rov a prihod\u00edme p\u00e1r k\u00faskov rozmar\u00ednu a jadierok z gran\u00e1tov\u00e9ho jablka.<\/p>\r\n<img class=\"wp-image-3352\" src=\"https:\/\/lucididit.com\/wp-content\/uploads\/2017\/12\/drink_1513199610-300x225.jpg\" alt=\"\" width=\"500\" height=\"375\" \/>\r\n\r\n<hr \/>\r\n<p style=\"text-align: center;\">Predjedlo:<\/p>\r\n<p style=\"text-align: center;\">Figy s koz\u00edm syrom, rukolou, karamelizovan\u00fdmi vla\u0161sk\u00fdmi orechami a parmskou \u0161unkou<\/p>\r\n<p style=\"text-align: center;\">Suroviny:<\/p>\r\n\r\n<blockquote>\r\n<p style=\"text-align: center;\">300g rukoly<\/p>\r\n<p style=\"text-align: center;\">75 g parmskej \u0161unky<\/p>\r\n<p style=\"text-align: center;\">80g kozieho syra<\/p>\r\n<p style=\"text-align: center;\">8 \u010derstv\u00fdch f\u00edg<\/p>\r\n<p style=\"text-align: center;\">citr\u00f3n<\/p>\r\n<p style=\"text-align: center;\">\u0161alotka<\/p>\r\n<p style=\"text-align: center;\">med<\/p>\r\n<p style=\"text-align: center;\">olivov\u00fd olej<\/p>\r\n<p style=\"text-align: center;\">so\u013e<\/p>\r\n<p style=\"text-align: center;\">\u010dierne korenie<\/p>\r\n<\/blockquote>\r\n<p style=\"text-align: center;\">Postup:<\/p>\r\nNi\u010d nie je jednoduch\u0161ie ako toto. Rukolu umyjeme, osu\u0161\u00edme a vlo\u017e\u00edme do \u0161al\u00e1tovej misy. Prid\u00e1me potrhan\u00e9 pl\u00e1tky parmskej \u0161unky. Koz\u00ed syr a \u0161alotku nakr\u00e1jame na pl\u00e1tky, figy na \u0161tvr\u0165ky a rovnako hod\u00edme do misy. Napokon si skaramelizujeme vla\u0161sk\u00e9 orechy - \u010di\u017ee hned\u00fd cukor privedieme do varu a ke\u010f skaramelizuje, hod\u00edme do\u0148 vla\u0161sk\u00e9 orechy, ktor\u00e9 sme si predt\u00fdm orestovali na panvici. Cel\u00fd \u0161al\u00e1t prelejeme p\u00e1r kvapkami olivov\u00e9ho oleja, citr\u00f3novej \u0161\u0165avy, osol\u00edme, okoren\u00edme, premie\u0161ame a na vrch vysypeme na\u0161e skaramelizovan\u00e9 orechy.\r\n\r\n<hr \/>\r\n<p style=\"text-align: center;\">Polievka:<\/p>\r\n<p style=\"text-align: center;\">Ga\u0161tanov\u00e1 viano\u010dn\u00e1 polievka<\/p>\r\n<p style=\"text-align: center;\">Suroviny:<\/p>\r\n\r\n<blockquote>\r\n<p style=\"text-align: center;\">400 g ga\u0161tanov (u\u017e upe\u010den\u00fdch!)<\/p>\r\n<p style=\"text-align: center;\">p\u00f3r<\/p>\r\n<p style=\"text-align: center;\">mrkva<\/p>\r\n<p style=\"text-align: center;\">petr\u017elen<\/p>\r\n<p style=\"text-align: center;\">maslo<\/p>\r\n<p style=\"text-align: center;\">1 dcl v\u00fdvaru<\/p>\r\n<p style=\"text-align: center;\">150 such\u00e9ho v\u00edna<\/p>\r\n<p style=\"text-align: center;\">\u0161\u013eaha\u010dka na varenie<\/p>\r\n<p style=\"text-align: center;\">\u0161korica<\/p>\r\n<p style=\"text-align: center;\">mu\u0161k\u00e1tov\u00fd orie\u0161ok<\/p>\r\n<p style=\"text-align: center;\">so\u013e a \u010dierne korenie<\/p>\r\n<\/blockquote>\r\n<p style=\"text-align: center;\">Postup:<\/p>\r\nP\u00f3r, mrkvu a petr\u017elen umyjeme, o\u010dist\u00edme, nakr\u00e1jame na kocky a opra\u017e\u00edme na masle. Podlejeme v\u00ednom, prid\u00e1me ol\u00fapan\u00e9 ga\u0161tany, v\u00fdvar a ca 700 ml vody. Cel\u00e9 to var\u00edme pribli\u017ene 15 min\u00fat. N\u00e1sledne rozmixujeme, prid\u00e1me \u0161\u013eaha\u010dku, premie\u0161ame a okoren\u00edme.\r\n\r\n<img class=\"aligncenter wp-image-3334\" src=\"https:\/\/lucididit.com\/wp-content\/uploads\/2017\/12\/3-1-1024x768.jpg\" alt=\"\" width=\"500\" height=\"375\" \/>\r\n\r\n<hr \/>\r\n<p style=\"text-align: center;\">Hlavn\u00e9 menu<\/p>\r\n<p style=\"text-align: center;\">Glaz\u00farovan\u00e1 ka\u010dka s tekvicov\u00fdm pyr\u00e9 a pe\u010den\u00fdmi rozmar\u00ednov\u00fdmi zemiakmi<\/p>\r\n<p style=\"text-align: center;\">Suroviny:<\/p>\r\n\r\n<blockquote>\r\n<p style=\"text-align: center;\">ka\u010dka (ca 2,5 kg)<\/p>\r\n<p style=\"text-align: center;\">maslo<\/p>\r\n<p style=\"text-align: center;\">5-7 \u0161alotiek<\/p>\r\n<p style=\"text-align: center;\">1 balenie kore\u0148ovej polievkovej zeleniny<\/p>\r\n<p style=\"text-align: center;\">2 kg zemiakov<\/p>\r\n<p style=\"text-align: center;\">\u0161alvia<\/p>\r\n<p style=\"text-align: center;\">5-7 bobkov\u00fdch l\u00edstkov<\/p>\r\n<p style=\"text-align: center;\">8 hviezdi\u010diek an\u00edzu<\/p>\r\n<p style=\"text-align: center;\">\u0161\u0165ava z jedn\u00e9ho pomaran\u010da<\/p>\r\n<p style=\"text-align: center;\">3 ly\u017eice pomaran\u010dovej marmel\u00e1dy<\/p>\r\n<p style=\"text-align: center;\">2 ly\u017eice s\u00f3jovej om\u00e1\u010dky<\/p>\r\n<p style=\"text-align: center;\">2 ly\u017eice medu<\/p>\r\n<p style=\"text-align: center;\">maslov\u00e1 tekvica<\/p>\r\n<p style=\"text-align: center;\">so\u013e, \u010dierne korenie a mu\u0161k\u00e1tov\u00fd orie\u0161ok<\/p>\r\n<\/blockquote>\r\n<p style=\"text-align: center;\">R\u00faru si predhrejeme na 200 stup\u0148ov. Ka\u010dku umyjeme a na viacer\u00fdch miestach napich\u00e1me ihlou. V hrnci privedieme do varu 1 liter vody, ktorou ka\u010dku prelejeme. Hlbok\u00fd plech vymast\u00edme maslom a vlo\u017e\u00edme do\u0148 obaren\u00fa ka\u010dku. T\u00fa osol\u00edme zvonka aj zvn\u00fatra a rovnako omast\u00edme maslom. Zemiaky, kore\u0148ov\u00fa zeleninu aj \u0161alotku o\u010dist\u00edme, nakr\u00e1jame na pl\u00e1tky a pouklad\u00e1me na plech ved\u013ea ka\u010dky. Bobkov\u00fd list, an\u00edz, rozmar\u00edn a \u0161alviu rovnako prihod\u00edme na plech, ka\u010dku aj zeleninu prelejeme pomaran\u010dovou \u0161\u0165avou, osol\u00edme a okoren\u00edme. Medzi\u010dasom si priprav\u00edme glaz\u00faru: pomaran\u010dov\u00fa marmel\u00e1du, s\u00f3jov\u00fa om\u00e1\u010dku a med zmie\u0161ame v poh\u00e1ri a vytvor\u00edme om\u00e1\u010dku, ktorou ka\u010dku potrieme. Plech vlo\u017e\u00edme do r\u00fary a pri 200 stup\u0148och pe\u010dieme ca. 15-20 min\u00fat. Po uplynut\u00ed \u0161tvr\u0165 hodiny zn\u00ed\u017eime teplotu na 140 stup\u0148ov a pe\u010dieme \u010fal\u0161ie 2 a pol a\u017e 3 hodiny. Pekne pomali\u010dky, aby ka\u010dka ostala pekne \u0161\u0165avnat\u00e1. Nezab\u00fadame ca ka\u017ed\u00fa pol hodinku na ka\u010dicu hodi\u0165 o\u010dko a pravidelne ju potrie\u0165 na\u0161ou glaz\u00farou, prelieva\u0165 a podlieva\u0165, aby n\u00e1m nezhorela. Zeleninu tie\u017e pravidelne ot\u00e1\u010dame. V pr\u00edpade, \u017ee n\u00e1m zvrchu za\u010dne ka\u010dka \u010derna\u0165 (sp\u00f4soben\u00e9 cukrom v na\u0161ej om\u00e1\u010dke), jednoducho ju prekryte alobalom. Ke\u010f je ka\u010dka hotov\u00e1, zakryjeme ju na 15 min\u00fat alobalom, aby m\u00a7so ostalo n\u00e1dherne \u0161\u0165avnat\u00e9.<\/p>\r\n<p style=\"text-align: center;\">Na tekvicov\u00e9 pyr\u00e9 potrebujeme maslov\u00fa tekvicu. O\u0161\u00fapeme, zbav\u00edme k\u00f4stok, nakr\u00e1jame na k\u00f4stky a var\u00edme v hrnci s v\u00fdvarom a \u0161tipkou masla. Ke\u010f je m\u00e4kk\u00fd, rozmixujeme, okoren\u00edme, osol\u00edme, prid\u00e1me ly\u017eicu masla a \u0161tipku mu\u0161k\u00e1tov\u00e9ho orie\u0161ka.<\/p>\r\n<p style=\"text-align: center;\">Ka\u010dku serv\u00edrujeme s kore\u0148ovou zeleninou, rozmar\u00ednov\u00fdmi zemiakmi z plechu a tekvicov\u00fdm pyr\u00e9.<\/p>\r\n<img class=\"wp-image-3340 aligncenter\" src=\"https:\/\/lucididit.com\/wp-content\/uploads\/2017\/12\/turkey_meat_1513197420-300x200.jpg\" alt=\"\" width=\"500\" height=\"333\" \/>\r\n\r\n<hr \/>\r\n<p style=\"text-align: center;\">Dezert<\/p>\r\n<p style=\"text-align: center;\">Franc\u00fazsky \u010dokol\u00e1dov\u00fd kol\u00e1\u010d<\/p>\r\n<p style=\"text-align: center;\">Suroviny:<\/p>\r\n\r\n<blockquote>\r\n<p style=\"text-align: center;\">320g \u010dokol\u00e1dy (70%)<\/p>\r\n<p style=\"text-align: center;\">170g masla<\/p>\r\n<p style=\"text-align: center;\">160g cukru<\/p>\r\n<p style=\"text-align: center;\">5 vajec<\/p>\r\n<p style=\"text-align: center;\">40g<\/p>\r\n<p style=\"text-align: center;\">40g m\u00faky<\/p>\r\n<\/blockquote>\r\n<p style=\"text-align: center;\">R\u00faru si predhrejeme na 150 stup\u0148ov. \u010cokol\u00e1du nal\u00e1meme na k\u00fasky, a spolu s maslom roztop\u00edme v parnom k\u00fapeli. Nakoniec prid\u00e1me cukor a premie\u0161ame. Z piatich vajec oddel\u00edme \u017e\u013atky od bielok. Bielka vy\u0161\u013eah\u00e1me na sneh, \u017e\u013atka pomali\u010dky prid\u00e1vame do roztopenej \u010dokol\u00e1dy. Rovnako za st\u00e1leho mie\u0161ania prid\u00e1vame do \u010dokol\u00e1dy aj m\u00faku a \u00faplne nakoniec opatrne prid\u00e1vame sneh a pomali\u010dky premie\u0161ame. Plech si medzi\u010dasom vystelieme papierom na pe\u010denie a vylejeme do\u0148 pripraven\u00e9 cest. Pe\u010dieme 40-45 min\u00fat, vn\u00fatri by mal osta\u0165 e\u0161te pekne \u0161\u0165avnat\u00fd. Pri pod\u00e1van\u00ed posypeme mletou \u0161koricou a dekorujeme pl\u00e1tkami pomaran\u010da.<\/p>\r\n<img class=\"wp-image-3350 aligncenter\" src=\"https:\/\/lucididit.com\/wp-content\/uploads\/2017\/12\/cake_1513199471-300x200.jpg\" alt=\"\" width=\"500\" height=\"333\" \/>\r\n\r\n<hr \/>\r\n<p style=\"text-align: center;\">Dezertn\u00fd koktejl<\/p>\r\n<p style=\"text-align: center;\">K\u00e1vov\u00fd koktejl<\/p>\r\n<p style=\"text-align: center;\">Potrebujeme:<\/p>\r\n\r\n<blockquote>\r\n<p style=\"text-align: center;\">125 ml Espressa<\/p>\r\n<p style=\"text-align: center;\">60 ml ly\u017eice tequily, angostury, rumu alebo k\u00e1vov\u00e9ho lik\u00e9ru<\/p>\r\n<p style=\"text-align: center;\">120 ml \u0161\u013eaha\u010dky<\/p>\r\n<\/blockquote>\r\n<p style=\"text-align: center;\">V\u0161etko premie\u0161ame v \u0161ejkeri a pod\u00e1vame s \u013eadom<\/p>\r\n<img class=\"wp-image-3335 aligncenter\" src=\"https:\/\/lucididit.com\/wp-content\/uploads\/2017\/12\/champagne_1513196042-300x200.jpg\" alt=\"\" width=\"500\" height=\"333\" \/>\r\n<p style=\"text-align: center;\">Prajem ti n\u00e1dhern\u00e9 Vianoce pln\u00e9 l\u00e1sky a pohody a dobr\u00fa chu\u0165!<\/p>\r\n\u00a0\r\n\r\nFoto: <a href=\"https:\/\/pixabay.com\/users\/TerriC\/\">TerriC<\/a>,\u00a0<a href=\"https:\/\/pixabay.com\/users\/PublicDomainPictures\/\">PublicDomainPictures<\/a>,\u00a0<a href=\"https:\/\/pixabay.com\/users\/johnkamatsos4\/\">johnkamatsos4,\u00a0<\/a><a href=\"https:\/\/pixabay.com\/users\/riitou\/\">riitou<\/a>, <a href=\"https:\/\/pixabay.com\/users\/moerschy\/\">moerschy<\/a>, Lucididit \/ Pixabay","_et_gb_content_width":""},"categories":[47],"tags":[],"yst_prominent_words":[],"_links":{"self":[{"href":"https:\/\/lucididit.com\/de\/wp-json\/wp\/v2\/posts\/3370"}],"collection":[{"href":"https:\/\/lucididit.com\/de\/wp-json\/wp\/v2\/posts"}],"about":[{"href":"https:\/\/lucididit.com\/de\/wp-json\/wp\/v2\/types\/post"}],"author":[{"embeddable":true,"href":"https:\/\/lucididit.com\/de\/wp-json\/wp\/v2\/users\/1"}],"replies":[{"embeddable":true,"href":"https:\/\/lucididit.com\/de\/wp-json\/wp\/v2\/comments?post=3370"}],"version-history":[{"count":0,"href":"https:\/\/lucididit.com\/de\/wp-json\/wp\/v2\/posts\/3370\/revisions"}],"wp:featuredmedia":[{"embeddable":true,"href":"https:\/\/lucididit.com\/de\/wp-json\/wp\/v2\/media\/6646"}],"wp:attachment":[{"href":"https:\/\/lucididit.com\/de\/wp-json\/wp\/v2\/media?parent=3370"}],"wp:term":[{"taxonomy":"category","embeddable":true,"href":"https:\/\/lucididit.com\/de\/wp-json\/wp\/v2\/categories?post=3370"},{"taxonomy":"post_tag","embeddable":true,"href":"https:\/\/lucididit.com\/de\/wp-json\/wp\/v2\/tags?post=3370"},{"taxonomy":"yst_prominent_words","embeddable":true,"href":"https:\/\/lucididit.com\/de\/wp-json\/wp\/v2\/yst_prominent_words?post=3370"}],"curies":[{"name":"wp","href":"https:\/\/api.w.org\/{rel}","templated":true}]}}