{"id":6093,"date":"2018-09-18T19:50:55","date_gmt":"2018-09-18T17:50:55","guid":{"rendered":"https:\/\/lucididit.com\/?p=6093"},"modified":"2020-06-09T16:57:49","modified_gmt":"2020-06-09T14:57:49","slug":"regal-aus-dem-guertel","status":"publish","type":"post","link":"https:\/\/lucididit.com\/de\/regal-aus-dem-guertel\/","title":{"rendered":"So baust du ein stylisches Regal aus einem G\u00fcrtel"},"content":{"rendered":"<p>[et_pb_section fb_built=&#8221;1&#8243; _builder_version=&#8221;3.22&#8243; custom_padding=&#8221;13px|0px|0|0px|false|false&#8221;][et_pb_row _builder_version=&#8221;3.25&#8243; background_size=&#8221;initial&#8221; background_position=&#8221;top_left&#8221; background_repeat=&#8221;repeat&#8221;][et_pb_column type=&#8221;4_4&#8243; _builder_version=&#8221;3.25&#8243; custom_padding=&#8221;|||&#8221; custom_padding__hover=&#8221;|||&#8221;][et_pb_text _builder_version=&#8221;4.4.2&#8243; text_text_color=&#8221;#4c4c4c&#8221; text_font_size=&#8221;14px&#8221; text_line_height=&#8221;1.9em&#8221; text_orientation=&#8221;justified&#8221; filter_brightness=&#8221;107%&#8221; filter_contrast=&#8221;105%&#8221; hover_enabled=&#8221;0&#8243; inline_fonts=&#8221;Caveat&#8221;]<\/p>\n<p>Den G\u00fcrtel anzuziehen wird oft als Symbol einer ung\u00fcnstigen sozialen Situation und Sparma\u00dfnahmen verstanden. Auch in diesem Fall k\u00f6nnt ihr sparen. <span style=\"color: #000000;\"><strong>Die Herstellung eines H\u00e4ngeregals, das auf beiden Seiten des G\u00fcrtels h\u00e4ngt, ist wesentlich billiger als ein fertiges Produkt.\u00a0<\/strong> <\/span>Die Montage ist keine Wissenschaft und das Ergebnis sieht mega aus!<\/p>\n<p>&nbsp;<\/p>\n<h2 style=\"text-align: center;\"><span style=\"color: #000000; font-family: Caveat; font-weight: normal;\"><strong>F\u00fcr die Herstellung eines solchen H\u00e4ngeregals brauchen wir:<\/strong><\/span><\/h2>\n<blockquote>\n<p style=\"text-align: center;\"><em><strong><span style=\"color: #000000;\">&#8211; Holzbrett\/ Holzbalken (die Gr\u00f6\u00dfe und Breite h\u00e4ngt von euren pers\u00f6nlichen Pr\u00e4ferenzen ab)<\/span><\/strong><\/em><\/p>\n<p style=\"text-align: center;\"><em><strong><span style=\"color: #000000;\">&#8211; 4 Beilagscheiben<\/span><\/strong><\/em><\/p>\n<p style=\"text-align: center;\"><em><strong><span style=\"color: #000000;\">&#8211; 4 D\u00fcbel<\/span><\/strong><\/em><\/p>\n<p style=\"text-align: center;\"><em><strong><span style=\"color: #000000;\">&#8211; 4 Schrauben<\/span><\/strong><\/em><\/p>\n<p style=\"text-align: center;\"><em><strong><span style=\"color: #000000;\">&#8211; 2 G\u00fcrtel (meine 2 St\u00fcck (angeblich aus Leder) von\u00a0Primark = 20 Eur)<\/span><\/strong><\/em><\/p>\n<p style=\"text-align: center;\"><em><strong><span style=\"color: #000000;\">&#8211; Akkubohrer<\/span><\/strong><\/em><\/p>\n<\/blockquote>\n<p>&nbsp;<\/p>\n\n\t\t<style type=\"text\/css\">\n\t\t\t#gallery-1 {\n\t\t\t\tmargin: auto;\n\t\t\t}\n\t\t\t#gallery-1 .gallery-item {\n\t\t\t\tfloat: left;\n\t\t\t\tmargin-top: 10px;\n\t\t\t\ttext-align: center;\n\t\t\t\twidth: 50%;\n\t\t\t}\n\t\t\t#gallery-1 img {\n\t\t\t\tborder: 2px solid #cfcfcf;\n\t\t\t}\n\t\t\t#gallery-1 .gallery-caption {\n\t\t\t\tmargin-left: 0;\n\t\t\t}\n\t\t\t\/* see gallery_shortcode() in wp-includes\/media.php *\/\n\t\t<\/style>\n\t\t<div id='gallery-1' class='gallery galleryid-6093 gallery-columns-2 gallery-size-full'><dl class='gallery-item'>\n\t\t\t<dt class='gallery-icon portrait'>\n\t\t\t\t<a href='https:\/\/lucididit.com\/wp-content\/uploads\/2018\/08\/IMG_20200501_173709-2_resized_20200604_055316410-e1591292947478.jpg'><img width=\"1919\" height=\"2389\" src=\"https:\/\/lucididit.com\/wp-content\/uploads\/2018\/08\/IMG_20200501_173709-2_resized_20200604_055316410-e1591292947478.jpg\" class=\"attachment-full size-full\" alt=\"\" loading=\"lazy\" \/><\/a>\n\t\t\t<\/dt><\/dl><dl class='gallery-item'>\n\t\t\t<dt class='gallery-icon portrait'>\n\t\t\t\t<a href='https:\/\/lucididit.com\/wp-content\/uploads\/2018\/07\/IMG_20200426_092642_006-1.jpg'><img width=\"1440\" height=\"1800\" src=\"https:\/\/lucididit.com\/wp-content\/uploads\/2018\/07\/IMG_20200426_092642_006-1.jpg\" class=\"attachment-full size-full\" alt=\"\" loading=\"lazy\" srcset=\"https:\/\/lucididit.com\/wp-content\/uploads\/2018\/07\/IMG_20200426_092642_006-1.jpg 1440w, https:\/\/lucididit.com\/wp-content\/uploads\/2018\/07\/IMG_20200426_092642_006-1-1280x1600.jpg 1280w, https:\/\/lucididit.com\/wp-content\/uploads\/2018\/07\/IMG_20200426_092642_006-1-980x1225.jpg 980w, https:\/\/lucididit.com\/wp-content\/uploads\/2018\/07\/IMG_20200426_092642_006-1-480x600.jpg 480w\" sizes=\"(min-width: 0px) and (max-width: 480px) 480px, (min-width: 481px) and (max-width: 980px) 980px, (min-width: 981px) and (max-width: 1280px) 1280px, (min-width: 1281px) 1440px, 100vw\" \/><\/a>\n\t\t\t<\/dt><\/dl><br style=\"clear: both\" \/>\n\t\t<\/div>\n\n<p style=\"text-align: left;\"><em><strong><span style=\"color: #000000;\">\u00a0<\/span><\/strong><\/em><\/p>\n<blockquote>\n<p><em><strong><span style=\"color: #000000;\">Die Holzbretter oder einen Balken bekommt ihr (plus dazu passendes Material und Zubeh\u00f6r) in jedem Baugesch\u00e4ft (unberarbeitetes Holz ist sogar noch preiswerter). Die G\u00fcrtel in der gew\u00fcnschten Farbe, Breite und L\u00e4nge findet ihr in jedem Modegesch\u00e4ft oder Laden mit Textilware. Sobald ihr alles habt, k\u00f6nnt ihr mit der Produktion beginnen.<\/span><\/strong><\/em><\/p>\n<\/blockquote>\n<p>&nbsp;<\/p>\n<hr \/>\n<p>&nbsp;<\/p>\n<p><strong><span style=\"color: #000000;\"><span style=\"font-size: xx-large;\">1.<\/span> Markiert an der Wand mit Bleistift die zuvor gemessenen Stellen, wo gebohrt werden soll.<\/span><\/strong> Hierf\u00fcr messt \u00a0die L\u00e4nge des gekauften Holzbalkens oder Holzbrettes, <span style=\"color: rgba(0, 0, 0, 0.91);\"><strong>lasst mindestens 15-20 cm Abstand vom Ende des Balkens, damit \u00a0der G\u00fcrtel nicht zu weit am Rand ist. Das Ende des Brettes sollte auf beiden Seiten au\u00dferhalb des G\u00fcrtels sein!<\/strong> <\/span><\/p>\n<p>&nbsp;<\/p>\n<p><span style=\"font-size: xx-large;\"><strong><span style=\"color: #000000;\">2.<\/span><\/strong><\/span>\u00a0 Ist alles markiert, <strong><span style=\"color: #000000;\">k\u00f6nnt ihr mit dem Bohren beginnen<\/span><\/strong> und die daf\u00fcr vorgesehenen D\u00fcbel verwenden.<\/p>\n<p>&nbsp;<\/p>\n<p><span style=\"font-size: xx-large;\"><strong><span style=\"color: #000000;\">3.<\/span><\/strong><\/span>\u00a0 Macht die G\u00fcrtel auf die gew\u00fcnschte L\u00e4nge zu und <strong><span style=\"color: #000000;\">achtet darauf, dass beide gleich lang sind.<\/span><\/strong><\/p>\n<p>&nbsp;<\/p>\n<p><span style=\"font-size: xx-large;\"><strong><span style=\"color: #000000;\">4.<\/span><\/strong><\/span> <strong><span style=\"color: #000000;\">Markiert auf dem G\u00fcrtel die Stelle, an der ein Loch durchgebohrt werden soll. Legt eine Beilagscheibe auf die Schraube (damit der G\u00fcrtel nicht anrei\u00dft) und dreht diese mit dem G\u00fcrtel an die Wand. <\/span><\/strong><\/p>\n<p>Baut ihr ein Regal direkt an der Wand, braucht ihr nur 1 Loch auf\u00a0 jeder Seite und jeweils 2 Schrauben und 2 Beilagscheiben. Macht ihr jedoch ein Regal oder einen Balken, der an der Wandschr\u00e4ge h\u00e4ngen soll, braucht ihr insgesamt 2 L\u00f6cher pro Seite (wie auf dem Bild). Erstens wegen der Stabilit\u00e4t, zweitens deswegen, damit das Regal nicht viel zu weit von der Wand entfernt ist.<\/p>\n<p><img loading=\"lazy\" class=\"aligncenter wp-image-5892\" src=\"https:\/\/lucididit.com\/wp-content\/uploads\/2018\/09\/5-768x1024.png\" alt=\"\" width=\"350\" height=\"467\" srcset=\"https:\/\/lucididit.com\/wp-content\/uploads\/2018\/09\/5.png 768w, https:\/\/lucididit.com\/wp-content\/uploads\/2018\/09\/5-225x300.png 225w, https:\/\/lucididit.com\/wp-content\/uploads\/2018\/09\/5-1080x1440.png 1080w\" sizes=\"(max-width: 350px) 100vw, 350px\" \/> <span style=\"font-size: xx-large;\"><strong><span style=\"color: rgba(0, 0, 0, 0.98);\">5.<\/span><\/strong><\/span>\u00a0 <strong><span style=\"color: rgba(0, 0, 0, 0.97);\">Den ganzen Prozess auf der anderen Seite wiederholen.<\/span><\/strong>.<\/p>\n<p>&nbsp;<\/p>\n<p><span style=\"font-size: xx-large;\"><strong><span style=\"color: #000000;\">6. <\/span><\/strong><\/span><span style=\"color: #000000;\"><strong>Legt das Holzst\u00fcck in die G\u00fcrtel\u00a0<\/strong>\u00a0<\/span>und fertig ist das Meisterwerk. Wollt ihr den Balken noch etwas aufpeppen, wickelt noch eine Lampe mit einem Textilkabel herum.<\/p>\n<div id=\"gallery-1\" class=\"gallery galleryid-5782 gallery-columns-2 gallery-size-large\">\n<p><img loading=\"lazy\" class=\"aligncenter wp-image-13629 size-full\" src=\"https:\/\/lucididit.com\/wp-content\/uploads\/2018\/08\/IMG_20200604_173333-2_resized_20200604_054927696-1.jpg\" alt=\"\" width=\"2560\" height=\"1920\" \/><\/p>\n<dl class=\"gallery-item\">\n<dt class=\"gallery-icon portrait\"><\/dt>\n<\/dl>\n<p>&nbsp;<\/p>\n<blockquote>\n<p><em><strong><span style=\"color: #000000;\">Da wir uns zu Hause f\u00fcr einen Holzbalken entschieden haben (der nicht gerade leicht ist) und im Hinblick auf die Dachschr\u00e4ge (da es nicht an der Wand entlag h\u00e4ngt, sondern in der Luft) haben wir beschlossen, ihn f\u00fcr rein dekorative Zwecke zu verwenden. Ihr k\u00f6nnt eure Kreation jedoch ruhig \u00a0als B\u00fccherregal oder Ablage f\u00fcr Fotos oder Bilder\u00a0 benutzen.<\/span><\/strong><\/em><\/p>\n<\/blockquote>\n<p>&nbsp;<\/p>\n<\/div>\n<p>&nbsp;<\/p>\n<p style=\"text-align: center;\"><span style=\"color: #000000;\"><strong>Foto:<\/strong><\/span> Lucididit<\/p>\n<p>[\/et_pb_text][et_pb_divider color=&#8221;#000000&#8243; _builder_version=&#8221;3.14&#8243; height=&#8221;1px&#8221;][\/et_pb_divider][et_pb_post_nav in_same_term=&#8221;on&#8221; _builder_version=&#8221;3.14&#8243; title_font=&#8221;Abhaya Libre|700|||||||&#8221; title_text_color=&#8221;#e0443c&#8221; title_font_size=&#8221;19px&#8221; title_line_height=&#8221;1.9em&#8221;][\/et_pb_post_nav][\/et_pb_column][\/et_pb_row][\/et_pb_section]<\/p>\n","protected":false},"excerpt":{"rendered":"<p>Den G\u00fcrtel anzuziehen wird oft als Symbol einer ung\u00fcnstigen sozialen Situation und Sparma\u00dfnahmen verstanden. Auch in diesem Fall k\u00f6nnt ihr sparen. Die Herstellung eines H\u00e4ngeregals, das auf beiden Seiten des G\u00fcrtels h\u00e4ngt, ist wesentlich billiger als ein fertiges Produkt.\u00a0 Die Montage ist keine Wissenschaft und das Ergebnis sieht mega aus! &nbsp; F\u00fcr die Herstellung eines [&hellip;]<\/p>\n","protected":false},"author":1,"featured_media":6092,"comment_status":"open","ping_status":"closed","sticky":false,"template":"","format":"standard","meta":{"_et_pb_use_builder":"on","_et_pb_old_content":"<p>U\u0165ahovanie opaskov sa v\u00a0spolo\u010dnosti prepiera v\u0161emo\u017en\u00fdmi sp\u00f4sobmi. Pova\u010d\u0161inou je symbolom pre vyjadrenie nepriaznivej spolo\u010denskej situ\u00e1cie a\u00a0\u0161etriv\u00fdch opatren\u00ed. Aj v\u00a0tomto pr\u00edpade m\u00f4\u017eete zna\u010dne u\u0161etri\u0165. V\u00fdroba police visiacej na opasku po oboch stran\u00e1ch v\u00e1s v\u00a0kone\u010dnom d\u00f4sledku vyjde podstatne lacnej\u0161ie ako hotov\u00fd produkt. Mont\u00e1\u017e nie je \u017eiadna veda a\u00a0v\u00fdsledok vyzer\u00e1 mega!<\/p><p>\u00a0<\/p><p style=\"text-align: center;\">Na v\u00fdrobu takej police potrebujete:<\/p><p style=\"text-align: center;\">Dreven\u00fa dosku\/ tr\u00e1m (ve\u013ekos\u0165 a\u00a0hr\u00fabka z\u00e1vis\u00ed od va\u0161ich preferenci\u00ed)<\/p><p style=\"text-align: center;\">2 ve\u013ekoplo\u0161n\u00e9 podlo\u017eky<\/p><p style=\"text-align: center;\">2 z\u00e1pustn\u00e9 kol\u00edky (zn\u00e1me aj pod n\u00e1zvom hmo\u017edinky)<\/p><p style=\"text-align: center;\">2 klince<\/p><p style=\"text-align: center;\">2 opasky (tie moje 2 ks (\u017ee vraj ko\u017een\u00e9) \u00a0z\u00a0Primark = 20 eur)<\/p><p>\u00a0<\/p><p>Dreven\u00e9 dosky alebo tr\u00e1my (plus pr\u00edslu\u0161n\u00fd materi\u00e1l) viete k\u00fapi\u0165 v\u00a0ka\u017eom obchode so stavebn\u00fdm materi\u00e1lom \u201eza babku\u201c (v pr\u00edpade neopracovan\u00e9ho dreva u\u0161er\u00edte dokonca e\u0161te viac). Opasky si vyberiete v\u00a0\u017eiadanej farbe, hr\u00fabke a\u00a0d\u00cd\u017eke v\u00a0ka\u017edom obchode s\u00a0handrami. Akon\u00e1hle m\u00e1te v\u0161etko po ruke, m\u00f4\u017eete za\u010da\u0165.<\/p><p>\u00a0<\/p><p>Na stenu si ceruzou nazna\u010dte vopred odmeran\u00e9 miesta, na ktor\u00fdch sa bude v\u0155ta\u0165. Merajte po d\u00cd\u017eke zak\u00fapen\u00e9ho dreven\u00e9ho tr\u00e1mu alebo dosky, od okraja nechajte aspo\u0148 5-10 cm odstup, aby ste opasok neumiestnili pr\u00edli\u0161 na okraj. Konce dosky by mali z\u00a0opasku pre\u010dnieva\u0165. Ke\u010f m\u00e1te miesta prec\u00edzne odmeran\u00e9 a\u00a0nazna\u010den\u00e9, m\u00f4\u017eete za\u010da\u0165 v\u0155ta\u0165. Pripravte si opasky, utiahnite na \u017eiadan\u00fa d\u00cd\u017eku a\u00a0pripevnite na stenu. Dreven\u00fd k\u00fasok prevle\u010dte po stran\u00e1ch cez opasky a\u00a0cel\u00e9 dielo je dokonan\u00e9.<\/p><p>\u00a0<\/p><p>Ke\u010f\u017ee my sme sa rozhodli pre dreven\u00fd tr\u00e1m (ktor\u00fd veru nie je naj\u013eah\u0161\u00ed) a\u00a0vzh\u013eadom na podkrovn\u00fa stenu nevis\u00ed na ani pozd\u00cd\u017e steny, ale vo vzduchu, rozhodli sme sa ju vyu\u017ei\u0165 len na dekorat\u00edvne \u00fa\u010dely. Vy v\u0161ak m\u00f4\u017eete v\u00e1\u0161 v\u00fdtvor pokojne vyu\u017ei\u0165 ako policu na knihy alebo obrazy.<\/p><p>\u00a0<\/p><p style=\"text-align: center;\"><strong>Foto:<\/strong> Lucididit<\/p>","_et_gb_content_width":""},"categories":[61],"tags":[88,44],"yst_prominent_words":[],"_links":{"self":[{"href":"https:\/\/lucididit.com\/de\/wp-json\/wp\/v2\/posts\/6093"}],"collection":[{"href":"https:\/\/lucididit.com\/de\/wp-json\/wp\/v2\/posts"}],"about":[{"href":"https:\/\/lucididit.com\/de\/wp-json\/wp\/v2\/types\/post"}],"author":[{"embeddable":true,"href":"https:\/\/lucididit.com\/de\/wp-json\/wp\/v2\/users\/1"}],"replies":[{"embeddable":true,"href":"https:\/\/lucididit.com\/de\/wp-json\/wp\/v2\/comments?post=6093"}],"version-history":[{"count":0,"href":"https:\/\/lucididit.com\/de\/wp-json\/wp\/v2\/posts\/6093\/revisions"}],"wp:featuredmedia":[{"embeddable":true,"href":"https:\/\/lucididit.com\/de\/wp-json\/wp\/v2\/media\/6092"}],"wp:attachment":[{"href":"https:\/\/lucididit.com\/de\/wp-json\/wp\/v2\/media?parent=6093"}],"wp:term":[{"taxonomy":"category","embeddable":true,"href":"https:\/\/lucididit.com\/de\/wp-json\/wp\/v2\/categories?post=6093"},{"taxonomy":"post_tag","embeddable":true,"href":"https:\/\/lucididit.com\/de\/wp-json\/wp\/v2\/tags?post=6093"},{"taxonomy":"yst_prominent_words","embeddable":true,"href":"https:\/\/lucididit.com\/de\/wp-json\/wp\/v2\/yst_prominent_words?post=6093"}],"curies":[{"name":"wp","href":"https:\/\/api.w.org\/{rel}","templated":true}]}}