{"id":6469,"date":"2018-10-23T21:09:04","date_gmt":"2018-10-23T19:09:04","guid":{"rendered":"https:\/\/lucididit.com\/?p=6469"},"modified":"2020-06-10T10:28:47","modified_gmt":"2020-06-10T08:28:47","slug":"herbst-in-einer-flut-von-trends","status":"publish","type":"post","link":"https:\/\/lucididit.com\/de\/herbst-in-einer-flut-von-trends\/","title":{"rendered":"Herbst in einer Flut von Trends &#8230; Alles wird anders getragen!"},"content":{"rendered":"<p>[et_pb_section fb_built=&#8221;1&#8243; _builder_version=&#8221;3.22&#8243; custom_padding=&#8221;7px|0px|0|0px|false|false&#8221;][et_pb_row _builder_version=&#8221;3.25&#8243; background_size=&#8221;initial&#8221; background_position=&#8221;top_left&#8221; background_repeat=&#8221;repeat&#8221;][et_pb_column type=&#8221;4_4&#8243; _builder_version=&#8221;3.25&#8243; custom_padding=&#8221;|||&#8221; custom_padding__hover=&#8221;|||&#8221;][et_pb_text _builder_version=&#8221;4.4.2&#8243; text_text_color=&#8221;#3f3f3f&#8221; text_font_size=&#8221;14px&#8221; text_line_height=&#8221;1.9em&#8221; text_orientation=&#8221;justified&#8221; hover_enabled=&#8221;0&#8243; inline_fonts=&#8221;Caveat&#8221;]<\/p>\n<p style=\"text-align: center;\"><span class=\"st\">#<\/span>adarticle<\/p>\n<p><span style=\"color: #000000;\"><strong>Der Herbst ist da und ich merke, dass ich unbewusst nach klassischen erdt\u00f6nigen Naturfarben greife. Nach Farben wie Senf, Zimt, K\u00fcrbis, Schokolade, Oliven und all deren Farbmischungen. Auch wenn ich sagen muss, dass ich mich manchmal gern etwas auff\u00e4lliger style. Zum Beispiel mit knallig roten Lidschatten, blauem Lippenstift, silbernen Schuhen oder einer metallischen Handtasche, einem Hut oder Strumpfhosen in Farbe von Curcuma. Ich glaube es ist teilweise auch durch den viralen Einflu\u00df von <em>Social Media.<\/em> Die Blogger-Welt ist voller Inspiration. Sie beruht auf dem gegenseitigen Prozess der Reziprozit\u00e4t: : <\/strong><\/span><\/p>\n<p>&nbsp;<\/p>\n<blockquote>\n<p><span style=\"color: #000000; font-family: Caveat; font-weight: normal; font-size: xx-large;\"><strong>&#8220;Inspiriere und lass dich inspirieren.&#8221;<\/strong><\/span><\/p>\n<\/blockquote>\n<p>&nbsp;<\/p>\n<p>F\u00fcr mich ist zum Beispiel die Bloggerin <a href=\"http:\/\/zrzkastyle.com\/\"><span style=\"color: #e0261d;\"><strong><span style=\"color: #f56767;\">zrzkastyle<\/span><\/strong><\/span><\/a> solch eine Inspirationsquelle, die unkombinierbare Kleidungsst\u00fccke kombiniert oder <a href=\"https:\/\/www.thestylemon.com\/\"><strong><span style=\"color: #e03128;\"><span style=\"color: #f56767;\">stylemon<\/span><\/span><\/strong><\/a>, die zeigt, dass die (Mode)-Welt viel sch\u00f6ner ist, wenn wir sie bunter und farbenfroher gestalten. Oder\u00a0<span style=\"color: #f56767;\"> <a style=\"color: #f56767;\" href=\"http:\/\/janahblog.sk\/\" class=\"broken_link\"><strong>janah_blog<\/strong><\/a><\/span>, die in einem ihrer letzten Artikel die Frauen dazu bewegt hat,<span style=\"color: #000000;\"><strong> keine Angst vor Experimentierfreudigkeit zu haben. Den Mut zu haben sexy, trendy und stilvoll zu sein. Denn das kann man in jedem alter. Ich habe es mir zum Herzen genommen. Das Ergebnis ist eine kleine Revolution in meiner bisher faden und monochromatischen Garderobe. <\/strong><\/span>Ich werde jetzt sicher nicht \u00fcber die <span style=\"color: #000000;\"><strong>MUST HAVE\u00b4s<\/strong><\/span> und <span style=\"color: #000000;\"><strong>NO GO\u00b4s<\/strong><\/span> predigen und euch mit den neuesten Modetrends bekannt machen. Das \u00fcberlasse ich denen, die wirklich Ahnung haben. Ich will euch nur zeigen, wie ich mit der Umsetzung im allt\u00e4glichen Leben klar komme. Deshalb habe ich einige meine Lieblingst\u00fccke aus dem Kleiderschrank gezogen und vier verschiedene Outfits zusammengestellt. Das Ziel dabei war, immer ein und dasselbe St\u00fcck einzubeziehen. Es hat wirklich Spa\u00df gemacht.<\/p>\n<p><img loading=\"lazy\" class=\"aligncenter wp-image-6457 size-large\" src=\"https:\/\/lucididit.com\/wp-content\/uploads\/2018\/10\/IMG_2437-1024x1024.png\" alt=\"\" width=\"1024\" height=\"1024\" srcset=\"https:\/\/lucididit.com\/wp-content\/uploads\/2018\/10\/IMG_2437.png 1024w, https:\/\/lucididit.com\/wp-content\/uploads\/2018\/10\/IMG_2437-150x150.png 150w, https:\/\/lucididit.com\/wp-content\/uploads\/2018\/10\/IMG_2437-300x300.png 300w, https:\/\/lucididit.com\/wp-content\/uploads\/2018\/10\/IMG_2437-768x768.png 768w, https:\/\/lucididit.com\/wp-content\/uploads\/2018\/10\/IMG_2437-1080x1080.png 1080w\" sizes=\"(max-width: 1024px) 100vw, 1024px\" \/><\/p>\n<p>&nbsp;<\/p>\n<p>&nbsp;<\/p>\n<h2>\u00a0<\/h2>\n<h2 style=\"text-align: center;\"><span style=\"color: #000000;\"><strong><span style=\"font-family: Caveat;\">Die Handtasche als &#8220;Statement&#8221;<\/span><\/strong><\/span><\/h2>\n<p><span style=\"color: #000000;\"><strong>Wisst ihr, welche Handtaschen besonders beliebt sind? Ist doch einfach \u2013 diejenigen, die euch gefallen. Und dann noch Handtaschen aus Bambus, Holz oder Rattan (sog. \u201estrawbags\u201c). In der Modewelt dominieren nat\u00fcrliche Materialien wie Stroh, Holz, Bambus, Rattan oder Juta&#8230;<\/strong> <\/span>Sie sind nicht nur absolut trendy,<span style=\"color: #000000;\"><strong>\u00f6<\/strong><strong>kologisch<\/strong><\/span>, sondern dank dem schlichten Design und der neutralen Farbe auch einfach zu kombinieren. Sie k\u00f6nnen buchst\u00e4blich zu allem getragen werden, ob zum Blumenkleid, Bluse oder Jeans. Neben der <span style=\"color: #000000;\"><strong>Materialvielfalt<\/strong> <\/span>ist auch die <span style=\"color: #000000;\"><strong>Originalit\u00e4t<\/strong><\/span> der Taschen-Formen hoch im Trend. Runde Rattantasche, transparente Quadrate oder halbmondf\u00f6rmige Holzhandtaschen sind der absolute Hit.<\/p>\n<p>&nbsp;<\/p>\n<p><strong><span style=\"color: rgba(0, 0, 0, 0.93);\">Naturgewebte und handgemachte Handtaschen sind von dem \u00e4therischen Boho-Stil inspiriert, dessen Neigung zum Komfort ein Makenzeichen geworden ist.<\/span><\/strong> Obwohl sich der <em><strong><span style=\"color: #000000;\">Boho-Stil\u00a0<\/span><\/strong><\/em> in meinen Gedanken mit einer Sommerfestivalsaison verbindet und die \u201estrawbag\u201c Handtaschen mich an den Strand, Meer und Sommer erinnern, k\u00f6nnen sie im Herbst genauso eine gute Form machen. Da die letzten Oktobertage noch relativ sommerlich veranlagt waren, konnte ich sie mit <strong><span style=\"color: rgba(0, 0, 0, 0.97);\">luftigen Blumentops<\/span><\/strong> kombinieren\u00a0(<em>\u00fcbrigens auch voll im Trend<\/em>).\u00a0 All meine Outfits verbindet ein gemeinsames Element. Wisst ihr welches? <span style=\"font-size: xx-large; color: #000000;\"><strong><span style=\"font-family: Caveat;\">Bingo! <\/span><\/strong><\/span>Es ist die <span style=\"color: rgba(0, 0, 0, 0.97);\"><strong>&#8220;Bambustasche&#8221;. <\/strong><\/span>Lasst mich euch meine <span style=\"color: #000000;\"><strong>3+1<\/strong> <\/span>Outfits vorstellen, bei denen ich dieses Modeaccessoire eingesetzt habe.<\/p>\n<p><img loading=\"lazy\" class=\"aligncenter wp-image-6459 size-large\" src=\"https:\/\/lucididit.com\/wp-content\/uploads\/2018\/10\/IMG_2450-1024x1024.png\" alt=\"\" width=\"1024\" height=\"1024\" srcset=\"https:\/\/lucididit.com\/wp-content\/uploads\/2018\/10\/IMG_2450.png 1024w, https:\/\/lucididit.com\/wp-content\/uploads\/2018\/10\/IMG_2450-150x150.png 150w, https:\/\/lucididit.com\/wp-content\/uploads\/2018\/10\/IMG_2450-300x300.png 300w, https:\/\/lucididit.com\/wp-content\/uploads\/2018\/10\/IMG_2450-768x768.png 768w, https:\/\/lucididit.com\/wp-content\/uploads\/2018\/10\/IMG_2450-1080x1080.png 1080w\" sizes=\"(max-width: 1024px) 100vw, 1024px\" \/><\/p>\n<h2 style=\"text-align: center;\"><span style=\"color: #000000;\"><strong><span style=\"font-family: Caveat;\">\u00a0Florale Motive nicht nur Trend des Sommers<\/span><\/strong><\/span><\/h2>\n<p>Habt ihr dieses hei\u00dfe St\u00fcck in eurem \u00a0Kleiderschrank? <strong><span style=\"color: #000000;\">Kimono war zwar der Trend des Jahres 2015, ich bin aber erst jetzt auf den Geschmack gekommen. Na und? Hauptsache, wir haben uns gefunden.<\/span><\/strong> Ich denke, wir werden uns auch noch ein Weilchen gut verstehen. Dieser Bl\u00fcmchenkimono war Liebe auf den ersten Blick. Dazu eine Bambushandtasche, zerrissene Jeans, T-Shirt mit Schrift, schwarze Retro Sandalen und ein farbig passendes <a href=\"https:\/\/satyaty.sk\/collections\/doplnky\"><span style=\"color: #f56767;\"><strong>Leder-Schnurr-Halsband <\/strong><\/span><\/a> \u2013<strong> FERTIG! <span style=\"color: rgba(0, 0, 0, 0.95);\">F\u00fcr einige mag diese Auswahl verschiedener Stile und Elemente unruhig wirken, f\u00fcr mich macht das aber genau die Mode aus. Mode ist f\u00fcr mich ein Ausdruck von Freiheit und Selbstbestimmung. <\/span><\/strong>Warum also nicht den verr\u00fcckten<strong><span style=\"color: #000000;\"><em> Streetstyle<\/em><\/span><\/strong> mit einem romantischen <span style=\"color: #000000;\"><strong><em>Boho Chic<\/em> <\/strong><\/span>oder <span style=\"color: #000000;\"><strong>Retro-Style<\/strong> <\/span>unserer M\u00fctter zu kombinieren?<\/p>\n<p><img loading=\"lazy\" class=\"aligncenter wp-image-6444 size-full\" src=\"https:\/\/lucididit.com\/wp-content\/uploads\/2018\/10\/IMG_2431.png\" alt=\"\" width=\"1200\" height=\"627\" srcset=\"https:\/\/lucididit.com\/wp-content\/uploads\/2018\/10\/IMG_2431.png 1200w, https:\/\/lucididit.com\/wp-content\/uploads\/2018\/10\/IMG_2431-300x157.png 300w, https:\/\/lucididit.com\/wp-content\/uploads\/2018\/10\/IMG_2431-768x401.png 768w, https:\/\/lucididit.com\/wp-content\/uploads\/2018\/10\/IMG_2431-1024x535.png 1024w, https:\/\/lucididit.com\/wp-content\/uploads\/2018\/10\/IMG_2431-1080x564.png 1080w\" sizes=\"(max-width: 1200px) 100vw, 1200px\" \/><\/p>\n<div class='et-learn-more et-open clearfix'>\n\t\t\t\t\t<h3 class='heading-more open'>Marken:<span class='et_learnmore_arrow'><span><\/span><\/span><\/h3>\n\t\t\t\t\t<div class='learn-more-content'>Kimono &#8211; <span style=\"color: #000000;\"><strong>NEW YORKER<\/strong><\/span>, Jeans &#8211;<span style=\"color: #000000;\"> <strong>BERSCHKA<\/strong><\/span>, T-Shirt &#8211; <span style=\"color: #000000;\"><strong>ZARA<\/strong><\/span>, Handtasche &#8211; <span style=\"color: #000000;\"><strong>SATYATY.SK<\/strong><\/span> &#8211; die ganze Kollektion findet ihr <a href=\"https:\/\/satyaty.sk\/collections\/kabelky\/bambusove-kabelky\"><strong><span style=\"color: #000000;\"><span style=\"color: #f56767;\">HIER<\/span>,<\/span><\/strong><\/a> Leder-Schnurr-Band &#8211; <span style=\"color: #000000;\"><strong>SATYATY.SK<\/strong> <\/span>&#8211;\u00a0 die ganze Kollektion findet ihr <span style=\"color: #f56767;\"><a style=\"color: #f56767;\" href=\"https:\/\/satyaty.sk\/collections\/doplnky\"><strong>HIER<\/strong><\/a> <\/span><\/div>\n\t\t\t\t<\/div>\n<p>&nbsp;<\/p>\n<p>&nbsp;<\/p>\n<h2 style=\"text-align: center;\"><span style=\"color: #f56767;\"><strong><span style=\"font-family: Caveat;\"><span style=\"color: #000000;\">Botanical bedeutet Frische<\/span><\/span><\/strong><\/span><\/h2>\n<p>Und das ist mein florales Lieblingsst\u00fcck Nummer zwei.<strong> <span style=\"color: rgba(0, 0, 0, 0.98);\">Ein Sommertunikakleid, das man sowohl als Strandkleid oder als kaschierendes Oberteil f\u00fcr den Alltag tragen kann.<\/span><\/strong> Ich trage es meistens wie ein Kimono mit einem bauchfreien Spitzeroberteil und Hippie-Jeans, denn dann f\u00fchle ich mich wie eine richtige <em><span style=\"color: #000000;\">\u201e<strong>Gypsy-Boho<\/strong>\u201c <\/span><\/em>G\u00f6ttin.<\/p>\n<p><img loading=\"lazy\" class=\"aligncenter wp-image-6446 size-large\" src=\"https:\/\/lucididit.com\/wp-content\/uploads\/2018\/10\/IMG_2432-1024x535.png\" alt=\"\" width=\"1024\" height=\"535\" srcset=\"https:\/\/lucididit.com\/wp-content\/uploads\/2018\/10\/IMG_2432-1024x535.png 1024w, https:\/\/lucididit.com\/wp-content\/uploads\/2018\/10\/IMG_2432-300x157.png 300w, https:\/\/lucididit.com\/wp-content\/uploads\/2018\/10\/IMG_2432-768x401.png 768w, https:\/\/lucididit.com\/wp-content\/uploads\/2018\/10\/IMG_2432-1080x564.png 1080w, https:\/\/lucididit.com\/wp-content\/uploads\/2018\/10\/IMG_2432.png 1200w\" sizes=\"(max-width: 1024px) 100vw, 1024px\" \/><\/p>\n<p>Wie beim ersten Outfit entschied ich mich f\u00fcr zerrissene Jeans mit einem erh\u00f6hten Sitz, \u00a0ein T-Shirt mit Schrift,\u00a0 gr\u00fcne Sandalen und nat\u00fcrlich eine Bambushandtasche.<\/p>\n\n\t\t<style type=\"text\/css\">\n\t\t\t#gallery-1 {\n\t\t\t\tmargin: auto;\n\t\t\t}\n\t\t\t#gallery-1 .gallery-item {\n\t\t\t\tfloat: left;\n\t\t\t\tmargin-top: 10px;\n\t\t\t\ttext-align: center;\n\t\t\t\twidth: 33%;\n\t\t\t}\n\t\t\t#gallery-1 img {\n\t\t\t\tborder: 2px solid #cfcfcf;\n\t\t\t}\n\t\t\t#gallery-1 .gallery-caption {\n\t\t\t\tmargin-left: 0;\n\t\t\t}\n\t\t\t\/* see gallery_shortcode() in wp-includes\/media.php *\/\n\t\t<\/style>\n\t\t<div id='gallery-1' class='gallery galleryid-6469 gallery-columns-3 gallery-size-full'><dl class='gallery-item'>\n\t\t\t<dt class='gallery-icon portrait'>\n\t\t\t\t<a href='https:\/\/lucididit.com\/de\/herbst-in-einer-flut-von-trends\/b4-2\/'><img width=\"819\" height=\"1024\" src=\"https:\/\/lucididit.com\/wp-content\/uploads\/2018\/10\/b4.jpg\" class=\"attachment-full size-full\" alt=\"\" loading=\"lazy\" srcset=\"https:\/\/lucididit.com\/wp-content\/uploads\/2018\/10\/b4.jpg 819w, https:\/\/lucididit.com\/wp-content\/uploads\/2018\/10\/b4-240x300.jpg 240w, https:\/\/lucididit.com\/wp-content\/uploads\/2018\/10\/b4-768x960.jpg 768w\" sizes=\"(max-width: 819px) 100vw, 819px\" \/><\/a>\n\t\t\t<\/dt><\/dl><dl class='gallery-item'>\n\t\t\t<dt class='gallery-icon portrait'>\n\t\t\t\t<a href='https:\/\/lucididit.com\/de\/herbst-in-einer-flut-von-trends\/b5-2\/'><img width=\"820\" height=\"1024\" src=\"https:\/\/lucididit.com\/wp-content\/uploads\/2018\/10\/b5.jpg\" class=\"attachment-full size-full\" alt=\"\" loading=\"lazy\" srcset=\"https:\/\/lucididit.com\/wp-content\/uploads\/2018\/10\/b5.jpg 820w, https:\/\/lucididit.com\/wp-content\/uploads\/2018\/10\/b5-240x300.jpg 240w, https:\/\/lucididit.com\/wp-content\/uploads\/2018\/10\/b5-768x959.jpg 768w\" sizes=\"(max-width: 820px) 100vw, 820px\" \/><\/a>\n\t\t\t<\/dt><\/dl><dl class='gallery-item'>\n\t\t\t<dt class='gallery-icon portrait'>\n\t\t\t\t<a href='https:\/\/lucididit.com\/de\/herbst-in-einer-flut-von-trends\/b2\/'><img width=\"819\" height=\"1024\" src=\"https:\/\/lucididit.com\/wp-content\/uploads\/2018\/10\/b2.jpg\" class=\"attachment-full size-full\" alt=\"\" loading=\"lazy\" srcset=\"https:\/\/lucididit.com\/wp-content\/uploads\/2018\/10\/b2.jpg 819w, https:\/\/lucididit.com\/wp-content\/uploads\/2018\/10\/b2-240x300.jpg 240w, https:\/\/lucididit.com\/wp-content\/uploads\/2018\/10\/b2-768x960.jpg 768w\" sizes=\"(max-width: 819px) 100vw, 819px\" \/><\/a>\n\t\t\t<\/dt><\/dl><br style=\"clear: both\" \/>\n\t\t<\/div>\n\n<div class='et-learn-more et-open clearfix'>\n\t\t\t\t\t<h3 class='heading-more open'>Marken:<span class='et_learnmore_arrow'><span><\/span><\/span><\/h3>\n\t\t\t\t\t<div class='learn-more-content'>Kimono &#8211; <strong><span style=\"color: #000000;\">F &amp; F<\/span>,<\/strong> T-Shirt &#8211; <span style=\"color: #000000;\"><strong>ZARA<\/strong><\/span>, Jeans &#8211; <span style=\"color: #000000;\"><strong>BERSCHKA<\/strong><\/span>, Handtasche &#8211; <span style=\"color: #000000;\"><strong>SATYATY.SK<\/strong><\/span><\/div>\n\t\t\t\t<\/div>\n<p>&nbsp;<\/p>\n<p>&nbsp;<\/p>\n<h2 style=\"text-align: center;\"><span style=\"color: #f56767;\"><strong><span style=\"font-family: Caveat;\"><span style=\"color: #000000;\">Leder, Holz und Gold<\/span><br \/><\/span><\/strong><\/span><\/h2>\n<p>Dieses Outfit habe ich als Kompromis zwischen Elleganz und L\u00e4ssigkeit gew\u00e4hlt. Lederkleider k\u00f6nnen zwar das ganze Jahr \u00fcber getragen werden, der Fakt ist nur, dass Leder undurchl\u00e4ssig ist und dadurch bei hohen Temperaturen nicht sehr komfortabel. <strong><span style=\"color: rgba(0, 0, 0, 0.97);\">Deshalb ist der Herbst die perfekte Jahreszeit um ein Lederkleid zu tragen.<\/span><\/strong><\/p>\n<p><img loading=\"lazy\" class=\"aligncenter wp-image-6448 size-large\" src=\"https:\/\/lucididit.com\/wp-content\/uploads\/2018\/10\/IMG_2433-1024x535.png\" alt=\"\" width=\"1024\" height=\"535\" srcset=\"https:\/\/lucididit.com\/wp-content\/uploads\/2018\/10\/IMG_2433-1024x535.png 1024w, https:\/\/lucididit.com\/wp-content\/uploads\/2018\/10\/IMG_2433-300x157.png 300w, https:\/\/lucididit.com\/wp-content\/uploads\/2018\/10\/IMG_2433-768x401.png 768w, https:\/\/lucididit.com\/wp-content\/uploads\/2018\/10\/IMG_2433-1080x564.png 1080w, https:\/\/lucididit.com\/wp-content\/uploads\/2018\/10\/IMG_2433.png 1200w\" sizes=\"(max-width: 1024px) 100vw, 1024px\" \/><\/p>\n<p>Da es in Kombination mit den Goldsandalen genug auff\u00e4llig und sexy ist, habe ich es mit einer Holzhandtasche aufgelockert. Auch hier k\u00f6nnt ihr einen Einspruch einlegen, weil ihr ein anderes Accessoire oder Kleid w\u00e4hlen w\u00fcrdet, ich habe mich jedoch f\u00fcr diesen riskanten, daf\u00fcr aber experimientierfreudigen Weg entschieden. Schlie\u00dflich gehe ich nicht zum Fimlfestival in Cannes.<\/p>\n<p><img loading=\"lazy\" class=\"aligncenter wp-image-7048\" src=\"https:\/\/lucididit.com\/wp-content\/uploads\/2018\/10\/IMG_2223.jpg\" alt=\"\" width=\"800\" height=\"800\" srcset=\"https:\/\/lucididit.com\/wp-content\/uploads\/2018\/10\/IMG_2223.jpg 1024w, https:\/\/lucididit.com\/wp-content\/uploads\/2018\/10\/IMG_2223-150x150.jpg 150w, https:\/\/lucididit.com\/wp-content\/uploads\/2018\/10\/IMG_2223-300x300.jpg 300w, https:\/\/lucididit.com\/wp-content\/uploads\/2018\/10\/IMG_2223-768x768.jpg 768w, https:\/\/lucididit.com\/wp-content\/uploads\/2018\/10\/IMG_2223-1080x1080.jpg 1080w\" sizes=\"(max-width: 800px) 100vw, 800px\" \/><\/p>\n<div class='et-learn-more et-open clearfix'>\n\t\t\t\t\t<h3 class='heading-more open'>Marken:<span class='et_learnmore_arrow'><span><\/span><\/span><\/h3>\n\t\t\t\t\t<div class='learn-more-content'>Kleid &#8211; <span style=\"color: #000000;\"><strong>ZARA<\/strong><\/span>, Handtasche &#8211; <span style=\"color: #000000;\"><strong>SATYATY.SK<\/strong><\/span>, Schuhe- <span style=\"color: #000000;\"><strong>ZARA<\/strong><\/span><\/div>\n\t\t\t\t<\/div>\n<p>&nbsp;<\/p>\n<p>&nbsp;<\/p>\n<h2 style=\"text-align: center;\"><span style=\"color: #f56767;\"><strong><span style=\"font-family: Caveat;\">Ein Retro-Bonus<br \/><\/span><\/strong><\/span><\/h2>\n<p><strong><span style=\"color: rgba(0, 0, 0, 0.95);\">Dieses Kleid und ich sind insgesamt 77 Jahre alt. <\/span><\/strong>Ich habe es als Mitbringsel von dem letzten Besuch meiner Mutter mitgenommen. <strong><span style=\"color: #000000;\">Schon als Kind habe ich gern die Kleider, R\u00f6cke, M\u00e4ntel und Schuhe meiner Mutter anprobiert. <\/span><\/strong>Dass sie einige Konfektionsgr\u00f6\u00dfen gr\u00f6\u00dfer waren, hat mich von einer Modeschau nicht abgehalten.<strong><span style=\"color: rgba(0, 0, 0, 0.96);\"> Diese \u201eKrankheit\u201c habe ich immer noch, nur mit dem Unterschied, dass es meine Mutter nicht mehr nervt. <\/span><\/strong>Ich bin ihr daf\u00fcr sehr dankbar, dass sie ihre Prachtst\u00fccke nie entsorgt hat. <span style=\"color: #000000;\"><strong>Denn einen guten Geschmack, den hatte sie. <\/strong><\/span><\/p>\n<p><img loading=\"lazy\" class=\"aligncenter wp-image-6450 size-large\" src=\"https:\/\/lucididit.com\/wp-content\/uploads\/2018\/10\/IMG_2434-1024x535.png\" alt=\"\" width=\"1024\" height=\"535\" srcset=\"https:\/\/lucididit.com\/wp-content\/uploads\/2018\/10\/IMG_2434-1024x535.png 1024w, https:\/\/lucididit.com\/wp-content\/uploads\/2018\/10\/IMG_2434-300x157.png 300w, https:\/\/lucididit.com\/wp-content\/uploads\/2018\/10\/IMG_2434-768x401.png 768w, https:\/\/lucididit.com\/wp-content\/uploads\/2018\/10\/IMG_2434-1080x564.png 1080w, https:\/\/lucididit.com\/wp-content\/uploads\/2018\/10\/IMG_2434.png 1200w\" sizes=\"(max-width: 1024px) 100vw, 1024px\" \/><\/p>\n<p>Als ich dieses rote Retrokleid ausprobierte, sah ich die Augen meiner Mutter strahlen. Daher landete es in der Tasche gleich neben dem geschenkten Teeset aus dem Jahr 1965. Beides werde ich zum Vorschein bringen, wenn sie ihre Tochter zu Weihnachten besuchen kommt. Denn eine bessere Gelegenheit kann es nicht geben. Ich war \u00fcberrascht, wie gut eine Bambustasche dazu passt. Gemusterte schwarze Str\u00fcmpfe und High Heels mit roter Sohle dazu und fertig ist das feierliche Styling.<\/p>\n<p>&nbsp;<\/p>\n<hr \/>\n<p>&nbsp;<\/p>\n<p>Was sagt ihr, habe ich die Aufgabe gut gemeistert? Ich habe schon zahlreiche Kritik von einem meiner gr\u00f6\u00dften Kritiker bekommen (wer noch nicht wusste, ist es mein Freund). Erstens wegen den Retro Jeans (die er wirklich nicht leiden kann) und zweitens wegen der Kombination der Blumenmuster mit einem beschrifteten Oberteil. Aber wisst ihr was? <strong><span style=\"color: #000000;\">Mir gef\u00e4llt das. Und was mir gef\u00e4llt, darin f\u00fchle ich mich auch wohl.<\/span><\/strong> Da ich ihn aber sehr liebe, durfte er die letzten zwei Outfits zusammenstellen. Ich finde, er hat sich gut getan, aber was sagt ihr&#8230;?<\/p>\n<p>&nbsp;<\/p>\n<p style=\"text-align: center;\"><span style=\"color: #000000;\"><strong>Foto:<\/strong><\/span> WuMa, Lucididit<\/p>\n<p style=\"text-align: center;\"><span class=\"st\">#<\/span>adarticle<\/p>\n<p>&nbsp;<\/p>\n<p>&nbsp;<\/p>\n<p>[\/et_pb_text][et_pb_divider color=&#8221;#000000&#8243; _builder_version=&#8221;3.15&#8243; height=&#8221;1px&#8221;][\/et_pb_divider][et_pb_post_nav in_same_term=&#8221;on&#8221; _builder_version=&#8221;3.17.2&#8243; title_font=&#8221;Abhaya Libre||||||||&#8221; title_text_color=&#8221;#e03e35&#8243; title_font_size=&#8221;19px&#8221; title_line_height=&#8221;1.9em&#8221;][\/et_pb_post_nav][\/et_pb_column][\/et_pb_row][\/et_pb_section]<\/p>\n","protected":false},"excerpt":{"rendered":"<p>#adarticle Der Herbst ist da und ich merke, dass ich unbewusst nach klassischen erdt\u00f6nigen Naturfarben greife. Nach Farben wie Senf, Zimt, K\u00fcrbis, Schokolade, Oliven und all deren Farbmischungen. Auch wenn ich sagen muss, dass ich mich manchmal gern etwas auff\u00e4lliger style. Zum Beispiel mit knallig roten Lidschatten, blauem Lippenstift, silbernen Schuhen oder einer metallischen Handtasche, [&hellip;]<\/p>\n","protected":false},"author":1,"featured_media":6443,"comment_status":"open","ping_status":"closed","sticky":false,"template":"","format":"standard","meta":{"_et_pb_use_builder":"on","_et_pb_old_content":"<p><span style=\"color: #000000;\"><strong>Nadi\u0161la jese\u0148 a ja si za\u010d\u00ednam v\u0161\u00edma\u0165, \u017ee akosi podvedome inklinujem k v\u00fdberu klasick\u00fdch zemit\u00fdch t\u00f3nov \u2013 \u00a0tak v oble\u010den\u00ed, l\u00ed\u010den\u00ed ako i dekorovan\u00ed. \u00a0Konkr\u00e9tne m\u00e1m na mysli farbu hor\u010dice, \u0161korice, tekvice, \u010dokol\u00e1dy, ol\u00edv a\u00a0v\u0161etk\u00fdch mo\u017en\u00fdch odno\u017e\u00ed t\u00fdchto dobr\u00f4t. I\u00a0ke\u010f popravde, raz od \u010dasu predsa len rada siahnem po nie\u010dom, \u010do zaujme hne\u010f na prv\u00fd poh\u013ead a\u00a0svojou v\u00fdstrednos\u0165ou vytrie zrak. Napr\u00edklad v podobe v\u00fdrazn\u00fdch \u010derven\u00fdch o\u010dn\u00fdch tie\u0148ov, modr\u00e9ho r\u00fa\u017eu, strieborn\u00fdch top\u00e1nok \u010di metalickej kabelky, klob\u00faka alebo uleten\u00fdch pan\u010du\u0161iek vo farbe curcumy. Mysl\u00edm, \u017ee je to aj \u010diasto\u010dne vplyvom vir\u00e1lneho sharingu. Blogersk\u00fd svet je zdrojom nekone\u010dnej in\u0161pir\u00e1cie. Ba \u010do viac, je postaven\u00fd na vz\u00e1jomnom procese reciprocity: In\u0161piruj a nechaj sa in\u0161pirova\u0165.<\/strong><\/span><\/p><p>\u00a0<\/p><p>Pre m\u0148a je tak\u00fdm zdrojom in\u0161pir\u00e1cie napr\u00edklad zrzkastyle, ktor\u00e1 kombinuje nekombinovate\u013en\u00e9 \u010di stylemon, ktor\u00e1 ukazuje, \u017ee svet (a nielen ten m\u00f3dny) je kraj\u0161\u00ed, ke\u010f je farebnej\u0161\u00ed. Alebo\u00a0 @janah_blog , ktor\u00e1 vo svojom ned\u00e1vnom \u010dl\u00e1nku motivovala \u017eeny k tomu, aby sa neb\u00e1li experimentova\u0165. Aby mali odvahu by\u0165 sexi, trendy a \u0161t\u00fdlov\u00e9. Lebo to m\u00f4\u017eu v\u00a0ka\u017edom veku! Ja si to u\u017e nejak\u00fd \u010das beriem k srdcu. V\u00fdsledkom je pomerne markantn\u00e1 revol\u00facia v\u00a0mojom doposia\u013e mdlom a monochromatickom \u0161atn\u00edku. Neboj\u00edm sa farieb, vzorov ani v\u00fdstrednost\u00ed. Nebudem v\u00e1m tu p\u00edsa\u0165 o m\u00f3dnych trendoch na jese\u0148 a zimu. T\u00fato parketu prenech\u00e1vam na\u0161im \u0161ikovn\u00fdm fashion blogerk\u00e1m, ktor\u00e9 to u\u017e d\u00e1vno sp\u00edsali ( kvetinky, ko\u017ea, k\u00e1ro, zvieracie vzory... ) Ja som si ztobrala do par\u00e1dy zop\u00e1r mojich ob\u013e\u00faben\u00fdch \u201etrendy\u201c k\u00faskov, aby som v\u00e1m uk\u00e1zala, ako sa s\u00a0nimi pasujem v\u00a0be\u017enom \u017eivote. Za \u00falohu som si dala pou\u017ei\u0165 jeden spolo\u010dn\u00fd prvok v\u00a0ka\u017edom outfite. A\u00a0bola to z\u00e1bava!<\/p><p>Kabelka ako spolo\u010dn\u00fd statement<\/p><p>Viete, ktor\u00e9 kabelky sa te\u0161ia mimoriadnej ob\u013eube? No predsa tie, ktor\u00e9 sa v\u00e1m p\u00e1\u010dia. A\u00a0potom e\u0161te bambusky, ratanky a slamienky. Svet m\u00f3dy doslova ovl\u00e1dli pr\u00edrodn\u00e9 materi\u00e1ly ako drevo, pr\u00fatie, bambus, ratan, slama alebo juta. A\u00a0ruka v\u00a0ruke s r\u00f4znorodos\u0165ou materi\u00e1lov vl\u00e1dne kabelkov\u00fdm trendom aj n\u00e1paditos\u0165 tvarov. Okr\u00fahle ratanky, transparentn\u00e9 hranatky alebo dreven\u00e9 kabelky v\u00a0tvare polmesiaca... S\u00fa nielen absol\u00fatny hit, ale v\u010faka jednoduch\u00e9mu prevedeniu a\u00a0svojej neutr\u00e1lnej farbe aj \u013eahko kombinovate\u013en\u00e9. Nosi\u0165 sa daj\u00fa doslova ku v\u0161etk\u00e9mu, \u010di s\u00fa to kvetinov\u00e9 \u0161aty, bl\u00fazky alebo rifle.<\/p><p>Pr\u00edrodn\u00e9 pleten\u00e9 alebo tkan\u00e9 kabelky s\u00fa in\u0161pirovan\u00e9 \u00e9terick\u00fdm boho \u0161t\u00fdlom, ktor\u00fd vs\u00e1dza na jednoduchos\u0165, prirodzenos\u0165 a\u00a0pohodlie. Hoci sa boho \u0161t\u00fdl v\u00a0mojich predstav\u00e1ch neodmyslite\u013ene sp\u00e1ja s letnou\u00a0festivalovou sez\u00f3nou a\u00a0pr\u00edrodn\u00e9 kabelky vo mne evokuj\u00fa pl\u00e1\u017e, more a leto, na \u0161pac\u00edr ich m\u00f4\u017eete zobra\u0165 pokojne aj na jese\u0148. A\u00a0ke\u010f\u017ee posledn\u00fdm okt\u00f3brov\u00fdm d\u0148om po\u010dasie mimoriadne prialo, mohla som ich vynosi\u0165 aj s\u00a0letn\u00fdmi vzdu\u0161n\u00fdmi flor\u00e1lnymi k\u00faskami (ktor\u00e9 su mimochodom tie\u017e IN). \u00a0V\u0161etky z\u00a0mojich nasleduj\u00facich outfitov maj\u00fa spolo\u010dn\u00fd jeden prvok. Uh\u00e1dnete ktor\u00fd? Bingo! Je to bambuska. Dovo\u013ete mi predstavi\u0165 3+1 outfitov, v\u00a0ktor\u00fdch hr\u00e1 tento dreven\u00fd m\u00f3dny doplnok pr\u00edm.<\/p><p>\u00a0<\/p><p>Kvetinkov\u00e9 mot\u00edvy nielen trendom leta<\/p><p>M\u00e1te ho u\u017e vo va\u0161ej garder\u00f3be? Kimono bolo s\u00edce hitom sez\u00f3ny v roku 2015, no ja som mu pri\u0161la na chu\u0165 a\u017e teraz. A \u010do! Hlavne \u017ee sme sa na\u0161li. A mysl\u00edm, \u017ee si budeme e\u0161te nejak\u00fd ten \u010das rozumie\u0165. Toto kvetinkov\u00e9 kimono bola l\u00e1ska na prv\u00fd poh\u013ead. Milujem ako pri ch\u00f4dzi veje na v\u0161etky strany. K\u00a0tomu bambusov\u00fa kabelku, potrhan\u00e9 d\u017e\u00ednsy, tri\u010dko s n\u00e1pisom, \u010dierne retro sand\u00e1lky a\u00a0farebne ladiaci ko\u017een\u00fd choker \u2013 HOTOVO! Pre niekoho je mo\u017eno v\u00fdber a\u00a0mie\u0161anie r\u00f4znych \u0161t\u00fdlov a\u00a0prvkov pr\u00edli\u0161, no pre m\u0148a je m\u00f3da stelesnen\u00edm hravosti a\u00a0kreativity. Tak pre\u010do sa tro\u0161ku neodviaza\u0165 a\u00a0neskombinova\u0165 drz\u00fd streetstyle s\u00a0romantick\u00fdm boho chic alebo retro \u0161t\u00fdlom roku p\u00e1na?<\/p><p>Botanika moja l\u00e1ska<\/p><p>A\u00a0toto je m\u00f4j ob\u013euben\u00fd flor\u00e1lny k\u00fasok \u010d\u00edslo dva. Letn\u00e1 halenka, ktor\u00fa mo\u017eno nosi\u0165 ako pl\u00e1\u017eov\u00e9 \u0161aty alebo ako retu\u0161ovac\u00ed doplnok ku ka\u017edodenn\u00e9mu outfitu. Ja ho va\u010d\u0161inou nos\u00edm k\u00a0zvonov\u00fdm rifliam a\u00a0\u010dipkovan\u00e9mu topu. C\u00edtim sa v\u00a0tom sebaisto, ako prav\u00e1 \u201eboho\u201c bohy\u0148a. U\u017e som spom\u00ednala, ako milujem ke\u010f veje na v\u0161etky strany? Jeeejda... Rovnako ako v\u00a0prvom pr\u00edpade, aj pri tomto zvr\u0161ku som sa tentokr\u00e1t rozhodla pre roztrhan\u00e9 d\u017e\u00ednsy so zv\u00fd\u0161en\u00fdm p\u00e1som a\u00a0tri\u010dko s\u00a0n\u00e1pisom (i ke\u010f omnoho decentnej\u0161im). K\u00a0tomu zelen\u00e9 sand\u00e1lky a\u00a0 ako inak, bambusov\u00fa kabelku.<\/p><p>Ko\u017ea,\u00a0drevo a\u00a0metalick\u00e9 odlesky<\/p><p>Tento outfit som si zvolila ako kompromis medzi eleganciou a\u00a0le\u017e\u00e9rnos\u0165ou. Ko\u017een\u00e9 \u0161aty m\u00f4\u017eete nosi\u0165 celoro\u010dne. Faktom ale je, \u017ee \u010doko\u013evek ko\u017een\u00e9 je nepriedu\u0161n\u00e9 a teda do vysok\u00fdch tepl\u00f4t nie pr\u00edli\u0161 pohodln\u00e9. Ak ich niekedy vyvetra\u0165, potom je jese\u0148 t\u00e1 spr\u00e1vna doba. Ko\u017een\u00e9 \u0161aty s\u00fa v\u00a0kombin\u00e1cii so zlat\u00fdmi top\u00e1nkami dos\u0165 n\u00e1padn\u00e9,\u00a0v\u00fdstredn\u00e9 a sexi, preto som ich zjemnila drevenou kabelkou. Aj tu si mo\u017eno poviete, \u017ee by ste mo\u017eno zvolili in\u00fd v\u00fdber top\u00e1nok, \u0161iat alebo doplnku, no ako vid\u00edte, aj v\u00a0tomto pr\u00edpade som vsadila na divok\u00fa kartu. Nechyst\u00e1m sa na odovzd\u00e1vanie cien v\u00a0Cannes a\u00a0tak je poru\u0161ovanie pravidiel dovolen\u00e9.<\/p><p>Bonusov\u00e9 retro<\/p><p>Tieto \u0161aty a\u00a0ja m\u00e1me dokopy 77 rokov. Odniesla som si ich pri poslednej n\u00e1v\u0161teve mojej mamy. U\u017e ako die\u0165a som potajm\u00e4 sk\u00fa\u0161ala mamine puzdrov\u00e9 \u0161aty, sukne, kab\u00e1tiky aj\u00a0top\u00e1nky. Darmo, \u017ee mi boli ve\u013ek\u00e9 a\u00a0mama nasrden\u00e1. Aj tak som to urobila zas a\u00a0znova. T\u00e1to \u00fachylka mi ostala dodnes rovnako ako mamine m\u00f3dne klenoty. Len s\u00a0t\u00fdm rozdielom, \u017ee dnes ju to u\u017e nehnev\u00e1. A\u00a0ja som jej nesmierne v\u010fa\u010dn\u00e1 za to, \u017ee sa svojich k\u00faskov nikdy nevzdala. Lebo vkus, ten ona veru mala. Ke\u010f som sk\u00fa\u0161ala tieto \u010derven\u00e9 retro\u0161ati\u010dky, o\u010di jej za\u017eiarili. No ni\u010d, putovali do ta\u0161ky k\u00a0\u010dajov\u00e9mu servisu zo 65.-teho. Oboje vytiahnem, ke\u010f pr\u00edde na Vianoce za svojou dc\u00e9rou. Lebo vhodnej\u0161ej pr\u00edle\u017eitosti sa im u\u017e dosta\u0165 h\u00e1dam ani nem\u00f4\u017ee. Bola som priam prekvapen\u00e1, ako ve\u013emi sa k\u00a0nim hodila pr\u00e1ve t\u00e1to trendov\u00e1 dreven\u00e1 bambuska. Vzorovan\u00e9 \u010dierne pan\u010du\u0161ky a\u00a0high heels s\u00a0\u010dervenou podr\u00e1\u017ekou a\u00a0dielo je dokonan\u00e9.<\/p><p>\u00a0<\/p><p>Tak \u010do poviete? Zvl\u00e1dla som pod\u013ea v\u00e1s \u00falohu z kombinatoriky? V\u00a0prv\u00fdch dvoch pr\u00edpadoch som u\u017e stihla zo\u017ea\u0165 poriadnu d\u00e1vku n\u00e1mietok od m\u00f4jho najv\u00e4\u010d\u0161ieho kritika \u2013 (ak by niekto e\u0161te nevedel, je to m\u00f4j frajer). Jednak pre rifle so zv\u00fd\u0161en\u00fdm p\u00e1som (ktor\u00e9 on z\u00a0du\u0161e nezn\u00e1\u0161a) a jednak pre t\u00fa nevhodn\u00fa kombin\u00e1ciu kvetiniek s n\u00e1pismi. Ale viete \u010do? Mne sa to p\u00e1\u010di! A\u00a0\u010do sa mi p\u00e1\u010di, v\u00a0tom sa dobre c\u00edtim. Prost\u00e1 matematika. Ale ke\u010f\u017ee ho \u013e\u00fabim, posledn\u00e9 dva outfity dostal pr\u00edle\u017eitost vysklada\u0165 on. Pod\u013ea m\u0148a to zvl\u00e1dol celkom dobre, ale pos\u00fa\u010fte vy...<\/p>","_et_gb_content_width":""},"categories":[79],"tags":[],"yst_prominent_words":[],"_links":{"self":[{"href":"https:\/\/lucididit.com\/de\/wp-json\/wp\/v2\/posts\/6469"}],"collection":[{"href":"https:\/\/lucididit.com\/de\/wp-json\/wp\/v2\/posts"}],"about":[{"href":"https:\/\/lucididit.com\/de\/wp-json\/wp\/v2\/types\/post"}],"author":[{"embeddable":true,"href":"https:\/\/lucididit.com\/de\/wp-json\/wp\/v2\/users\/1"}],"replies":[{"embeddable":true,"href":"https:\/\/lucididit.com\/de\/wp-json\/wp\/v2\/comments?post=6469"}],"version-history":[{"count":0,"href":"https:\/\/lucididit.com\/de\/wp-json\/wp\/v2\/posts\/6469\/revisions"}],"wp:featuredmedia":[{"embeddable":true,"href":"https:\/\/lucididit.com\/de\/wp-json\/wp\/v2\/media\/6443"}],"wp:attachment":[{"href":"https:\/\/lucididit.com\/de\/wp-json\/wp\/v2\/media?parent=6469"}],"wp:term":[{"taxonomy":"category","embeddable":true,"href":"https:\/\/lucididit.com\/de\/wp-json\/wp\/v2\/categories?post=6469"},{"taxonomy":"post_tag","embeddable":true,"href":"https:\/\/lucididit.com\/de\/wp-json\/wp\/v2\/tags?post=6469"},{"taxonomy":"yst_prominent_words","embeddable":true,"href":"https:\/\/lucididit.com\/de\/wp-json\/wp\/v2\/yst_prominent_words?post=6469"}],"curies":[{"name":"wp","href":"https:\/\/api.w.org\/{rel}","templated":true}]}}