{"id":9140,"date":"2019-04-07T16:40:18","date_gmt":"2019-04-07T14:40:18","guid":{"rendered":"https:\/\/lucididit.com\/?p=9140"},"modified":"2019-04-07T16:54:22","modified_gmt":"2019-04-07T14:54:22","slug":"alles-was-ihr-ueber-kraeter-wissen-muesst","status":"publish","type":"post","link":"https:\/\/lucididit.com\/de\/alles-was-ihr-ueber-kraeter-wissen-muesst\/","title":{"rendered":"Ein Balkon zum Anbei\u00dfen! Ultimatives Kr\u00e4uterspezial"},"content":{"rendered":"<p>[et_pb_section fb_built=&#8221;1&#8243; _builder_version=&#8221;3.0.47&#8243; custom_padding=&#8221;2px|0px|0|0px|false|false&#8221;][et_pb_row custom_padding=&#8221;14px|0px|0|0px|false|false&#8221; _builder_version=&#8221;3.0.48&#8243; background_size=&#8221;initial&#8221; background_position=&#8221;top_left&#8221; background_repeat=&#8221;repeat&#8221;][et_pb_column type=&#8221;4_4&#8243; _builder_version=&#8221;3.0.47&#8243;][et_pb_text _builder_version=&#8221;3.21.4&#8243; text_font=&#8221;||||||||&#8221; text_font_size=&#8221;14px&#8221; text_line_height=&#8221;1.9em&#8221; background_size=&#8221;initial&#8221; background_position=&#8221;top_left&#8221; background_repeat=&#8221;repeat&#8221; text_orientation=&#8221;justified&#8221;]<\/p>\n<p>Unsere Gro\u00dfeltern lebten noch zu den Zeiten, wenn selbstgebackenes Brot und frisch gemolkene Milch ein selbstverst\u00e4ndlicher Bestandteil der Tagesmahlzeiten war. Dann sind wir dem Konsumwahn verfallen und die Traditionen waren im Eimer. Die \u00f6kologische Situation zwingt uns jedoch, unsere Gewohnheiten neu zu bewerten. Heutzutage, jetzt weiss ich nicht ob gott sei dank oder leider Gottes (im Bezug auf die Umst\u00e4nde), kehren wir wieder mehr zum Selbstanbau und zur Eigenproduktion zur\u00fcck. <span style=\"color: #000000;\"><strong>Die Begriffe wie biologisch, handgemacht, hausgemacht oder abfallfrei liegen wieder im Mittelpunkt.<\/strong> <\/span>Ebenso der Anbau von Kr\u00e4utern und das Kochen mit frischen biologischen Zutaten.<\/p>\n<p>&nbsp;<\/p>\n<p>Man muss nicht unbedinngt in einem Haus mit Garten wohnen um die Kr\u00e4uter pflanzen zu k\u00f6nnen. <span style=\"color: rgba(0, 0, 0, 0.96);\"><strong>Diese k\u00f6nnen genauso am Fenster, auf einem Balkon oder auf der Terrasse wachsen. Sie nehmen nicht viel Platz weg, sorgen f\u00fcr ein gr\u00fcnes Zuhause, ein angenehmes Aroma und sind das perfekte I-T\u00fcpfelchen f\u00fcr hausgemachte Kosmetik, Desserts oder eure Lieblingsgerichte. Die Kr\u00e4uter haben eine heilende und wohltuende Wirkung\u00a0 auf unseren Geist und K\u00f6rper.<\/strong><\/span> Au\u00dferdem kann man sie am Ende der Saisson trocknen oder einfrieren lassen und f\u00fcr den Rest des Jahres verwenden. Schauen wir uns an, welche Kr\u00e4uter auf eurem Balkonen nicht fehlen d\u00fcrfen, wie man sie pflegen, verarbeiten und verwenden kann.<\/p>\n<p>&nbsp;<\/p>\n<hr \/>\n<p>&nbsp;<\/p>\n<div class=\"et-box et-shadow\">\n<div class=\"et-box-content\">\n<p><span style=\"color: #000000;\"><em><strong>Zu Hause habe ich Folgendes:\u00a0<\/strong><\/em><\/span><\/p>\n<blockquote>\n<p><em><span style=\"color: #000000;\"><strong>Kr\u00e4uter:<\/strong> <\/span>Minze, Basilikum, Schnittlauch, Thymian, Oregano (mehrere Arten), Rosmarin, Minze, Petersilie, Salbei, Lavendel, Chilli <\/em><\/p>\n<p><em><span style=\"color: #000000;\"><strong>Vom Gem\u00fcse:<\/strong> <\/span>Paprika, Tomaten, Gurken<\/em><\/p>\n<p><em><span style=\"color: #000000;\"><strong>Vom Obst:<\/strong> <\/span>Mini-Melone, Himbeeren, Erdbeeren, Johannisbeeren, Mini-Orangen (Orange)<\/em><\/p>\n<\/blockquote>\n<\/div>\n<\/div>\n<p>&nbsp;<\/p>\n<p>Und jetzt haltet euch fest! <span style=\"color: #000000;\"><strong> All das w\u00e4chst nur auf einem Balkon!<\/strong> <\/span>Man muss nur ein paar Grundregeln befolgen um sch\u00f6ne gr\u00fcne Kr\u00e4uter zu Hause zu haben. Ich werde mit euch nun meine Erfahrungen teilen, die ich in meinem \u201eGartenrausch\u201c gesammelt habe.<\/p>\n<p><img loading=\"lazy\" class=\"lazy aligncenter wp-image-8843 size-full lazy-loaded\" title=\"Balk\u00f3n na zjedenie. V\u0161etko, \u010do potrebujete vedie\u0165 o bylink\u00e1ch\" src=\"https:\/\/lucididit.com\/wp-content\/uploads\/2019\/03\/thomas-rehehauser-49045-unsplash.jpg?x54553\" sizes=\"(max-width: 4976px) 100vw, 4976px\" srcset=\"https:\/\/lucididit.com\/wp-content\/uploads\/2019\/03\/thomas-rehehauser-49045-unsplash.jpg 4976w, https:\/\/lucididit.com\/wp-content\/uploads\/2019\/03\/thomas-rehehauser-49045-unsplash-300x169.jpg 300w, https:\/\/lucididit.com\/wp-content\/uploads\/2019\/03\/thomas-rehehauser-49045-unsplash-768x432.jpg 768w, https:\/\/lucididit.com\/wp-content\/uploads\/2019\/03\/thomas-rehehauser-49045-unsplash-1024x576.jpg 1024w, https:\/\/lucididit.com\/wp-content\/uploads\/2019\/03\/thomas-rehehauser-49045-unsplash-1080x608.jpg 1080w\" alt=\"yH5BAEAAAAALAAAAAABAAEAAAIBRAA7 - Balk\u00f3n na zjedenie. V\u0161etko, \u010do potrebujete vedie\u0165 o bylink\u00e1ch\" width=\"4976\" height=\"2800\" data-lazy-type=\"image\" data-lazy-src=\"https:\/\/lucididit.com\/wp-content\/uploads\/2019\/03\/thomas-rehehauser-49045-unsplash.jpg?x54553\" data-lazy-srcset=\"https:\/\/lucididit.com\/wp-content\/uploads\/2019\/03\/thomas-rehehauser-49045-unsplash.jpg 4976w, https:\/\/lucididit.com\/wp-content\/uploads\/2019\/03\/thomas-rehehauser-49045-unsplash-300x169.jpg 300w, https:\/\/lucididit.com\/wp-content\/uploads\/2019\/03\/thomas-rehehauser-49045-unsplash-768x432.jpg 768w, https:\/\/lucididit.com\/wp-content\/uploads\/2019\/03\/thomas-rehehauser-49045-unsplash-1024x576.jpg 1024w, https:\/\/lucididit.com\/wp-content\/uploads\/2019\/03\/thomas-rehehauser-49045-unsplash-1080x608.jpg 1080w\" data-lazy-sizes=\"(max-width: 4976px) 100vw, 4976px\" \/><\/p>\n<p>Glaubt blo\u00df nicht, dass ich schon immer ein Gesp\u00fcr f\u00fcr Pflanzen hatte. Wenn ich \u00a0vor 4 Jahren eine Topfblume bekommen h\u00e4tte, k\u00f6nnt ihr euch sicher sein, dass sie innerhalb von zwei Wochen so gut wie tot gewesen w\u00e4re (das war die maximale Lebensdauer einer Pflanze). Was garantiert also den Erfolg?<\/p>\n<p>&nbsp;<\/p>\n<p>&nbsp;<\/p>\n<h3>\u00a0<\/h3>\n<h3><span style=\"color: #000000;\"><strong>Pflanzenanbau<\/strong><\/span><\/h3>\n<p>Was glaubt ihr, <span style=\"color: #000000;\"><strong>Samen oder Stecklinge?<\/strong><\/span> B ist richtig. Wenn es um einen Gartenanbau geht, dann kann man deffinitiv Samen nehmen, aber f\u00fcr die Balkonzucht empfehle ich nach fertigen Kr\u00e4utern zu greifen. <span style=\"color: rgba(0, 0, 0, 0.95);\"><strong>Erstens, weil das Anpflanzen von Samen viel anspruchsvoller und zeitaufwendiger ist. Zweitens deswegen, weil man bei der zuletzt erw\u00e4hnten Alternative gr\u00f6\u00dfere Erfolgschancen hat. Wann sollte man mit Pflanzenanbau beginnen? Merkt euch den 15. Mai. <\/strong><span style=\"color: #594f4f;\">Nach diesem Datum, wenn es keine Morgenfr\u00f6ste gibt, k\u00f6nnen ihr die K\u00e4uter raus. Vergesst aber nicht, die Pflanzen zu aklimatisieren, bevor sie\u00a0 auf den Balkon rausgestellt werden &#8211; sie m\u00fcssen sich an die k\u00e4ltere Umgebung erstmal gew\u00f6hnen, damit sie keinen Shock bekommen.<\/span><strong><br \/><\/strong><\/span><\/p>\n<p>&nbsp;<\/p>\n<p><span style=\"color: #000000;\"><strong>Vorsicht, kauft die Kr\u00e4uter nie in den Superm\u00e4rkten, sondern in Gartencentern oder Fachgesch\u00e4ften! <\/strong><\/span>Ich kann euch nicht genau sagen warum, aber sie halten selten l\u00e4nger als \u00a0ein paar Wochen. Kauft \u00a0euch gleich auch ein gutes Substrat und Blument\u00f6pfe f\u00fcr das sp\u00e4tere Umtopfen. Sucht nach einem <span style=\"color: #000000;\"><strong>Kr\u00e4utersubstrat, <\/strong><\/span>denn es ist nicht egal welche Erde ihr verwendet. Jede hat andere N\u00e4hrstoffe, die an die eine oder andere Art des Anbaus angepasst ist. Wenn ihr auf Nummer sicher gehen wollt, dann fragt nach einem Biod\u00fcnger (verwendet blo\u00df keine Chemikalien, ihr werdet es essen!). Ich pers\u00f6nlich benutze aber keine.<\/p>\n<p><img loading=\"lazy\" class=\"aligncenter wp-image-9200 size-full\" src=\"https:\/\/lucididit.com\/wp-content\/uploads\/2019\/04\/lesly-juarez-508290-unsplash.jpg\" alt=\"\" width=\"3598\" height=\"2399\" srcset=\"https:\/\/lucididit.com\/wp-content\/uploads\/2019\/04\/lesly-juarez-508290-unsplash.jpg 3598w, https:\/\/lucididit.com\/wp-content\/uploads\/2019\/04\/lesly-juarez-508290-unsplash-300x200.jpg 300w, https:\/\/lucididit.com\/wp-content\/uploads\/2019\/04\/lesly-juarez-508290-unsplash-768x512.jpg 768w, https:\/\/lucididit.com\/wp-content\/uploads\/2019\/04\/lesly-juarez-508290-unsplash-1024x683.jpg 1024w, https:\/\/lucididit.com\/wp-content\/uploads\/2019\/04\/lesly-juarez-508290-unsplash-1080x720.jpg 1080w\" sizes=\"(max-width: 3598px) 100vw, 3598px\" \/><\/p>\n<p>&nbsp;<\/p>\n<blockquote>\n<ul>\n<li><span style=\"color: #000000;\"><em><strong><span style=\"color: #eb4b4b;\">TIPP:<\/span><span style=\"font-size: small;\"> Wenn ihr Einwegkr\u00e4uter oder ein B\u00fcndel im Gesch\u00e4ft kauft und nicht sofort verwendet, legt diese in kaltes Wasser. So bleiben sie l\u00e4nger frisch. Wenn ihr sie l\u00e4nger lagern m\u00f6chtet, bewahrt \u00a0sie in Beh\u00e4ltern oder Beuteln \u00a0im K\u00fchlschrank auf oder friert sie ein.<\/span><\/strong><\/em><\/span><\/li>\n<\/ul>\n<\/blockquote>\n<p>&nbsp;<\/p>\n<p><span style=\"color: #000000;\"><strong>Nun k\u00f6nnen die Pflanzen umgetopft werden. W\u00e4hlt daf\u00fcr einen Beh\u00e4lter mit einem mindestens 3 bis 4 cm gr\u00f6\u00dferen Durchmesser als die Originalbeh\u00e4lter.<\/strong><\/span> Dies ist extrem wichtig, damit die Pflanze wachsen kann und die Wurzeln gen\u00fcgend Platz haben. Es ist eine einfache Mathematik: Je gr\u00f6\u00dfer der Blumentopf ist, desto gr\u00f6\u00dfer wird die Pflanze. Dies gilt insbesondere f\u00fcr Basilikum und Rosmarin. Paprika und Tomaten brauchen tiefe Beh\u00e4lter. <span style=\"color: #000000;\"><strong>Stellt sicher, dass sie die Ablassl\u00f6cher auf der Unterseite haben,<\/strong><\/span> deswegen werdet ihr auch die dazu passenden Untert\u00f6pfe ben\u00f6tigen. <span style=\"color: #000000;\"><strong>Dies ist \u00e4u\u00dferst wichtig, da sonst kein Wasser abflie\u00dfen und der Boden nicht atmen kann. <\/strong><\/span>Die Pflanze w\u00fcrde langsam aber sicher absterben.<\/p>\n<p><img loading=\"lazy\" class=\"lazy aligncenter wp-image-8839 size-full lazy-loaded\" title=\"Balk\u00f3n na zjedenie. V\u0161etko, \u010do potrebujete vedie\u0165 o bylink\u00e1ch\" src=\"https:\/\/lucididit.com\/wp-content\/uploads\/2019\/03\/matt-montgomery-3790-unsplash.jpg?x54553\" sizes=\"(max-width: 3088px) 100vw, 3088px\" srcset=\"https:\/\/lucididit.com\/wp-content\/uploads\/2019\/03\/matt-montgomery-3790-unsplash.jpg 3088w, https:\/\/lucididit.com\/wp-content\/uploads\/2019\/03\/matt-montgomery-3790-unsplash-300x199.jpg 300w, https:\/\/lucididit.com\/wp-content\/uploads\/2019\/03\/matt-montgomery-3790-unsplash-768x509.jpg 768w, https:\/\/lucididit.com\/wp-content\/uploads\/2019\/03\/matt-montgomery-3790-unsplash-1024x679.jpg 1024w, https:\/\/lucididit.com\/wp-content\/uploads\/2019\/03\/matt-montgomery-3790-unsplash-1080x716.jpg 1080w\" alt=\"yH5BAEAAAAALAAAAAABAAEAAAIBRAA7 - Balk\u00f3n na zjedenie. V\u0161etko, \u010do potrebujete vedie\u0165 o bylink\u00e1ch\" width=\"3088\" height=\"2048\" data-lazy-type=\"image\" data-lazy-src=\"https:\/\/lucididit.com\/wp-content\/uploads\/2019\/03\/matt-montgomery-3790-unsplash.jpg?x54553\" data-lazy-srcset=\"https:\/\/lucididit.com\/wp-content\/uploads\/2019\/03\/matt-montgomery-3790-unsplash.jpg 3088w, https:\/\/lucididit.com\/wp-content\/uploads\/2019\/03\/matt-montgomery-3790-unsplash-300x199.jpg 300w, https:\/\/lucididit.com\/wp-content\/uploads\/2019\/03\/matt-montgomery-3790-unsplash-768x509.jpg 768w, https:\/\/lucididit.com\/wp-content\/uploads\/2019\/03\/matt-montgomery-3790-unsplash-1024x679.jpg 1024w, https:\/\/lucididit.com\/wp-content\/uploads\/2019\/03\/matt-montgomery-3790-unsplash-1080x716.jpg 1080w\" data-lazy-sizes=\"(max-width: 3088px) 100vw, 3088px\" \/><\/p>\n<p>Nach dem Kauf ist es wichtig die Pflanze so schnell wie m\u00f6glich umzupflanzen. Entnehmt sie vorsichtig aus dem urspr\u00fcnglichen Plastikbeh\u00e4lter. Achtet darauf, dass die Wurzeln nicht besch\u00e4digt werden. <span style=\"color: #000000;\"><strong>Bef\u00fcllt den Boden des Blumentopfes mit einer Drainageschicht<\/strong><\/span> (Tonschindeln, Styropor, Steine) und einer dicken Substratschicht. Idealerweise trennt ihr die Drainageschicht von dem Substrat mit einem Baumwolltuch. Nun kommt die Pflanze hinein. Bedeckt sie mit Erde, die ihr mit etwas Sand vermischt habt. <span style=\"color: #000000;\"><strong>Das tut den Pflanzen gut. Zuletzt nur noch gie\u00dfen und der erste Schritt ist so gut wie geschafft.<\/strong><\/span><\/p>\n<p>&nbsp;<\/p>\n<blockquote>\n<ul>\n<li><span style=\"font-size: small;\"><em><span style=\"color: #000000;\"><strong>Im Allgemeinen kann man sagen, dass Kr\u00e4uter keine zu nasse, kalte und feuchte Umgebung mit starkem Wind m\u00f6gen. Seid vorsichtig auch wenn die \u00a0Kr\u00e4uter bei euch zu Hause am Fenster stehen. Wenn sich die Heizung direkt darunter befindet, trocknet das Substrat schneller aus.<\/strong><\/span><\/em><\/span><\/li>\n<\/ul>\n<\/blockquote>\n<p>&nbsp;<\/p>\n<p><strong><span style=\"color: #000000;\">Wenn ihr die Kr\u00e4uter im Topf mischen wollt, achtet darauf, dass ihr Kr\u00e4uter in einen Topf einpflanzt, die dieselben Bedingungen brauchen.<\/span><\/strong> Man kann Salbei, Petersilie und Schnittlauch gemeinsam in einem Beh\u00e4lter pflanzen. Oder Anis, Dill, Koriander und Fenchel. Ihr k\u00f6nnt auch versuchen, verschiedene Basilikumsorten in einem Topf zu kombinieren. Seid jedoch vorsichtig bei der Minze oder Thymian. Diese sind platzraubend und k\u00f6nnten andere Pflanzen unterdr\u00fccken<strong><span style=\"color: #000000;\"><br \/><\/span><\/strong><\/p>\n<p><img loading=\"lazy\" class=\"aligncenter wp-image-9198 size-full\" src=\"https:\/\/lucididit.com\/wp-content\/uploads\/2019\/04\/markus-spiske-772325-unsplash.jpg\" alt=\"\" width=\"5150\" height=\"3839\" srcset=\"https:\/\/lucididit.com\/wp-content\/uploads\/2019\/04\/markus-spiske-772325-unsplash.jpg 5150w, https:\/\/lucididit.com\/wp-content\/uploads\/2019\/04\/markus-spiske-772325-unsplash-300x224.jpg 300w, https:\/\/lucididit.com\/wp-content\/uploads\/2019\/04\/markus-spiske-772325-unsplash-768x572.jpg 768w, https:\/\/lucididit.com\/wp-content\/uploads\/2019\/04\/markus-spiske-772325-unsplash-1024x763.jpg 1024w, https:\/\/lucididit.com\/wp-content\/uploads\/2019\/04\/markus-spiske-772325-unsplash-1080x805.jpg 1080w\" sizes=\"(max-width: 5150px) 100vw, 5150px\" \/><\/p>\n<h3>\u00a0<\/h3>\n<p>&nbsp;<\/p>\n<p>&nbsp;<\/p>\n<h3><span style=\"color: #000000;\"><strong>Lage<br \/><\/strong><\/span><\/h3>\n<p><span style=\"color: #000000;\"><strong>Jetzt findet f\u00fcr eure Pflanzen den richtigen Ort, an dem sie die besten Wachstumsbedingungen haben werden.<\/strong> <\/span>Ich habe alle auf einem Balkon platziert, <span style=\"color: #000000;\"><strong>je nach Ausrichtung und Sonnenlichtmenge. Dies hat erhebliche Auswirkungen auf die Pflanzen.<\/strong> <\/span>Ich habe sie so lange hin und her geschoben, bis ich herausgefunden habe, in welcher Umgebung sie sich am besten f\u00fchlen. Rosmarin, Orangenbaum und Lavendel lieben Trockenheit und viel Sonnenschein. Deshalb habe ich sie auf eine offene Terrasse gestellt, die praktisch von morgens bis abends beleuchtet ist, und an hei\u00dfen Sommertagen steigt die Temperatur auf \u00fcber 40 Grad.<\/p>\n<p>&nbsp;<\/p>\n<p>&nbsp;<\/p>\n<p>Alle anderen Kr\u00e4uter haben diese Hitze nicht vertreten, also habe ich sie auf einen offenen Balkon gestellt, der Richtung Norden ausgerichtet ist. Es gibt dort genug Licht, trotzdem aber nicht direkt, <span style=\"color: rgba(0, 0, 0, 0.95);\"><strong>so dass sie vor Sonnenstrahlen und Austrocknen gesch\u00fctzt sind.<\/strong><\/span> Ich habe von vielen Ecken geh\u00f6rt, dass f\u00fcr die Kr\u00e4uter die s\u00fcndliche Ausrichtung am besten geeignet ist und die n\u00f6rdliche am wenigsten. <span style=\"color: #000000;\"><strong>Ich kann das genaue Gegenteil best\u00e4tigen. <\/strong><\/span>Meine Kr\u00e4uter f\u00fchlen sich dort pudelwohl. <span style=\"color: #000000;\"><strong>Hochbeete sind f\u00fcr Kr\u00e4uter immer ideal<\/strong><\/span><em><span style=\"color: #000000;\"><strong>.<\/strong><\/span><\/em><\/p>\n<p><img loading=\"lazy\" class=\"lazy aligncenter wp-image-8849 size-full lazy-loaded\" title=\"Balk\u00f3n na zjedenie. V\u0161etko, \u010do potrebujete vedie\u0165 o bylink\u00e1ch\" src=\"https:\/\/lucididit.com\/wp-content\/uploads\/2019\/03\/basil-791781_1920.jpg?x54553\" sizes=\"(max-width: 1920px) 100vw, 1920px\" srcset=\"https:\/\/lucididit.com\/wp-content\/uploads\/2019\/03\/basil-791781_1920.jpg 1920w, https:\/\/lucididit.com\/wp-content\/uploads\/2019\/03\/basil-791781_1920-300x200.jpg 300w, https:\/\/lucididit.com\/wp-content\/uploads\/2019\/03\/basil-791781_1920-768x512.jpg 768w, https:\/\/lucididit.com\/wp-content\/uploads\/2019\/03\/basil-791781_1920-1024x683.jpg 1024w, https:\/\/lucididit.com\/wp-content\/uploads\/2019\/03\/basil-791781_1920-1080x720.jpg 1080w\" alt=\"yH5BAEAAAAALAAAAAABAAEAAAIBRAA7 - Balk\u00f3n na zjedenie. V\u0161etko, \u010do potrebujete vedie\u0165 o bylink\u00e1ch\" width=\"1920\" height=\"1280\" data-lazy-type=\"image\" data-lazy-src=\"https:\/\/lucididit.com\/wp-content\/uploads\/2019\/03\/basil-791781_1920.jpg?x54553\" data-lazy-srcset=\"https:\/\/lucididit.com\/wp-content\/uploads\/2019\/03\/basil-791781_1920.jpg 1920w, https:\/\/lucididit.com\/wp-content\/uploads\/2019\/03\/basil-791781_1920-300x200.jpg 300w, https:\/\/lucididit.com\/wp-content\/uploads\/2019\/03\/basil-791781_1920-768x512.jpg 768w, https:\/\/lucididit.com\/wp-content\/uploads\/2019\/03\/basil-791781_1920-1024x683.jpg 1024w, https:\/\/lucididit.com\/wp-content\/uploads\/2019\/03\/basil-791781_1920-1080x720.jpg 1080w\" data-lazy-sizes=\"(max-width: 1920px) 100vw, 1920px\" \/><\/p>\n<p>&nbsp;<\/p>\n<p>&nbsp;<\/p>\n<p>&nbsp;<\/p>\n<h3><span style=\"color: #000000;\"><strong>Bew\u00e4sserung<\/strong><\/span><\/h3>\n<p><span style=\"color: #000000;\"><strong>Feuchtigkeit ist f\u00fcr Kr\u00e4uter essentiell.<\/strong><\/span> Stellt sicher, <span style=\"color: rgba(0, 0, 0, 0.96);\"><strong>dass ihr nicht zu viel oder zu wenig gie\u00dft. <\/strong><\/span>Manche Kr\u00e4uter brauchen Wasser t\u00e4glich, anderere alle zwei Tage aber alle regelm\u00e4\u00dfig. Wenn ihr daf\u00fcr keine Zeit habt, gibt es noch eine Alternative, indem ihr die Oberfl\u00e4che mit einer Lebensmittelfolie abdeckt.<\/p>\n<p>&nbsp;<\/p>\n<p><span style=\"color: #000000;\"><strong>Versucht immer die Bodenfeuchtigkeit zu testen bevor ihr gie\u00dft.<\/strong> <\/span>Wenn das Substrat noch feucht \u00a0ist, wartet noch ab. Oder schaut in die Unterteller rein. Wenn dort Wasser steht, ist klar, sie noch nicht gegossen werden m\u00fcssen. Beachtet auch die Bl\u00e4tter der Pflanzen. Wenn sie schlabrig und weich sind, haben sie h\u00f6chstwahrscheinlich Durst. Vorausgesetzt, wir reden \u00fcber hei\u00dfe Sommertage, gie\u00dfe ich im Sommer zweimal am Tag: in der fr\u00fch und sp\u00e4t am Abend,\u00a0<span style=\"color: rgba(0, 0, 0, 0.95);\"><strong> niemals aber mitten am Tag! Sonst nur am Morgen\u00a0<\/strong><\/span> (wenn sie abends gegossen werden, kann der Boden schimmeln).<\/p>\n<p>&nbsp;<\/p>\n<p><span style=\"color: #000000;\"><strong>Beim Bew\u00e4ssern achtet \u00a0auch darauf, dass das Wasser nicht direkt auf die Bl\u00e4tten gegossen wird, <\/strong><\/span>da sie in der Sonne sonst leichter verbrennen. Die Wassertropfen wirken an der direkten Sonne wie eine Lupe wodurch die Bl\u00e4tter leicht \u00a0austrocknen.<\/p>\n<p><img loading=\"lazy\" class=\"aligncenter wp-image-9196 size-full\" src=\"https:\/\/lucididit.com\/wp-content\/uploads\/2019\/04\/markus-spiske-444652-unsplash.jpg\" alt=\"\" width=\"5760\" height=\"3840\" srcset=\"https:\/\/lucididit.com\/wp-content\/uploads\/2019\/04\/markus-spiske-444652-unsplash.jpg 5760w, https:\/\/lucididit.com\/wp-content\/uploads\/2019\/04\/markus-spiske-444652-unsplash-300x200.jpg 300w, https:\/\/lucididit.com\/wp-content\/uploads\/2019\/04\/markus-spiske-444652-unsplash-768x512.jpg 768w, https:\/\/lucididit.com\/wp-content\/uploads\/2019\/04\/markus-spiske-444652-unsplash-1024x683.jpg 1024w, https:\/\/lucididit.com\/wp-content\/uploads\/2019\/04\/markus-spiske-444652-unsplash-1080x720.jpg 1080w\" sizes=\"(max-width: 5760px) 100vw, 5760px\" \/><\/p>\n<p>&nbsp;<\/p>\n<p>&nbsp;<\/p>\n<p>&nbsp;<\/p>\n<h3><span style=\"color: #000000;\"><strong>Schneiden<\/strong><\/span><\/h3>\n<p><span style=\"color: #000000;\"><strong>Die Kr\u00e4uter sollten regelm\u00e4\u00dfig geschnitten werden, damit sie \u00a0b\u00fcschen k\u00f6nnen. Wenn ihr das nicht tut, werden sie h\u00e4rten und bl\u00fchen <\/strong><\/span>(Basilikum oder Schnittlauch). Beim Basilikum ist es wichtig nach den letzten Bl\u00e4ttern oberhalb abzuschneiden, damit er weiter wachsen kann. Den Schnittlauch darf man nicht zu kurz schneiden, sonst vergilbt er und trocknet aus.Bei Rosmarin darf man nur die Bl\u00e4tter oder junge Zweige abschneiden, nie aber dicke Holzzweige.<\/p>\n<p>&nbsp;<\/p>\n<p>Nun haben wir die Grundlagen des richtigen Umgangs mit den Pflanzen hinter uns. Jede hat aber ihre Besonderheiten, die man beachten sollte. Schauen wir uns die einzelnen Kr\u00e4uter im Detail an und fassen wir zusammen, wie man sie pflegen, verarbeiten und verwenden kann:<\/p>\n<p><img loading=\"lazy\" class=\"aligncenter wp-image-9019 size-full\" src=\"https:\/\/lucididit.com\/wp-content\/uploads\/2019\/03\/2468083482518408597_resized_20190318_030127731-e1552928943995.jpg\" alt=\"\" width=\"2156\" height=\"2880\" \/><\/p>\n<p>&nbsp;<\/p>\n<hr \/>\n<p>&nbsp;<\/p>\n<p><strong><em><span style=\"color: #000000;\">Minze<\/span> <\/em><\/strong><\/p>\n<blockquote>\n<p><span style=\"font-size: small;\"><em><span style=\"color: #000000;\"><strong><u>Pflege:<\/u><\/strong><\/span><\/em><\/span><\/p>\n<p><span style=\"font-size: small;\"><em>Die Minze mag kein direktes Sonnenlicht, also w\u00e4hlt eher einen schattigen Ort f\u00fcr sie. Spendet genug Feuchtigkeit, besonders wenn es hei\u00df und trocken ist. Die Minze ist praktisch wie Unkraut, sie w\u00e4chst schnell und braucht viel Platz. Deswegen sollte man sie nicht mit anderen Pflanzen in einem Topf mischen.<\/em><\/span><\/p>\n<p><span style=\"font-size: small;\"><em><span style=\"color: #000000;\"><strong><u>Wirkung:<\/u><\/strong><\/span><\/em><\/span><\/p>\n<p><span style=\"font-size: small;\"><em>Minze ist eine reichhaltige Vitamin A-Quelle, zwei Essl\u00f6ffel bieten mehr als die H\u00e4lfte der empfohlenen Tagesdosis. Minze ist gut f\u00fcr den Atem und die Verdauung, hilft bei \u00dcbelkeit, Kopfschmerzen, Atemst\u00f6rungen, Asthma und Akne. \u00c4therische \u00d6le in der Minze wirken sich positiv auf die Sportleistung, Atemfrequenz und Blutdruck aus.<\/em><\/span><\/p>\n<p><span style=\"font-size: small;\"><em><span style=\"color: #000000;\"><strong><u>Verwenund:<\/u><\/strong><\/span><\/em><\/span><\/p>\n<p><span style=\"font-size: small;\"><em>Minzbl\u00e4tter sind am aromatischsten, wenn sie frisch sind, aber man kann sie auch trocknen (Tee) oder einfrieren lassen.<\/em><\/span><\/p>\n<\/blockquote>\n<p><img loading=\"lazy\" class=\"aligncenter wp-image-9101 size-full\" src=\"https:\/\/lucididit.com\/wp-content\/uploads\/2019\/03\/al-kawasa-514700-unsplash.jpg\" alt=\"\" width=\"4127\" height=\"2741\" srcset=\"https:\/\/lucididit.com\/wp-content\/uploads\/2019\/03\/al-kawasa-514700-unsplash.jpg 4127w, https:\/\/lucididit.com\/wp-content\/uploads\/2019\/03\/al-kawasa-514700-unsplash-300x199.jpg 300w, https:\/\/lucididit.com\/wp-content\/uploads\/2019\/03\/al-kawasa-514700-unsplash-768x510.jpg 768w, https:\/\/lucididit.com\/wp-content\/uploads\/2019\/03\/al-kawasa-514700-unsplash-1024x680.jpg 1024w, https:\/\/lucididit.com\/wp-content\/uploads\/2019\/03\/al-kawasa-514700-unsplash-1080x717.jpg 1080w\" sizes=\"(max-width: 4127px) 100vw, 4127px\" \/><\/p>\n<p>&nbsp;<\/p>\n<p><span style=\"color: #000000;\"><strong><em>Basilikum<\/em><\/strong><\/span><\/p>\n<blockquote>\n<p><span style=\"font-size: small;\"><em><span style=\"color: #000000;\"><strong><u>Pflege:<\/u><\/strong><\/span><\/em><\/span><\/p>\n<p><span style=\"font-size: small;\"><em>Basilikum mag zwar kein direktes Licht, braucht aber trotzdem gen\u00fcgend W\u00e4rme und gute Bew\u00e4sserung. Basilikum ist eine pflegeintensive Pflanze, wenn er aber mal\u00a0 umgetopft wird (in einen ausreichend gro\u00dfen Topf), regelm\u00e4\u00dfig mit Wasser versorgt und geschnitten wird, werdet ihr staunen, wie buschig er sein kann. Duftende Bl\u00e4tter werden noch bevor er bl\u00fcht gepfl\u00fcckt &#8211; da die \u00e4therischsten \u00d6le am intensivsten sind. Um das Bl\u00fchen zu verz\u00f6gern (denn dann wird die Pflanze hard und holzig), muss man sie rechtzeitig schneiden.<br \/><\/em><\/span><\/p>\n<p><span style=\"font-size: small;\"><em><span style=\"color: #000000;\"><strong><u>Wirkung:<\/u><\/strong><\/span><\/em><\/span><\/p>\n<p><span style=\"font-size: small;\"><em>Basilikum ist bekannt f\u00fcr seine F\u00e4higkeit, die Nerven zu beruhigen, ist auch eine gute Ballaststoffquelle und hat entgiftende Wirkungen auf die Leber. Nach einer schweren Nacht solltet ihr Basilikum unbedingt ins Fr\u00fchst\u00fcck einbeziehen. Zudem hilft Basilikum gegen Kopfschmerzen und Migr\u00e4ne, bei einer Erk\u00e4ltung oder Grippe, bei Menstruationsbeschwerden, hilft bei Appetitlosigkeit, in stressigen Situationen, bei Ersch\u00f6pfungszust\u00e4nden, bei \u00dcberarbeitung, bei Konzentrationsschw\u00e4che oder Hautproblemen.<\/em><\/span><\/p>\n<p><span style=\"font-size: small;\"><em><span style=\"color: #000000;\"><strong><u>Verwendung<\/u><u>:<\/u><\/strong><\/span><\/em><\/span><\/p>\n<p><span style=\"font-size: small;\"><em>Basilikumbl\u00e4tter werden frisch, getrocknet und gefroren verwendet. Am aromatischsten sind nat\u00fcrlich die Frischen.<\/em><\/span><\/p>\n<\/blockquote>\n<p><em> <img loading=\"lazy\" class=\"lazy aligncenter wp-image-8845 size-full lazy-loaded\" title=\"Balk\u00f3n na zjedenie. V\u0161etko, \u010do potrebujete vedie\u0165 o bylink\u00e1ch\" src=\"https:\/\/lucididit.com\/wp-content\/uploads\/2019\/03\/walter-gaspar-1146095-unsplash.jpg?x54553\" sizes=\"(max-width: 5184px) 100vw, 5184px\" srcset=\"https:\/\/lucididit.com\/wp-content\/uploads\/2019\/03\/walter-gaspar-1146095-unsplash.jpg 5184w, https:\/\/lucididit.com\/wp-content\/uploads\/2019\/03\/walter-gaspar-1146095-unsplash-300x200.jpg 300w, https:\/\/lucididit.com\/wp-content\/uploads\/2019\/03\/walter-gaspar-1146095-unsplash-768x512.jpg 768w, https:\/\/lucididit.com\/wp-content\/uploads\/2019\/03\/walter-gaspar-1146095-unsplash-1024x683.jpg 1024w, https:\/\/lucididit.com\/wp-content\/uploads\/2019\/03\/walter-gaspar-1146095-unsplash-1080x720.jpg 1080w\" alt=\"yH5BAEAAAAALAAAAAABAAEAAAIBRAA7 - Balk\u00f3n na zjedenie. V\u0161etko, \u010do potrebujete vedie\u0165 o bylink\u00e1ch\" width=\"5184\" height=\"3456\" data-lazy-type=\"image\" data-lazy-src=\"https:\/\/lucididit.com\/wp-content\/uploads\/2019\/03\/walter-gaspar-1146095-unsplash.jpg?x54553\" data-lazy-srcset=\"https:\/\/lucididit.com\/wp-content\/uploads\/2019\/03\/walter-gaspar-1146095-unsplash.jpg 5184w, https:\/\/lucididit.com\/wp-content\/uploads\/2019\/03\/walter-gaspar-1146095-unsplash-300x200.jpg 300w, https:\/\/lucididit.com\/wp-content\/uploads\/2019\/03\/walter-gaspar-1146095-unsplash-768x512.jpg 768w, https:\/\/lucididit.com\/wp-content\/uploads\/2019\/03\/walter-gaspar-1146095-unsplash-1024x683.jpg 1024w, https:\/\/lucididit.com\/wp-content\/uploads\/2019\/03\/walter-gaspar-1146095-unsplash-1080x720.jpg 1080w\" data-lazy-sizes=\"(max-width: 5184px) 100vw, 5184px\" \/><\/em><\/p>\n<p>&nbsp;<\/p>\n<p><span style=\"color: #000000;\"><strong><em>Melisse<\/em><\/strong><\/span><\/p>\n<blockquote>\n<p><span style=\"color: #000000; font-size: small;\"><strong><em><u>Pflege:<\/u><\/em><\/strong><\/span><\/p>\n<p><span style=\"font-size: small;\"><em>Die Zitronenmelisse braucht relativ viel Platz. Sie gedeiht am besten an sonnigen bis halbsonnigen und gesch\u00fctzten Standorten. Man kann das Gew\u00fcrzkraut zwar auch im Topf kultivieren, allerdings ist es so starkw\u00fcchsig, dass es st\u00e4ndig umgetopft werden muss und nach einem gr\u00f6\u00dferen Pflanzgef\u00e4\u00df verlangt.<\/em><\/span><\/p>\n<p><span style=\"color: #000000; font-size: small;\"><strong><em><u>Wirkung:<\/u><\/em><\/strong><\/span><\/p>\n<p><span style=\"font-size: small;\"><em>Die Melisse (Zitronenmelisse) wird wegen ihrer beruhigenden und bl\u00e4hungsmindernden Wirkung gesch\u00e4tzt. Sie beruhigt den Geist, sch\u00fctzt die Gehirnzellen, h\u00e4lt den Blutzuckerspiegel auf einem stabilen Niveau und unterst\u00fctzt die Leberfunktion. Die Melisse wird auch in der Kosmetik verwendet, weil sie die Haut sch\u00f6n strahlend aussehen l\u00e4sst.<\/em><\/span><\/p>\n<p><span style=\"color: #000000; font-size: small;\"><strong><em><u>V<\/u><\/em><em><u>erwendung:<\/u><\/em><\/strong><\/span><\/p>\n<p><span style=\"font-size: small;\"><em>Als Erntezeitpunkt bevorzugt man \u2013 wenn man die Melisse im eigenen Garten hat \u2013 die Zeit vor der Bl\u00fcte. Dann haben die Bl\u00e4tter ihren vollen aromatischen Geschmack und Duft. Die Melissenbl\u00e4tter k\u00f6nnen frisch verarbeitet oder getrocknet verwendet werden. Die Trocknung soll schonend erfolgen \u2013 bei maximal 40\u00b0 Celsius \u2013 damit das \u00e4therische \u00d6l in den Bl\u00e4ttern zum Gro\u00dfteil erhalten bleibt.<\/em><\/span><\/p>\n<\/blockquote>\n<p><em> <img loading=\"lazy\" class=\"aligncenter wp-image-9103 size-full\" src=\"https:\/\/lucididit.com\/wp-content\/uploads\/2019\/03\/zhanjiang-chen-1370590-unsplash.jpg\" alt=\"\" width=\"6000\" height=\"4000\" srcset=\"https:\/\/lucididit.com\/wp-content\/uploads\/2019\/03\/zhanjiang-chen-1370590-unsplash.jpg 6000w, https:\/\/lucididit.com\/wp-content\/uploads\/2019\/03\/zhanjiang-chen-1370590-unsplash-300x200.jpg 300w, https:\/\/lucididit.com\/wp-content\/uploads\/2019\/03\/zhanjiang-chen-1370590-unsplash-768x512.jpg 768w, https:\/\/lucididit.com\/wp-content\/uploads\/2019\/03\/zhanjiang-chen-1370590-unsplash-1024x683.jpg 1024w, https:\/\/lucididit.com\/wp-content\/uploads\/2019\/03\/zhanjiang-chen-1370590-unsplash-1080x720.jpg 1080w\" sizes=\"(max-width: 6000px) 100vw, 6000px\" \/> <\/em><\/p>\n<p>&nbsp;<\/p>\n<p><span style=\"color: #000000;\"><strong><em>Schnittlauch<\/em><\/strong><\/span><\/p>\n<blockquote>\n<p><span style=\"color: #000000; font-size: small;\"><strong><em><u>Pflege:<\/u><\/em><\/strong><\/span><\/p>\n<p><span style=\"font-size: small;\"><em>Schnittlauch ist im Grunde sehr pflegeleicht. Er braucht allerdings viel Licht und Luft und im Sommer eine gute Wasserversorgung, sonst werden die R\u00f6hrenbl\u00e4tter trocken und strohig. Man sollte ihn regelm\u00e4\u00dfig schneiden, am besten bevor er zum Bl\u00fchen beginnt.<\/em><\/span><\/p>\n<p><span style=\"color: #000000; font-size: small;\"><strong><em><u>Wirkung:<\/u><\/em><\/strong><\/span><\/p>\n<p><span style=\"font-size: small;\"><em>Der Schnittlauch hat eine blutreinigende, harntreibende und schleiml\u00f6sende Wirkung. Die R\u00f6hrenbl\u00e4tter haben eine antientz\u00fcndliche sowie antioxidative Eigenschaft und k\u00f6nnen das Risiko f\u00fcr Bluthochdruck und Krebs senken. Im Vergleich zu anderen Lauchgew\u00e4chsen bzw. Gem\u00fcsearten und Kr\u00e4utern zeichnet sich der Schnittlauch durch einen hohen Gehalt an Ballaststoffen aus, welche unsere Darmt\u00e4tigkeit anregen, Verstopfungen entgegenwirken und das Risiko f\u00fcr Darmkrebs senken. Er ist wirksam gegen Parasiten, senkt den Blutdruck, sch\u00fctzt vor Lungenkrebs, hat eine desinfizierende Wirkung, reduziert die Produktion von Cholesterin und so weiter\u2026<\/em><\/span><\/p>\n<p><span style=\"color: #000000; font-size: small;\"><strong><em><u>Verwendung<\/u><\/em><em><u>:<\/u><\/em><\/strong><\/span><\/p>\n<p><em><span style=\"font-size: small;\">\u00c4hnlich wie etwa Basilikum verliert auch Schnittlauch beim Trocknen viel von seinem Aroma und sollte daher frisch verbraucht werden. Wenige Tage lassen sich \u00fcberbr\u00fccken, wenn ihr \u00a0die Schnittlauchb\u00fcnde in ein Glas Wasser stellt. Schnittlauch l\u00e4sst sich f\u00fcr den Winter einfrieren, wenn ihr ihn vorher in kleine St\u00fccke schneidet.<\/span> <\/em><\/p>\n<\/blockquote>\n<p><em> <img loading=\"lazy\" class=\"aligncenter wp-image-9105 size-full\" src=\"https:\/\/lucididit.com\/wp-content\/uploads\/2019\/03\/katka-pavlickova-145025-unsplash.jpg\" alt=\"\" width=\"1920\" height=\"1920\" srcset=\"https:\/\/lucididit.com\/wp-content\/uploads\/2019\/03\/katka-pavlickova-145025-unsplash.jpg 1920w, https:\/\/lucididit.com\/wp-content\/uploads\/2019\/03\/katka-pavlickova-145025-unsplash-150x150.jpg 150w, https:\/\/lucididit.com\/wp-content\/uploads\/2019\/03\/katka-pavlickova-145025-unsplash-300x300.jpg 300w, https:\/\/lucididit.com\/wp-content\/uploads\/2019\/03\/katka-pavlickova-145025-unsplash-768x768.jpg 768w, https:\/\/lucididit.com\/wp-content\/uploads\/2019\/03\/katka-pavlickova-145025-unsplash-1024x1024.jpg 1024w, https:\/\/lucididit.com\/wp-content\/uploads\/2019\/03\/katka-pavlickova-145025-unsplash-1080x1080.jpg 1080w\" sizes=\"(max-width: 1920px) 100vw, 1920px\" \/><\/em><\/p>\n<p>&nbsp;<\/p>\n<p><span style=\"color: #000000;\"><strong><em>Petersilie<\/em><\/strong><\/span><\/p>\n<blockquote>\n<p><span style=\"color: #000000; font-size: small;\"><strong><em><u>Pflege:<\/u><\/em><\/strong><\/span><\/p>\n<p><span style=\"font-size: small;\"><em><span class=\"tlid-translation translation\" lang=\"de\"><span class=\"\" title=\"\">Petersilie mag keine scharfe Sonne.<\/span> <span class=\"\" title=\"\">Wenn die Bl\u00fctenbl\u00e4tter gelb werden, haben sie zu viel davon, wenn sie h\u00e4ngen, m\u00fcssen sie gegossen werden.<\/span> <span class=\"\" title=\"\">Regelm\u00e4\u00dfige Bew\u00e4sserung ist unerl\u00e4sslich.<\/span> <span class=\"\" title=\"\">Obwohl die Petersilie langsam w\u00e4chst, ist sie ziemlich widerstandsf\u00e4hig.<\/span> <span class=\"\" title=\"\">Zum Beispiel kann es gegen K\u00e4lte und Temperaturabf\u00e4lle auch ohne Schaden \u00fcberleben.<\/span> <span class=\"\" title=\"\">Im Winter wuchs er auf dem Balkon sogar unter einer dicken Schneedecke,<\/span><\/span><\/em><\/span><\/p>\n<p><span style=\"color: #000000; font-size: small;\"><strong><em><u>Wirkung:<\/u><\/em><\/strong><\/span><\/p>\n<p><span style=\"font-size: small;\"><em>Petersilie<span class=\"tlid-translation translation\" lang=\"de\"><span class=\"\" title=\"\"> enth\u00e4lt die Vitamine A und C, und nur ein Essl\u00f6ffel bietet mehr als die H\u00e4lfte der empfohlenen t\u00e4glichen Einnahme von Vitamin K.<\/span><\/span><\/em><\/span><\/p>\n<p><span style=\"color: #000000; font-size: small;\"><strong><em><u>Verwendung<\/u><\/em><em><u>:<\/u><\/em><\/strong><\/span><\/p>\n<p><span style=\"font-size: small;\"><em><span class=\"tlid-translation translation\" lang=\"de\"><span class=\"\" title=\"\">Wir verwenden Petersilie in allen drei Formen &#8211; frisch, getrocknet und gefroren.<\/span><\/span><\/em><\/span><\/p>\n<\/blockquote>\n<p><strong><em> <img loading=\"lazy\" class=\"lazy aligncenter wp-image-8841 size-full lazy-loaded\" title=\"Balk\u00f3n na zjedenie. V\u0161etko, \u010do potrebujete vedie\u0165 o bylink\u00e1ch\" src=\"https:\/\/lucididit.com\/wp-content\/uploads\/2019\/03\/pintando-la-luz-664435-unsplash.jpg?x54553\" sizes=\"(max-width: 5348px) 100vw, 5348px\" srcset=\"https:\/\/lucididit.com\/wp-content\/uploads\/2019\/03\/pintando-la-luz-664435-unsplash.jpg 5348w, https:\/\/lucididit.com\/wp-content\/uploads\/2019\/03\/pintando-la-luz-664435-unsplash-300x200.jpg 300w, https:\/\/lucididit.com\/wp-content\/uploads\/2019\/03\/pintando-la-luz-664435-unsplash-768x512.jpg 768w, https:\/\/lucididit.com\/wp-content\/uploads\/2019\/03\/pintando-la-luz-664435-unsplash-1024x683.jpg 1024w, https:\/\/lucididit.com\/wp-content\/uploads\/2019\/03\/pintando-la-luz-664435-unsplash-1080x720.jpg 1080w\" alt=\"yH5BAEAAAAALAAAAAABAAEAAAIBRAA7 - Balk\u00f3n na zjedenie. V\u0161etko, \u010do potrebujete vedie\u0165 o bylink\u00e1ch\" width=\"5348\" height=\"3565\" data-lazy-type=\"image\" data-lazy-src=\"https:\/\/lucididit.com\/wp-content\/uploads\/2019\/03\/pintando-la-luz-664435-unsplash.jpg?x54553\" data-lazy-srcset=\"https:\/\/lucididit.com\/wp-content\/uploads\/2019\/03\/pintando-la-luz-664435-unsplash.jpg 5348w, https:\/\/lucididit.com\/wp-content\/uploads\/2019\/03\/pintando-la-luz-664435-unsplash-300x200.jpg 300w, https:\/\/lucididit.com\/wp-content\/uploads\/2019\/03\/pintando-la-luz-664435-unsplash-768x512.jpg 768w, https:\/\/lucididit.com\/wp-content\/uploads\/2019\/03\/pintando-la-luz-664435-unsplash-1024x683.jpg 1024w, https:\/\/lucididit.com\/wp-content\/uploads\/2019\/03\/pintando-la-luz-664435-unsplash-1080x720.jpg 1080w\" data-lazy-sizes=\"(max-width: 5348px) 100vw, 5348px\" \/><\/em><\/strong><\/p>\n<p>&nbsp;<\/p>\n<p><span style=\"color: #000000;\"><strong><em>Koriander<\/em><\/strong><\/span><\/p>\n<blockquote>\n<p><span style=\"color: #000000; font-size: small;\"><strong><em><u>Pflege:<\/u><\/em><\/strong><\/span><\/p>\n<p><span style=\"font-size: small;\"><em>Koriander mag keine direkte Sonne, gedeiht an einem sonnig-warmen, halbschattigen bis schattigen und gesch\u00fctzten Standort. Wegen der tiefen Wurzeln ben\u00f6tigt er relativ tiefe B\u00f6den.<\/em><\/span><\/p>\n<p><span style=\"color: #000000; font-size: small;\"><strong><em><u>Wirkung:<\/u><\/em><\/strong><\/span><\/p>\n<p><span style=\"font-size: small;\"><em>Der Koriander enth\u00e4llt vor allem \u00e4therische \u00d6le, Vitamin C, Kohlenhydrate und Mineralstoffe. Reinigt den Organismus von Giften und Schwermetallen, lindert Arthritis und Rheuma, senkt den Cholesterin- und Blutzuckerspiegel, normalisiert die Verdauung, lindert Menstruationsbeschwerden, heilt Mundgeschw\u00fcre und Wunden im Mund, sch\u00fctzt die Augen und hilft bei Hautkrankheiten.<br \/><\/em><\/span><\/p>\n<p><span style=\"color: #000000; font-size: small;\"><strong><em><u>Verwenung<\/u><\/em><em><u>:<\/u><\/em><\/strong><\/span><\/p>\n<p><span style=\"font-size: small;\"><em>Die Bl\u00e4tter werden nicht getrocknet, werden nur frisch oder gefroren verwendet.<\/em><\/span><\/p>\n<\/blockquote>\n<p><strong><em> <img loading=\"lazy\" class=\"aligncenter wp-image-9107 size-full\" src=\"https:\/\/lucididit.com\/wp-content\/uploads\/2019\/03\/lindsay-moe-526857-unsplash.jpg\" alt=\"\" width=\"5616\" height=\"3744\" srcset=\"https:\/\/lucididit.com\/wp-content\/uploads\/2019\/03\/lindsay-moe-526857-unsplash.jpg 5616w, https:\/\/lucididit.com\/wp-content\/uploads\/2019\/03\/lindsay-moe-526857-unsplash-300x200.jpg 300w, https:\/\/lucididit.com\/wp-content\/uploads\/2019\/03\/lindsay-moe-526857-unsplash-768x512.jpg 768w, https:\/\/lucididit.com\/wp-content\/uploads\/2019\/03\/lindsay-moe-526857-unsplash-1024x683.jpg 1024w, https:\/\/lucididit.com\/wp-content\/uploads\/2019\/03\/lindsay-moe-526857-unsplash-1080x720.jpg 1080w\" sizes=\"(max-width: 5616px) 100vw, 5616px\" \/><\/em><\/strong><\/p>\n<p>&nbsp;<\/p>\n<p><span style=\"color: #000000;\"><strong><em>Thymian<\/em><\/strong><\/span><\/p>\n<blockquote>\n<p><span style=\"color: #000000; font-size: small;\"><strong><em><u>Pflege:<\/u><\/em><\/strong><\/span><\/p>\n<p><span style=\"font-size: small;\"><em>Die Thymiankultur auf dem Balkon und Fensterbrett funktioniert problemlos. Voraussetzung ist eine sonnige Lage und gut durchl\u00e4ssige Erde. Hierzu wird die Erde mit grobem Sand versetzt. Stauende N\u00e4sse im Wurzelbereich f\u00fchrt dauerhaft zum Pflanzentod.<\/em><\/span><\/p>\n<p><span style=\"color: #000000; font-size: small;\"><strong><em><u>Wirkung:<\/u><\/em><\/strong><\/span><\/p>\n<p><span style=\"font-size: small;\"><em>Thymian wird seit langem als pflanzliches Heilmittel bei Atemproblemen wie Bronchitis und auch wegen seiner antiseptischen Eigenschaften eingesetzt. Was noch besser ist, Thymian enth\u00e4lt praktisch keine Kalorien und bietet eine hervorragende Unterst\u00fctzung f\u00fcr Vorspeisen und Salate. Versucht ihn in den Champagner zu werfen. Ihr entdeckt neue Dimensionen des Geschmacks.<\/em><\/span><\/p>\n<p><span style=\"color: #000000; font-size: small;\"><strong><em><u>Verwendung<\/u><\/em><em><u>:<\/u><\/em><\/strong><\/span><\/p>\n<p><span style=\"font-size: small;\"><em>Wir verwenden Thymian praktisch in allen drei Formen &#8211; frisch, getrocknet und gefroren<\/em><\/span>.<\/p>\n<p><span style=\"font-size: small;\"><em>.<\/em><\/span><\/p>\n<\/blockquote>\n<p><strong><em> <img loading=\"lazy\" class=\"aligncenter wp-image-9115 size-full\" src=\"https:\/\/lucididit.com\/wp-content\/uploads\/2019\/03\/rose-elena-498830-unsplash.jpg\" alt=\"\" width=\"6000\" height=\"4000\" srcset=\"https:\/\/lucididit.com\/wp-content\/uploads\/2019\/03\/rose-elena-498830-unsplash.jpg 6000w, https:\/\/lucididit.com\/wp-content\/uploads\/2019\/03\/rose-elena-498830-unsplash-300x200.jpg 300w, https:\/\/lucididit.com\/wp-content\/uploads\/2019\/03\/rose-elena-498830-unsplash-768x512.jpg 768w, https:\/\/lucididit.com\/wp-content\/uploads\/2019\/03\/rose-elena-498830-unsplash-1024x683.jpg 1024w, https:\/\/lucididit.com\/wp-content\/uploads\/2019\/03\/rose-elena-498830-unsplash-1080x720.jpg 1080w\" sizes=\"(max-width: 6000px) 100vw, 6000px\" \/><\/em><\/strong><\/p>\n<p>&nbsp;<\/p>\n<p><span style=\"color: #000000;\"><strong><em>Rosmarin<\/em><\/strong><\/span><\/p>\n<blockquote>\n<p><span style=\"color: #000000; font-size: small;\"><strong><em><u>Pflege:<\/u><\/em><\/strong><\/span><\/p>\n<p><span style=\"font-size: small;\"><em>Als w\u00e4rme- und sonnenliebende Pflanze gedeiht Rosmarin am besten auf einem vollsonnigen, warmen und gesch\u00fctzten Platz. Gie\u00dft die Pflanze nur sparsam, denn sie ben\u00f6tigt nicht viel Wasser. Fallen die Nadeln ab, giesst etwas mehr. Dennoch ist zu viel Wasser schlimmer als zu wenig.<\/em><\/span><\/p>\n<p><span style=\"color: #000000; font-size: small;\"><strong><em><u>Wirkung:<\/u><\/em><\/strong><\/span><\/p>\n<p><span style=\"font-size: small;\"><em>Sein Aroma stimuliert die Gehirn- und Herzfunktion, verbessert das Ged\u00e4chtnis, lindert Stress und \u00a0Depressionen, l\u00f6st Nervenstress, reduziert Kopfschmerzen und Migr\u00e4ne. Verbessert die Verdauung und sch\u00fctzt gleichzeitig die Kleidung gegen Insekten im Schrank. <\/em><\/span><\/p>\n<p><span style=\"color: #000000; font-size: small;\"><strong><em><u>Verwendung<\/u><\/em><em><u>:<\/u><\/em><\/strong><\/span><\/p>\n<p><span style=\"font-size: small;\"><em>F\u00fcr kulinarische Zwecke verwenden wir frische oder getrocknete Bl\u00e4tter und Bl\u00fcten. Rosmarin frieren wir nicht ein.<\/em><\/span><\/p>\n<\/blockquote>\n<p><img loading=\"lazy\" class=\"lazy aligncenter wp-image-8851 size-full lazy-loaded\" title=\"Balk\u00f3n na zjedenie. V\u0161etko, \u010do potrebujete vedie\u0165 o bylink\u00e1ch\" src=\"https:\/\/lucididit.com\/wp-content\/uploads\/2019\/03\/herbs-2523119_1920.jpg?x54553\" sizes=\"(max-width: 1920px) 100vw, 1920px\" srcset=\"https:\/\/lucididit.com\/wp-content\/uploads\/2019\/03\/herbs-2523119_1920.jpg 1920w, https:\/\/lucididit.com\/wp-content\/uploads\/2019\/03\/herbs-2523119_1920-300x200.jpg 300w, https:\/\/lucididit.com\/wp-content\/uploads\/2019\/03\/herbs-2523119_1920-768x512.jpg 768w, https:\/\/lucididit.com\/wp-content\/uploads\/2019\/03\/herbs-2523119_1920-1024x683.jpg 1024w, https:\/\/lucididit.com\/wp-content\/uploads\/2019\/03\/herbs-2523119_1920-1080x720.jpg 1080w\" alt=\"yH5BAEAAAAALAAAAAABAAEAAAIBRAA7 - Balk\u00f3n na zjedenie. V\u0161etko, \u010do potrebujete vedie\u0165 o bylink\u00e1ch\" width=\"1920\" height=\"1280\" data-lazy-type=\"image\" data-lazy-src=\"https:\/\/lucididit.com\/wp-content\/uploads\/2019\/03\/herbs-2523119_1920.jpg?x54553\" data-lazy-srcset=\"https:\/\/lucididit.com\/wp-content\/uploads\/2019\/03\/herbs-2523119_1920.jpg 1920w, https:\/\/lucididit.com\/wp-content\/uploads\/2019\/03\/herbs-2523119_1920-300x200.jpg 300w, https:\/\/lucididit.com\/wp-content\/uploads\/2019\/03\/herbs-2523119_1920-768x512.jpg 768w, https:\/\/lucididit.com\/wp-content\/uploads\/2019\/03\/herbs-2523119_1920-1024x683.jpg 1024w, https:\/\/lucididit.com\/wp-content\/uploads\/2019\/03\/herbs-2523119_1920-1080x720.jpg 1080w\" data-lazy-sizes=\"(max-width: 1920px) 100vw, 1920px\" \/><\/p>\n<p>&nbsp;<\/p>\n<p><span style=\"color: #000000;\"><strong><em>Salbei<\/em><\/strong><\/span><\/p>\n<blockquote>\n<p><span style=\"color: #000000; font-size: small;\"><strong><em><u>Pflege:<\/u><\/em><\/strong><\/span><\/p>\n<p><span style=\"font-size: small;\"><em>Die Pflanze ist sehr anpassungsf\u00e4hig, und wenn sie einen sonnigen, warmen Standort mit viel Sonne bekommt, gedeiht sie gut. L\u00e4ngere Trockenzeiten \u00fcbersteht Salbei problemlos, Staun\u00e4sse verzeiht er aber nicht. <\/em><\/span><\/p>\n<p><span style=\"color: #000000; font-size: small;\"><em><u><strong>Wirkung:<\/strong> <\/u><\/em><\/span><\/p>\n<p><span style=\"font-size: small;\"><em>Salbei enth\u00e4lt Schwei\u00dfbegrenzungsmittel, hat sehr starke entz\u00fcndungshemmende und desinfizierende Wirkungen, wirkt gegen Durchfall, verbessert die Verdauung, die Gallenblase und die Leberfunktion. Entfernt Geruch aus dem Mund und reduziert Blutzucker. \u00c4u\u00dferlich wird Salbei bei Zahnfleisch- und Halsentz\u00fcndungen angewendet. Die Salbeibl\u00e4tter wirken, als Tee zum Gurgeln zubereitet, entz\u00fcndungshemmend bei Mund- und Rachenraumerkrankungen. Salbei dient auch als nat\u00fcrliches Heilmittel gegen Angstzust\u00e4nde, M\u00fcdigkeit und unterst\u00fctzt Denkprozesse und Ged\u00e4chtnisfunktionen. Ich verwende Salbei gegen Halsscherzen oder in der K\u00fcche. Schaut euch zum Beispiel <span style=\"color: #e02b21;\"><strong><a href=\"https:\/\/lucididit.com\/de\/lachs-saltimbocca-mit-gremolata\/\"><span style=\"color: #e0150b;\">mein Rezept f\u00fcr Lachs saltimbocca\u00a0 an.<\/span><\/a> <\/strong><\/span><\/em><\/span><\/p>\n<p><span style=\"color: #000000; font-size: small;\"><strong><em><u>Verwendung<\/u><\/em><em><u>:<\/u><\/em><\/strong><\/span><\/p>\n<p><span style=\"font-size: small;\"><em>Die Bl\u00e4tter werden nicht getrocknet, sondern nur frisch oder gefroren verwendet. Meist werden frische Bl\u00e4tter gepfl\u00fcckt. F\u00fcr den unverwechselbaren Geschmack und Duft gen\u00fcgt es nur eine oder zwei Bl\u00e4tter pro Portion zu mehmen.<br \/><\/em><\/span><\/p>\n<\/blockquote>\n<p><img loading=\"lazy\" class=\"aligncenter wp-image-9109 size-full\" src=\"https:\/\/lucididit.com\/wp-content\/uploads\/2019\/03\/joanna-kosinska-340755-unsplash.jpg\" alt=\"\" width=\"6016\" height=\"4016\" srcset=\"https:\/\/lucididit.com\/wp-content\/uploads\/2019\/03\/joanna-kosinska-340755-unsplash.jpg 6016w, https:\/\/lucididit.com\/wp-content\/uploads\/2019\/03\/joanna-kosinska-340755-unsplash-300x200.jpg 300w, https:\/\/lucididit.com\/wp-content\/uploads\/2019\/03\/joanna-kosinska-340755-unsplash-768x513.jpg 768w, https:\/\/lucididit.com\/wp-content\/uploads\/2019\/03\/joanna-kosinska-340755-unsplash-1024x684.jpg 1024w, https:\/\/lucididit.com\/wp-content\/uploads\/2019\/03\/joanna-kosinska-340755-unsplash-1080x721.jpg 1080w\" sizes=\"(max-width: 6016px) 100vw, 6016px\" \/><\/p>\n<p>&nbsp;<\/p>\n<p><span style=\"color: #000000;\"><strong><em>Lavendel<\/em><\/strong><\/span><\/p>\n<blockquote>\n<p><span style=\"color: #000000; font-size: small;\"><strong><em><u>Pflege:<\/u><\/em><\/strong><\/span><\/p>\n<p><span style=\"font-size: small;\"><em>Lavendel ist eine relativ gro\u00dfe Pflanze, die drau\u00dfen am besten w\u00e4chst. W\u00e4hlt einen sonnigen Standort, an dem sie t\u00e4glich acht Stunden Licht bekommt. Wenn ihr es im Inneren wachsen lassen m\u00f6chtet, stellt sicher, dass der Boden gut durchl\u00e4ssig ist und gen\u00fcgend Wasserablauf\u00f6ffnungen am Boden des Blumentopfes vorhanden sind.<\/em><\/span><\/p>\n<p><span style=\"color: #000000; font-size: small;\"><em><u><strong>Wirkung:<\/strong> <\/u><\/em><\/span><\/p>\n<p><span style=\"font-size: small;\"><em>Lavendel ist nicht nur eine sch\u00f6ne Pflanze, sie bringt auch viele gesundheitliche Vorteile mit sich. Ihr Duft hat beruhigende Wirkungen, die euch beim Schlafen helfen. Lavendel enth\u00e4lt sogar Antioxidantien, die als Polyphenole bekannt sind und mit dem entz\u00fcndeten Bauch k\u00e4mpfen.<br \/><\/em><\/span><\/p>\n<p><span style=\"color: #000000; font-size: small;\"><strong><em><u>Verwendung<\/u><\/em><em><u>:<\/u><\/em><\/strong><\/span><\/p>\n<p><span style=\"font-size: small;\"><em>Lavendel wird meistens\u00a0 in trockenem Zustand verwendet,\u00a0 frische Blumen sind aber viel aromatischer.<\/em><\/span><\/p>\n<\/blockquote>\n<p><em> <img loading=\"lazy\" class=\"lazy aligncenter wp-image-8876 size-full lazy-loaded\" title=\"Balk\u00f3n na zjedenie. V\u0161etko, \u010do potrebujete vedie\u0165 o bylink\u00e1ch\" src=\"https:\/\/lucididit.com\/wp-content\/uploads\/2019\/03\/heather-ford-731014-unsplash-1.jpg?x54553\" sizes=\"(max-width: 4219px) 100vw, 4219px\" srcset=\"https:\/\/lucididit.com\/wp-content\/uploads\/2019\/03\/heather-ford-731014-unsplash-1.jpg 4219w, https:\/\/lucididit.com\/wp-content\/uploads\/2019\/03\/heather-ford-731014-unsplash-1-287x300.jpg 287w, https:\/\/lucididit.com\/wp-content\/uploads\/2019\/03\/heather-ford-731014-unsplash-1-768x803.jpg 768w, https:\/\/lucididit.com\/wp-content\/uploads\/2019\/03\/heather-ford-731014-unsplash-1-980x1024.jpg 980w, https:\/\/lucididit.com\/wp-content\/uploads\/2019\/03\/heather-ford-731014-unsplash-1-1080x1129.jpg 1080w\" alt=\"yH5BAEAAAAALAAAAAABAAEAAAIBRAA7 - Balk\u00f3n na zjedenie. V\u0161etko, \u010do potrebujete vedie\u0165 o bylink\u00e1ch\" width=\"4219\" height=\"4409\" data-lazy-type=\"image\" data-lazy-src=\"https:\/\/lucididit.com\/wp-content\/uploads\/2019\/03\/heather-ford-731014-unsplash-1.jpg?x54553\" data-lazy-srcset=\"https:\/\/lucididit.com\/wp-content\/uploads\/2019\/03\/heather-ford-731014-unsplash-1.jpg 4219w, https:\/\/lucididit.com\/wp-content\/uploads\/2019\/03\/heather-ford-731014-unsplash-1-287x300.jpg 287w, https:\/\/lucididit.com\/wp-content\/uploads\/2019\/03\/heather-ford-731014-unsplash-1-768x803.jpg 768w, https:\/\/lucididit.com\/wp-content\/uploads\/2019\/03\/heather-ford-731014-unsplash-1-980x1024.jpg 980w, https:\/\/lucididit.com\/wp-content\/uploads\/2019\/03\/heather-ford-731014-unsplash-1-1080x1129.jpg 1080w\" data-lazy-sizes=\"(max-width: 4219px) 100vw, 4219px\" \/><\/em><\/p>\n<p><img loading=\"lazy\" class=\"lazy aligncenter wp-image-4975 lazy-loaded\" title=\"Balk\u00f3n na zjedenie. V\u0161etko, \u010do potrebujete vedie\u0165 o bylink\u00e1ch\" src=\"https:\/\/lucididit.com\/wp-content\/uploads\/2018\/05\/3.jpg?x54553\" sizes=\"(max-width: 1350px) 100vw, 1350px\" srcset=\"https:\/\/lucididit.com\/wp-content\/uploads\/2018\/05\/3.jpg 1280w, https:\/\/lucididit.com\/wp-content\/uploads\/2018\/05\/3-300x225.jpg 300w, https:\/\/lucididit.com\/wp-content\/uploads\/2018\/05\/3-768x576.jpg 768w, https:\/\/lucididit.com\/wp-content\/uploads\/2018\/05\/3-1024x768.jpg 1024w, https:\/\/lucididit.com\/wp-content\/uploads\/2018\/05\/3-510x382.jpg 510w, https:\/\/lucididit.com\/wp-content\/uploads\/2018\/05\/3-1080x810.jpg 1080w\" alt=\"yH5BAEAAAAALAAAAAABAAEAAAIBRAA7 - Balk\u00f3n na zjedenie. V\u0161etko, \u010do potrebujete vedie\u0165 o bylink\u00e1ch\" width=\"1350\" height=\"1013\" data-lazy-type=\"image\" data-lazy-src=\"https:\/\/lucididit.com\/wp-content\/uploads\/2018\/05\/3.jpg?x54553\" data-lazy-srcset=\"https:\/\/lucididit.com\/wp-content\/uploads\/2018\/05\/3.jpg 1280w, https:\/\/lucididit.com\/wp-content\/uploads\/2018\/05\/3-300x225.jpg 300w, https:\/\/lucididit.com\/wp-content\/uploads\/2018\/05\/3-768x576.jpg 768w, https:\/\/lucididit.com\/wp-content\/uploads\/2018\/05\/3-1024x768.jpg 1024w, https:\/\/lucididit.com\/wp-content\/uploads\/2018\/05\/3-510x382.jpg 510w, https:\/\/lucididit.com\/wp-content\/uploads\/2018\/05\/3-1080x810.jpg 1080w\" data-lazy-sizes=\"(max-width: 1350px) 100vw, 1350px\" \/><\/p>\n<p>&nbsp;<\/p>\n<p><span style=\"color: #000000;\"><strong><em>Oregano<\/em><\/strong><\/span><\/p>\n<blockquote>\n<p><span style=\"color: #000000; font-size: small;\"><strong><em><u>Pflege:<\/u><\/em><\/strong><\/span><\/p>\n<p><span style=\"font-size: small;\"><em>Oregano geh\u00f6rt zu den wild wachsenden Kr\u00e4utern. Ideal sind f\u00fcr die Pflanze 18 &#8211; 20 \u00b0C. Bei h\u00f6heren Temperaturen gew\u00f6hnt er sich an das Sonnenbaden, wodurch die Pflanze stark geschw\u00e4cht wird.<\/em><\/span><\/p>\n<p><span style=\"color: #000000; font-size: small;\"><strong><em><u>Wirkung:<\/u><\/em><\/strong><\/span><\/p>\n<p><span style=\"font-size: small;\"><em>Er hat starke antibiotische und entz\u00fcndungshemmende Wirkungen, hilft bei Schlaflosigkeit, ist ein starker Antioxidant und enth\u00e4lt viele Vitamine, daher ist er in unserer K\u00fcche mehr als willkommen.<\/em><\/span><\/p>\n<p><span style=\"color: #000000; font-size: small;\"><strong><em><u>Verwendung<\/u><\/em><em><u>:<\/u><\/em><\/strong><\/span><\/p>\n<p><span style=\"font-size: small;\"><em>Oregano (ohne Stiele) kann kontinuierlich gesammelt oder nach Bedarf getrocknet werden<\/em><em>.<\/em><\/span><\/p>\n<\/blockquote>\n<p><em>\u00a0<\/em><\/p>\n<hr \/>\n<p>&nbsp;<\/p>\n<h3>\u00a0<\/h3>\n<p>&nbsp;<\/p>\n<h3><span style=\"color: #000000;\"><strong>Verarbeitung<\/strong><\/span><\/h3>\n<p><span style=\"color: #000000;\">I<strong>ch pers\u00f6nlich pflanze Kr\u00e4uter zwischen M\u00e4rz und Mai ein.<\/strong><\/span> Einige wachsen sogar im Winter (wie Schnittlauch, Thymian &#8230;). Die Kr\u00e4uter sollten kontinuierlich geschnitten werden, aber ich g\u00f6nne denen einmal in ein paar Wochen einen kurzen Sommerschnitt. Dadurch k\u00f6nnen sie weiter wachsen und b\u00fcschen. W\u00e4hrend des Sommers schneide ich 2-3 Mal, so dass auch f\u00fcr die Nachbarn, Bekannte und Eigenbedarf genug bleibt. Die Kr\u00e4uterernte wird gefroren oder getrocknet. Und wie macht man das?<\/p>\n<p><img loading=\"lazy\" class=\"lazy aligncenter wp-image-8835 size-full lazy-loaded\" title=\"Balk\u00f3n na zjedenie. V\u0161etko, \u010do potrebujete vedie\u0165 o bylink\u00e1ch\" src=\"https:\/\/lucididit.com\/wp-content\/uploads\/2019\/03\/landis-brown-428003-unsplash.jpg?x54553\" sizes=\"(max-width: 6000px) 100vw, 6000px\" srcset=\"https:\/\/lucididit.com\/wp-content\/uploads\/2019\/03\/landis-brown-428003-unsplash.jpg 6000w, https:\/\/lucididit.com\/wp-content\/uploads\/2019\/03\/landis-brown-428003-unsplash-300x200.jpg 300w, https:\/\/lucididit.com\/wp-content\/uploads\/2019\/03\/landis-brown-428003-unsplash-768x512.jpg 768w, https:\/\/lucididit.com\/wp-content\/uploads\/2019\/03\/landis-brown-428003-unsplash-1024x683.jpg 1024w, https:\/\/lucididit.com\/wp-content\/uploads\/2019\/03\/landis-brown-428003-unsplash-1080x720.jpg 1080w\" alt=\"yH5BAEAAAAALAAAAAABAAEAAAIBRAA7 - Balk\u00f3n na zjedenie. V\u0161etko, \u010do potrebujete vedie\u0165 o bylink\u00e1ch\" width=\"6000\" height=\"4000\" data-lazy-type=\"image\" data-lazy-src=\"https:\/\/lucididit.com\/wp-content\/uploads\/2019\/03\/landis-brown-428003-unsplash.jpg?x54553\" data-lazy-srcset=\"https:\/\/lucididit.com\/wp-content\/uploads\/2019\/03\/landis-brown-428003-unsplash.jpg 6000w, https:\/\/lucididit.com\/wp-content\/uploads\/2019\/03\/landis-brown-428003-unsplash-300x200.jpg 300w, https:\/\/lucididit.com\/wp-content\/uploads\/2019\/03\/landis-brown-428003-unsplash-768x512.jpg 768w, https:\/\/lucididit.com\/wp-content\/uploads\/2019\/03\/landis-brown-428003-unsplash-1024x683.jpg 1024w, https:\/\/lucididit.com\/wp-content\/uploads\/2019\/03\/landis-brown-428003-unsplash-1080x720.jpg 1080w\" data-lazy-sizes=\"(max-width: 6000px) 100vw, 6000px\" \/><\/p>\n<p>&nbsp;<\/p>\n<h4>\u00a0<\/h4>\n<p>&nbsp;<\/p>\n<h4><span style=\"color: rgba(0, 0, 0, 0.96);\"><strong>Wie soll man die Kr\u00e4uter verarbeiten? <\/strong><\/span><\/h4>\n<h5><span style=\"color: rgba(0, 0, 0, 0.96);\"><strong>Trocken oder einfrieren<\/strong><strong>? <\/strong><\/span><\/h5>\n<p>Im Prinzip beides. Kr\u00e4uter trocknen h\u00e4ngend in Stielen oder lose auf einem Sieb verteilt, jedoch<span style=\"color: #000000;\"><strong> immer im Schatten und an einem ausreichend bel\u00fcfteten Ort.<\/strong><\/span> Die K\u00fcche ist es meistens nicht (wegen Dampf, Feuchtigkeit &#8230;) Wenn ihr es beschleunigen wollt, k\u00f6nnt ihr sie im Backrohr oder in der Mikrowelle trocknen lassen. Die Kr\u00e4uter mit Backpapier auf das Backblech legen und in den Ofen legen, den ihr\u00a0 auf eine sehr niedrige Temperatur eingestellt habt.<span style=\"color: #000000;\"><strong> In der Regel sollten 30 Grad nicht \u00fcberschritten werden.<\/strong> <\/span>Regelm\u00e4\u00dfig wenden und \u00fcberpr\u00fcfen.<\/p>\n<p><img loading=\"lazy\" class=\"aligncenter wp-image-8933 size-full\" src=\"https:\/\/lucididit.com\/wp-content\/uploads\/2019\/03\/IMG_20190221_171957-01-02_resized_20190317_061501089.jpeg\" alt=\"\" width=\"2286\" height=\"1787\" srcset=\"https:\/\/lucididit.com\/wp-content\/uploads\/2019\/03\/IMG_20190221_171957-01-02_resized_20190317_061501089.jpeg 2286w, https:\/\/lucididit.com\/wp-content\/uploads\/2019\/03\/IMG_20190221_171957-01-02_resized_20190317_061501089-300x235.jpeg 300w, https:\/\/lucididit.com\/wp-content\/uploads\/2019\/03\/IMG_20190221_171957-01-02_resized_20190317_061501089-768x600.jpeg 768w, https:\/\/lucididit.com\/wp-content\/uploads\/2019\/03\/IMG_20190221_171957-01-02_resized_20190317_061501089-1024x800.jpeg 1024w, https:\/\/lucididit.com\/wp-content\/uploads\/2019\/03\/IMG_20190221_171957-01-02_resized_20190317_061501089-1080x844.jpeg 1080w\" sizes=\"(max-width: 2286px) 100vw, 2286px\" \/><\/p>\n<p>&nbsp;<\/p>\n<p>Sie sind bereit zu lagern, wenn sie brechen, aber trotzdem nicht so spr\u00f6de sind, dass sie zu Staub zerfallen. In einem geschlossenen Beh\u00e4lter vor Licht gesch\u00fctzt lagern. Achtung! Wenn sie eingelagert werden bevor sie gut getrocknet sind, werden sie schimmeln!<\/p>\n<p>&nbsp;<\/p>\n<p><img loading=\"lazy\" class=\"lazy aligncenter wp-image-8830 size-full lazy-loaded\" title=\"Balk\u00f3n na zjedenie. V\u0161etko, \u010do potrebujete vedie\u0165 o bylink\u00e1ch\" src=\"https:\/\/lucididit.com\/wp-content\/uploads\/2019\/03\/fotografierende-1294275-unsplash.jpg?x54553\" sizes=\"(max-width: 6000px) 100vw, 6000px\" srcset=\"https:\/\/lucididit.com\/wp-content\/uploads\/2019\/03\/fotografierende-1294275-unsplash.jpg 6000w, https:\/\/lucididit.com\/wp-content\/uploads\/2019\/03\/fotografierende-1294275-unsplash-300x200.jpg 300w, https:\/\/lucididit.com\/wp-content\/uploads\/2019\/03\/fotografierende-1294275-unsplash-768x512.jpg 768w, https:\/\/lucididit.com\/wp-content\/uploads\/2019\/03\/fotografierende-1294275-unsplash-1024x683.jpg 1024w, https:\/\/lucididit.com\/wp-content\/uploads\/2019\/03\/fotografierende-1294275-unsplash-1080x720.jpg 1080w\" alt=\"yH5BAEAAAAALAAAAAABAAEAAAIBRAA7 - Balk\u00f3n na zjedenie. V\u0161etko, \u010do potrebujete vedie\u0165 o bylink\u00e1ch\" width=\"6000\" height=\"4000\" data-lazy-type=\"image\" data-lazy-src=\"https:\/\/lucididit.com\/wp-content\/uploads\/2019\/03\/fotografierende-1294275-unsplash.jpg?x54553\" data-lazy-srcset=\"https:\/\/lucididit.com\/wp-content\/uploads\/2019\/03\/fotografierende-1294275-unsplash.jpg 6000w, https:\/\/lucididit.com\/wp-content\/uploads\/2019\/03\/fotografierende-1294275-unsplash-300x200.jpg 300w, https:\/\/lucididit.com\/wp-content\/uploads\/2019\/03\/fotografierende-1294275-unsplash-768x512.jpg 768w, https:\/\/lucididit.com\/wp-content\/uploads\/2019\/03\/fotografierende-1294275-unsplash-1024x683.jpg 1024w, https:\/\/lucididit.com\/wp-content\/uploads\/2019\/03\/fotografierende-1294275-unsplash-1080x720.jpg 1080w\" data-lazy-sizes=\"(max-width: 6000px) 100vw, 6000px\" \/><\/p>\n<p>&nbsp;<\/p>\n<p>Habe ich etwas vergessen? Teilt eure Erfahrungen mit, korrigiert mich oder fragt nach.<\/p>\n<p>&nbsp;<\/p>\n<p>&nbsp;<\/p>\n<p style=\"text-align: center;\"><strong>Foto:<\/strong> Lucididit, Unsplash<\/p>\n<p>&nbsp;<\/p>\n<p>[\/et_pb_text][et_pb_divider color=&#8221;#000000&#8243; height=&#8221;1px&#8221; _builder_version=&#8221;3.21&#8243;][\/et_pb_divider][et_pb_post_nav in_same_term=&#8221;off&#8221; _builder_version=&#8221;3.21.4&#8243; title_font=&#8221;Abhaya Libre||||||||&#8221; title_text_color=&#8221;#e04038&#8243; title_font_size=&#8221;19px&#8221; title_line_height=&#8221;1.9em&#8221;][\/et_pb_post_nav][\/et_pb_column][\/et_pb_row][\/et_pb_section]<\/p>\n","protected":false},"excerpt":{"rendered":"<p>Unsere Gro\u00dfeltern lebten noch zu den Zeiten, wenn selbstgebackenes Brot und frisch gemolkene Milch ein selbstverst\u00e4ndlicher Bestandteil der Tagesmahlzeiten war. Dann sind wir dem Konsumwahn verfallen und die Traditionen waren im Eimer. Die \u00f6kologische Situation zwingt uns jedoch, unsere Gewohnheiten neu zu bewerten. Heutzutage, jetzt weiss ich nicht ob gott sei dank oder leider Gottes [&hellip;]<\/p>\n","protected":false},"author":1,"featured_media":8848,"comment_status":"open","ping_status":"closed","sticky":false,"template":"","format":"standard","meta":{"_et_pb_use_builder":"on","_et_pb_old_content":"<p>Na\u0161i star\u00ed rodi\u010dia \u017eili v\u00a0\u010dasoch, kedy bol dom\u00e1ci pe\u010den\u00fd chlieb a \u010derstvo nadojen\u00e9 mlieko samozrejmos\u0165ou. Potom sme prepadli konzumu a\u00a0v\u0161etky star\u00e9 zvyky zapadli prachom. Ekologick\u00e1 situ\u00e1cia n\u00e1s v\u0161ak n\u00fati na\u0161e n\u00e1vyky op\u00e4\u0165 prehodnoti\u0165. Teraz ani neviem \u010di chvalabohu alebo bohu\u017eia\u013e (vzh\u013eadom na okolnosti) dnes dom\u00e1ce pestovanie a v\u00fdroba za\u017e\u00edva svoj n\u00e1vrat. <strong>Pojmy ekologick\u00fd, dom\u00e1ci, handmade, homemade \u010di bez odpadu s\u00fa op\u00e4\u0165 v\u00a0trende.<\/strong> Rovnako ako i\u00a0pestovanie byliniek a\u00a0varenie z\u00a0\u010derstv\u00fdch dom\u00e1cich surov\u00edn.<\/p><p>\u00a0<\/p><p>Nemus\u00edte b\u00fdva\u0165 v rodinnom dome so z\u00e1hradou, dopestova\u0165 si ich viete aj na okne, balk\u00f3ne alebo na terase. Nezaber\u00fa ve\u013ea miesta, postaraj\u00fa sa o kopec zelene, pr\u00edjemn\u00fa ar\u00f3mu, hodia sa do kozmetick\u00fdch pr\u00edpravkov, dezertov \u010di va\u0161ich ob\u013e\u00faben\u00fdch jed\u00e1l. Bylinky maju lie\u010div\u00e9 \u00fa\u010dinky a blahod\u00e1rny vplyv na n\u00e1\u0161 organizmus. Navy\u0161e ich na konci sez\u00f3ny viete vysu\u0161i\u0165 alebo zmrazi\u0165 a pou\u017e\u00edva\u0165 \u00a0tak po zvy\u0161ok cel\u00e9ho roka. Pozrime sa, ktor\u00e9 bylinky na va\u0161ich balk\u00f3noch nesm\u00fa ch\u00fdba\u0165, ako ich dopestova\u0165, spracova\u0165 a vyu\u017ei\u0165.<\/p><p>\u00a0<\/p><hr \/><p>\u00a0<\/p><div class=\"et-box et-shadow\"><div class=\"et-box-content\"><p><em><strong>Ja \u00a0doma pestujem tieto:\u00a0<\/strong><\/em><\/p><blockquote><p><em><strong>Bylinky:<\/strong> M\u00e4ta, bazalka (viacero druhov), pa\u017e\u00edtka, tymi\u00e1n, oregano (viacero druhov), rozmar\u00edn, m\u00e4ta, ligur\u010dek, petr\u017elen, \u0161alvia, levandu\u013ea, chilli <\/em><\/p><p><em><strong>Zo zeleniny:<\/strong> Paprika, paradajky, uhorky <\/em><\/p><p><em><strong>Z ovocia:<\/strong> Mini mel\u00f3n, maliny, jahody, r\u00edbezle, mini pomaran\u010de (pomaran\u010dovn\u00edk<\/em>)<\/p><\/blockquote><\/div><\/div><p>\u00a0<\/p><p>A\u00a0teraz sa podr\u017ete!<strong> To v\u0161etko mi rastie na oby\u010dajnom balk\u00f3ne.<\/strong> Na to, aby sa v\u00e1m ich podarilo \u00faspe\u0161ne vypestova\u0165 je potrebn\u00e9 dodr\u017eiava\u0165 zop\u00e1r z\u00e1kladn\u00fdch pravidiel. Rada sa s vami podel\u00edm o moje sk\u00fasenosti, ktor\u00e9 som nazbierala po\u010das amat\u00e9rskeho z\u00e1hradk\u00e1r\u010denia.<\/p><p><img class=\"lazy aligncenter wp-image-8843 size-full lazy-loaded\" title=\"Balk\u00f3n na zjedenie. V\u0161etko, \u010do potrebujete vedie\u0165 o bylink\u00e1ch\" src=\"https:\/\/lucididit.com\/wp-content\/uploads\/2019\/03\/thomas-rehehauser-49045-unsplash.jpg?x54553\" sizes=\"(max-width: 4976px) 100vw, 4976px\" srcset=\"https:\/\/lucididit.com\/wp-content\/uploads\/2019\/03\/thomas-rehehauser-49045-unsplash.jpg 4976w, https:\/\/lucididit.com\/wp-content\/uploads\/2019\/03\/thomas-rehehauser-49045-unsplash-300x169.jpg 300w, https:\/\/lucididit.com\/wp-content\/uploads\/2019\/03\/thomas-rehehauser-49045-unsplash-768x432.jpg 768w, https:\/\/lucididit.com\/wp-content\/uploads\/2019\/03\/thomas-rehehauser-49045-unsplash-1024x576.jpg 1024w, https:\/\/lucididit.com\/wp-content\/uploads\/2019\/03\/thomas-rehehauser-49045-unsplash-1080x608.jpg 1080w\" alt=\"yH5BAEAAAAALAAAAAABAAEAAAIBRAA7 - Balk\u00f3n na zjedenie. V\u0161etko, \u010do potrebujete vedie\u0165 o bylink\u00e1ch\" width=\"4976\" height=\"2800\" data-lazy-type=\"image\" data-lazy-src=\"https:\/\/lucididit.com\/wp-content\/uploads\/2019\/03\/thomas-rehehauser-49045-unsplash.jpg?x54553\" data-lazy-srcset=\"https:\/\/lucididit.com\/wp-content\/uploads\/2019\/03\/thomas-rehehauser-49045-unsplash.jpg 4976w, https:\/\/lucididit.com\/wp-content\/uploads\/2019\/03\/thomas-rehehauser-49045-unsplash-300x169.jpg 300w, https:\/\/lucididit.com\/wp-content\/uploads\/2019\/03\/thomas-rehehauser-49045-unsplash-768x432.jpg 768w, https:\/\/lucididit.com\/wp-content\/uploads\/2019\/03\/thomas-rehehauser-49045-unsplash-1024x576.jpg 1024w, https:\/\/lucididit.com\/wp-content\/uploads\/2019\/03\/thomas-rehehauser-49045-unsplash-1080x608.jpg 1080w\" data-lazy-sizes=\"(max-width: 4976px) 100vw, 4976px\" \/><\/p><p>A nemyslite si, \u017ee mi to i\u0161lo od ruky v\u017edy. Keby ste mi pred 4 rokmi darovali kvet, m\u00f4\u017eete si by\u0165 ist\u00ed, \u017ee najnesk\u00f4r do dvoch t\u00fd\u017ed\u0148ov by bolo po \u0148om (maxim\u00e1lna doba, kedy u m\u0148a vydr\u017ealo nie\u010do zelen\u00e9).\u00a0 Tak\u017ee \u010do je z\u00e1rukou \u00faspechu?<\/p><p>\u00a0<\/p><p>\u00a0<\/p><p><strong>Sadenie<\/strong><\/p><p>\u010co mysl\u00edte, <strong>semia\u010dka alebo sadenice?<\/strong> B je spr\u00e1vne. Pokia\u013e m\u00e1te z\u00e1hradu, ok nedb\u00e1m, ale pre \u00a0pestovanie na balk\u00f3ne odpor\u00fa\u010dam pou\u017ei\u0165 u\u017e hotov\u00e9 bylinky. Jednak preto, lebo proces sadenia zo semien je omnoho n\u00e1ro\u010dnej\u0161\u00ed a zd\u00cdhavej\u0161\u00ed. Po druh\u00e9 preto, lebo z predpestovan\u00fdch byliniek m\u00e1te v\u00e4\u010d\u0161ie \u0161ance na \u00faspech.<\/p><p>\u00a0<\/p><p><strong>Pozor, bylinky nekupujte v supermarketoch, ale v z\u00e1hradn\u00fdch centr\u00e1ch alebo \u0161pecializovan\u00fdch obchodoch! <\/strong>Neviem v\u00e1m poveda\u0165 pre\u010do, zrejme kv\u00f4li nekvalitn\u00e9mu substr\u00e1tu, no s\u00fa n\u00e1chylnej\u0161e na plesne a uhynutie. M\u00e1lokedy vydr\u017eia dlh\u0161ie ne\u017e len p\u00e1r t\u00fd\u017ed\u0148ov. S\u00fa sk\u00f4r ur\u010den\u00e9 pre priamu spotrebu ako \u010fal\u0161ie vyu\u017eitie, ale sk\u00fasi\u0165 to m\u00f4\u017eete. Rovno si tam k\u00fapte aj zeminu a kvetin\u00e1\u010de. H\u013eadajte<strong> substr\u00e1t pre pestovanie byliniek.<\/strong> Nie, nie je jedno, ak\u00fa zeminu pou\u017eijete. Ka\u017ed\u00e1 m\u00e1 in\u00e9 \u017eiviny prisp\u00f4soben\u00e9 na typ pestovania. Ak sa chcete poisti\u0165, sp\u00fdtajte sa na bio hnojivo (nepou\u017e\u00edvajte \u017eiadne chemik\u00e1lie, budete to predsa jes\u0165!). Ja osobne v\u0161ak \u017eiadne nepou\u017e\u00edvam.<\/p><p>\u00a0<\/p><p>Doma ich rovno presa\u010fte do kvetin\u00e1\u010dov. Zvo\u013ete n\u00e1doby, ktor\u00e9 s\u00fa v priemere aspo\u0148 o 3 a\u017e 4 cm v\u00e4\u010d\u0161ie ako p\u00f4vodn\u00e9 plastov\u00e9 n\u00e1doby. Je to preto, aby sa mali kde rozmno\u017eova\u0165 a\u00a0zapusti\u0165 korene. Je to jednoduch\u00e1 matematika: \u010d\u00edm v\u00e4\u010d\u0161\u00ed kvetin\u00e1\u010d, t\u00fdm v\u00e4\u010d\u0161ia bylinka. To plat\u00ed najm\u00e4 pre bazalku a\u00a0rozmar\u00edn. Papriku a paradajky je napr\u00edklad dobr\u00e9 zasadi\u0165 do hlbok\u00fdch kvetin\u00e1\u010dov. <strong>Dbajte na to, aby mali zospodu odtokov\u00e9 otvory,<\/strong> tak\u017ee budete ku ka\u017ed\u00e9mu potrebova\u0165 aj spodn\u00fd tanierik. <strong>Toto je extr\u00e9mne d\u00f4le\u017eit\u00e9, inak nem\u00e1 voda kam odteka\u0165 a\u00a0p\u00f4da ako d\u00fdcha\u0165. <\/strong>Rastlinka v\u00e1m v\u00a0tom pomaly ale isto zahynie.<\/p><p><img class=\"lazy aligncenter wp-image-8839 size-full lazy-loaded\" title=\"Balk\u00f3n na zjedenie. V\u0161etko, \u010do potrebujete vedie\u0165 o bylink\u00e1ch\" src=\"https:\/\/lucididit.com\/wp-content\/uploads\/2019\/03\/matt-montgomery-3790-unsplash.jpg?x54553\" sizes=\"(max-width: 3088px) 100vw, 3088px\" srcset=\"https:\/\/lucididit.com\/wp-content\/uploads\/2019\/03\/matt-montgomery-3790-unsplash.jpg 3088w, https:\/\/lucididit.com\/wp-content\/uploads\/2019\/03\/matt-montgomery-3790-unsplash-300x199.jpg 300w, https:\/\/lucididit.com\/wp-content\/uploads\/2019\/03\/matt-montgomery-3790-unsplash-768x509.jpg 768w, https:\/\/lucididit.com\/wp-content\/uploads\/2019\/03\/matt-montgomery-3790-unsplash-1024x679.jpg 1024w, https:\/\/lucididit.com\/wp-content\/uploads\/2019\/03\/matt-montgomery-3790-unsplash-1080x716.jpg 1080w\" alt=\"yH5BAEAAAAALAAAAAABAAEAAAIBRAA7 - Balk\u00f3n na zjedenie. V\u0161etko, \u010do potrebujete vedie\u0165 o bylink\u00e1ch\" width=\"3088\" height=\"2048\" data-lazy-type=\"image\" data-lazy-src=\"https:\/\/lucididit.com\/wp-content\/uploads\/2019\/03\/matt-montgomery-3790-unsplash.jpg?x54553\" data-lazy-srcset=\"https:\/\/lucididit.com\/wp-content\/uploads\/2019\/03\/matt-montgomery-3790-unsplash.jpg 3088w, https:\/\/lucididit.com\/wp-content\/uploads\/2019\/03\/matt-montgomery-3790-unsplash-300x199.jpg 300w, https:\/\/lucididit.com\/wp-content\/uploads\/2019\/03\/matt-montgomery-3790-unsplash-768x509.jpg 768w, https:\/\/lucididit.com\/wp-content\/uploads\/2019\/03\/matt-montgomery-3790-unsplash-1024x679.jpg 1024w, https:\/\/lucididit.com\/wp-content\/uploads\/2019\/03\/matt-montgomery-3790-unsplash-1080x716.jpg 1080w\" data-lazy-sizes=\"(max-width: 3088px) 100vw, 3088px\" \/><\/p><p>Opatrne ju vyberte z\u00a0plastov\u00e9ho \u00falo\u017eiska, v\u00a0ktorom ste ju k\u00fapili. Dajte pozor, aby ste nepo\u0161kodili korene. Spodok kvetin\u00e1\u010da, do ktor\u00e9ho bylinka poputuje, <strong>vyste\u013ete dren\u00e1\u017eou vrstvou<\/strong> (hlinen\u00e9 \u010drepy, polystyr\u00e9n, kamienky). Potom nasypte substr\u00e1t, vlo\u017ete rastlinku s\u00a0korienkami a\u00a0zasypte dostatkom p\u00f4dy. Do substr\u00e1tu m\u00f4\u017eete prida\u0165 tro\u0161ku piesku. P\u00f4da sa t\u00fdm prevzdu\u0161n\u00ed, to urob\u00ed bylink\u00e1m dobre. Substr\u00e1t zvrchu jemne pritla\u010dte, polejte a\u00a0hotovo.<\/p><ul><li>Ak t\u00fa\u017eite po zmie\u0161an\u00fdch v\u00fdsadb\u00e1ch, tak do jednej n\u00e1doby dajte bylinky, ktor\u00e9 vy\u017eaduj\u00fa pribli\u017ene rovnak\u00e9 podmienky. M\u00e4ta sa ve\u013emi r\u00fdchlo rozrast\u00e1, preto nie je vhodn\u00e1 do zmie\u0161an\u00fdch v\u00fdsadieb.<\/li><\/ul><p>\u00a0<\/p><p>\u00a0<\/p><p><strong>Poloha<\/strong><\/p><p><strong>Teraz jej n\u00e1jdite spr\u00e1vne miesto, kde bude ma\u0165 vhodn\u00e9 podmienky na rast.<\/strong> Bylinky m\u00e1m doma situovan\u00e9 pod\u013ea orient\u00e1cie svetov\u00fdch str\u00e1n a mno\u017estva slne\u010dn\u00e9ho \u017eiarenia. Toto m\u00e1 na rastlinky z\u00e1sadn\u00fd vplyv. Pres\u00favala som ich dovtedy, k\u00fdm som pri\u0161la na to, ak\u00e9 prostredie im vyhovuje najviac. Rozmar\u00edn, pomaran\u010dovn\u00edk a levandu\u013ea znes\u00fa sucho a ve\u013ea slnka. Preto som ich umiestnila na otvoren\u00fa terasu, ktor\u00e1 je osvetlen\u00e1 prakticky od r\u00e1na a\u017e do ve\u010dera a v hor\u00facich letn\u00fdch d\u0148och sa tam teplota vy\u0161plh\u00e1 aj na 40 stup\u0148ov.<\/p><p>\u00a0<\/p><p>V\u0161etky ostatn\u00e9 bylinky toto sucho a teplo nezvl\u00e1dali, preto som ich umiestnila na otvoren\u00fd balk\u00f3n situovan\u00fd na sever. Tu sa im dost\u00e1va dostatok svetla a\u017e niekedy od obeda, nesvieti na ne v\u0161ak priamo, tak\u017ee s\u00fa chr\u00e1nen\u00e9 pred l\u00fa\u010dmi a vyschnut\u00edm. Z mnoh\u00fdch str\u00e1n som po\u010dula, \u017ee bylink\u00e1m sa najviac dar\u00ed na miestach situovan\u00fdch na juh a miesta situovan\u00e9 na sever pre ne nie s\u00fa vyhovuj\u00face. Ja viem potvrdi\u0165 presn\u00fd opak. Moje bylinky sa tam c\u00edtia dobre a rast\u00fa ako z vody.<\/p><p><img class=\"lazy aligncenter wp-image-8849 size-full lazy-loaded\" title=\"Balk\u00f3n na zjedenie. V\u0161etko, \u010do potrebujete vedie\u0165 o bylink\u00e1ch\" src=\"https:\/\/lucididit.com\/wp-content\/uploads\/2019\/03\/basil-791781_1920.jpg?x54553\" sizes=\"(max-width: 1920px) 100vw, 1920px\" srcset=\"https:\/\/lucididit.com\/wp-content\/uploads\/2019\/03\/basil-791781_1920.jpg 1920w, https:\/\/lucididit.com\/wp-content\/uploads\/2019\/03\/basil-791781_1920-300x200.jpg 300w, https:\/\/lucididit.com\/wp-content\/uploads\/2019\/03\/basil-791781_1920-768x512.jpg 768w, https:\/\/lucididit.com\/wp-content\/uploads\/2019\/03\/basil-791781_1920-1024x683.jpg 1024w, https:\/\/lucididit.com\/wp-content\/uploads\/2019\/03\/basil-791781_1920-1080x720.jpg 1080w\" alt=\"yH5BAEAAAAALAAAAAABAAEAAAIBRAA7 - Balk\u00f3n na zjedenie. V\u0161etko, \u010do potrebujete vedie\u0165 o bylink\u00e1ch\" width=\"1920\" height=\"1280\" data-lazy-type=\"image\" data-lazy-src=\"https:\/\/lucididit.com\/wp-content\/uploads\/2019\/03\/basil-791781_1920.jpg?x54553\" data-lazy-srcset=\"https:\/\/lucididit.com\/wp-content\/uploads\/2019\/03\/basil-791781_1920.jpg 1920w, https:\/\/lucididit.com\/wp-content\/uploads\/2019\/03\/basil-791781_1920-300x200.jpg 300w, https:\/\/lucididit.com\/wp-content\/uploads\/2019\/03\/basil-791781_1920-768x512.jpg 768w, https:\/\/lucididit.com\/wp-content\/uploads\/2019\/03\/basil-791781_1920-1024x683.jpg 1024w, https:\/\/lucididit.com\/wp-content\/uploads\/2019\/03\/basil-791781_1920-1080x720.jpg 1080w\" data-lazy-sizes=\"(max-width: 1920px) 100vw, 1920px\" \/><\/p><p>\u00a0<\/p><p>\u00a0<\/p><p><strong>Zavla<\/strong><strong>\u017e<\/strong><strong>ovanie<\/strong><\/p><p>Zalievanie je pre bylinky esenci\u00e1lne. Dbajte na to, aby ste ich nepolievali <strong>ani m\u00e1lo ani prive\u013ea. <\/strong>Niektor\u00e9 potrebuj\u00fa vodu denne, in\u00e9 obde\u0148, ale v\u0161etky pravidelne. Sk\u00faste si v\u017edy palcom odsk\u00fa\u0161a\u0165 vlhkos\u0165 p\u00f4dy. Ak je e\u0161te vlhk\u00e1, po\u010dkajte. Alebo sa pozrite na spodn\u00e9 tanieriky. Ak v nich stoj\u00ed voda, je jasn\u00e9, \u017ee ich polieva\u0165 nebudete. V\u0161\u00edmajte si aj listy rastl\u00edn. Ak s\u00fa zv\u00e4dnut\u00e9 a m\u00e4kk\u00e9, s\u00fa pravdepodobne sm\u00e4dn\u00e9. V lete, za predpokladu, \u017ee hovor\u00edme o hor\u00facich letn\u00fdch d\u0148och, rastlinky polievam r\u00e1no aj ve\u010der. Inak len r\u00e1no (ak ich zavla\u017eujete ve\u010der, m\u00f4\u017ee za\u010da\u0165 p\u00f4da plesnivie\u0165). <strong>Nikdy nepolievajte uprostred d\u0148a! <\/strong><\/p><p><strong>Taktie\u017e pri zavla\u017eovan\u00ed dbajte na to, aby ste neliali vodu priamo \u00a0na listy, inak sa na slnku \u013eah\u0161ie sp\u00e1lia.<\/strong> Zavla\u017eujte len substr\u00e1t zvn\u00fatra, nie povrch bylinky. Ak by ste zvlh\u010dili aj listy a tie by nestihli preschn\u00fa\u0165, k\u00fdm za\u010dne pra\u017ei\u0165 slnko, napr\u00edklad na bazalke alebo druhoch s v\u00e4\u010d\u0161\u00edmi listami, by vodn\u00e9 kvapky p\u00f4sobili ako lupa a listy by sa mohli vplyvom slne\u010dn\u00fdch l\u00fa\u010dov sp\u00e1li\u0165. Ve\u013emi dobre sa bylink\u00e1m dar\u00ed napr\u00edklad vo zv\u00fd\u0161en\u00fdch z\u00e1honoch.<\/p><p>\u00a0<\/p><p>\u00a0<\/p><p><strong>Zastrih\u00e1vanie<\/strong><\/p><p>Bylinky by ste mali pravidelne zastrih\u00e1va\u0165, aby r\u00e1stli. Ak tak neurob\u00edte, zakvitn\u00fa a\u00a0zdrevenia v\u00e1m.<\/p><ul><li>Dobre, z\u00e1klady pestovania by sme u\u017e mali. To by nebolo ono, keby ka\u017ed\u00e1 rastlinka nemala svoje \u0161pecifik\u00e1. Pozrime sa na jednotliv\u00e9 bylinky do detajlov a povedzme si ako ich pestova\u0165, spracova\u0165 a vyu\u017ei\u0165:<\/li><\/ul><p>\u00a0<\/p><p><img class=\"lazy aligncenter wp-image-8847 size-full lazy-loaded\" title=\"Balk\u00f3n na zjedenie. V\u0161etko, \u010do potrebujete vedie\u0165 o bylink\u00e1ch\" src=\"https:\/\/lucididit.com\/wp-content\/uploads\/2019\/03\/nadine-primeau-1117873-unsplash-e1552083360670.jpg?x54553\" sizes=\"(max-width: 5920px) 100vw, 5920px\" srcset=\"https:\/\/lucididit.com\/wp-content\/uploads\/2019\/03\/nadine-primeau-1117873-unsplash-e1552083360670.jpg 5920w, https:\/\/lucididit.com\/wp-content\/uploads\/2019\/03\/nadine-primeau-1117873-unsplash-e1552083360670-300x197.jpg 300w, https:\/\/lucididit.com\/wp-content\/uploads\/2019\/03\/nadine-primeau-1117873-unsplash-e1552083360670-768x505.jpg 768w, https:\/\/lucididit.com\/wp-content\/uploads\/2019\/03\/nadine-primeau-1117873-unsplash-e1552083360670-1024x674.jpg 1024w, https:\/\/lucididit.com\/wp-content\/uploads\/2019\/03\/nadine-primeau-1117873-unsplash-e1552083360670-1080x711.jpg 1080w\" alt=\"yH5BAEAAAAALAAAAAABAAEAAAIBRAA7 - Balk\u00f3n na zjedenie. V\u0161etko, \u010do potrebujete vedie\u0165 o bylink\u00e1ch\" width=\"5920\" height=\"3896\" data-lazy-type=\"image\" data-lazy-src=\"https:\/\/lucididit.com\/wp-content\/uploads\/2019\/03\/nadine-primeau-1117873-unsplash-e1552083360670.jpg?x54553\" data-lazy-srcset=\"https:\/\/lucididit.com\/wp-content\/uploads\/2019\/03\/nadine-primeau-1117873-unsplash-e1552083360670.jpg 5920w, https:\/\/lucididit.com\/wp-content\/uploads\/2019\/03\/nadine-primeau-1117873-unsplash-e1552083360670-300x197.jpg 300w, https:\/\/lucididit.com\/wp-content\/uploads\/2019\/03\/nadine-primeau-1117873-unsplash-e1552083360670-768x505.jpg 768w, https:\/\/lucididit.com\/wp-content\/uploads\/2019\/03\/nadine-primeau-1117873-unsplash-e1552083360670-1024x674.jpg 1024w, https:\/\/lucididit.com\/wp-content\/uploads\/2019\/03\/nadine-primeau-1117873-unsplash-e1552083360670-1080x711.jpg 1080w\" data-lazy-sizes=\"(max-width: 5920px) 100vw, 5920px\" \/><\/p><p>\u00a0<\/p><hr \/><p>\u00a0<\/p><p><strong><em>M\u00e4ta <\/em><\/strong><\/p><blockquote><p><strong><em><u>Pestovanie:<\/u><\/em><\/strong><\/p><p>Nem\u00e1 rada priame slne\u010dn\u00e9 svetlo, vyberte jej preto tienist\u00e9 miesto. Zalievajte ju \u010dasto, najm\u00e4 ke\u010f je hor\u00faco a sucho. M\u00e4ta je ako burina, rastie r\u00fdchlo a bez \u0161peci\u00e1lnej starostlivosti. Potrebuje v3ak dostatok priestoru. Pestujte ju rad\u0161ej vonku na vyv\u00fd\u0161enom priestore, aby nedusila in\u00e9 rastliny v okol\u00ed.<\/p><p><strong><em><u>\u00da\u010dinky:<\/u><\/em><\/strong><\/p><p>M\u00e4ta je bohat\u00fdm zdrojom vitam\u00ednu A, dve polievkov\u00e9 ly\u017eice poskytuj\u00fa viac ne\u017e polovicu odpor\u00fa\u010dan\u00e9ho denn\u00e9ho pr\u00edjmu. Okrem toho je dobr\u00e1 pre dych, tr\u00e1venie, pom\u00e1ha pri nevo\u013enosti, bolesti hlavy, poruch\u00e1ch d\u00fdchania, astme, akn\u00e9 a probl\u00e9moch s dutinami. Esenci\u00e1lne oleje v m\u00e4te piepornej maj\u00fa pozit\u00edvny vplyv na \u0161portov\u00fd v\u00fdkon, dychov\u00fa frekvenciu a krvn\u00fd tlak<\/p><p><strong><em><u>Vyu<\/u><\/em><em><u>\u017e<\/u><\/em><em><u>itie:<\/u><\/em><\/strong><\/p><p>M\u00e4tov\u00e9 l\u00edstky s\u00fa najaromatickej\u0161ie, no m\u00f4\u017eete ich aj su\u0161i\u0165 (do \u010daju) alebo mrazi\u0165.<\/p><\/blockquote><p><img class=\"lazy aligncenter wp-image-9019 size-full lazy-loaded\" title=\"Balk\u00f3n na zjedenie. V\u0161etko, \u010do potrebujete vedie\u0165 o bylink\u00e1ch\" src=\"https:\/\/lucididit.com\/wp-content\/uploads\/2019\/03\/2468083482518408597_resized_20190318_030127731-e1552928943995.jpg?x54553\" alt=\"yH5BAEAAAAALAAAAAABAAEAAAIBRAA7 - Balk\u00f3n na zjedenie. V\u0161etko, \u010do potrebujete vedie\u0165 o bylink\u00e1ch\" width=\"2880\" height=\"2156\" data-lazy-type=\"image\" data-lazy-src=\"https:\/\/lucididit.com\/wp-content\/uploads\/2019\/03\/2468083482518408597_resized_20190318_030127731-e1552928943995.jpg?x54553\" \/><\/p><p>\u00a0<\/p><p><strong><em>Bazalka<\/em><\/strong><\/p><blockquote><p><strong><em><u>Pestovanie:<\/u><\/em><\/strong><\/p><p>Bazalka je kapitola sama o\u00a0sebe. V\u0161etci zn\u00e1mi sa mi s\u0165a\u017euj\u00fa, \u017ee sa im ju nedar\u00ed dopestova\u0165. Bazalka nem\u00e1 rada priame svetlo, no ako teplomiln\u00e1 rastlina potrebuje teplo a\u00a0 dobr\u00fa z\u00e1vlahu. Je pomerne n\u00e1ro\u010dn\u00e1 na \u00fadr\u017ebu, ak ju v\u0161ak presad\u00edte do dostato\u010dne ve\u013ek\u00e9ho kvetin\u00e1\u010da, \u00a0doprajete jej pravideln\u00fd pr\u00edsun vody a\u00a0z\u00e1strih, bude odoln\u00e1 a ko\u0161atie\u0165 jedna rados\u0165. Vo\u0148av\u00e9 l\u00edstky zbierame e\u0161te pred prv\u00fdm kvitnut\u00edm \u2013 vtedy obsahuj\u00fa najviac sil\u00edc. Aby sme kvitnutie oddialili (vtedy toti\u017e bylinka za\u010d\u00edna drevenie\u0165), v\u010das za\u0161tipneme vrcholce rastl\u00edn. (pozor! \u2013 strih\u00e1me v\u017edy tesne pred rozvetven\u00edm tzv. spojom, nikdy nie po \u0148om)<\/p><p><strong><em><u>\u00da\u010dinky:<\/u><\/em><\/strong><\/p><p>Bazalka je zn\u00e1ma schopnos\u0165ou upokoji\u0165 nervy, je tie\u017e dobr\u00fdm zdrojom vl\u00e1kniny a m\u00e1 detoxika\u010dn\u00e9 \u00fa\u010dinky na pe\u010de\u0148. Po prefl\u00e1movanej noci ju teda ur\u010dite za\u010dle\u0148te do ra\u0148ajok. Bazalka v\u00e1m ur\u010dite pom\u00f4\u017ee aj svojimi protiz\u00e1palov\u00fdmi \u00fa\u010dinkami.<\/p><p><strong><em><u>Vyu<\/u><\/em><em><u>\u017e<\/u><\/em><em><u>itie:<\/u><\/em><\/strong><\/p><p>Listy bazalky sa pou\u017e\u00edvaj\u00fa \u010derstv\u00e9, su\u0161en\u00e9 i\u00a0mrazen\u00e9. Najaromatickej\u0161ie s\u00fa samozrejme tie \u010derstvo natrhan\u00e9 z va\u0161ej vlastnej z\u00e1hradky.<\/p><\/blockquote><p><em> <img class=\"lazy aligncenter wp-image-8845 size-full lazy-loaded\" title=\"Balk\u00f3n na zjedenie. V\u0161etko, \u010do potrebujete vedie\u0165 o bylink\u00e1ch\" src=\"https:\/\/lucididit.com\/wp-content\/uploads\/2019\/03\/walter-gaspar-1146095-unsplash.jpg?x54553\" sizes=\"(max-width: 5184px) 100vw, 5184px\" srcset=\"https:\/\/lucididit.com\/wp-content\/uploads\/2019\/03\/walter-gaspar-1146095-unsplash.jpg 5184w, https:\/\/lucididit.com\/wp-content\/uploads\/2019\/03\/walter-gaspar-1146095-unsplash-300x200.jpg 300w, https:\/\/lucididit.com\/wp-content\/uploads\/2019\/03\/walter-gaspar-1146095-unsplash-768x512.jpg 768w, https:\/\/lucididit.com\/wp-content\/uploads\/2019\/03\/walter-gaspar-1146095-unsplash-1024x683.jpg 1024w, https:\/\/lucididit.com\/wp-content\/uploads\/2019\/03\/walter-gaspar-1146095-unsplash-1080x720.jpg 1080w\" alt=\"yH5BAEAAAAALAAAAAABAAEAAAIBRAA7 - Balk\u00f3n na zjedenie. V\u0161etko, \u010do potrebujete vedie\u0165 o bylink\u00e1ch\" width=\"5184\" height=\"3456\" data-lazy-type=\"image\" data-lazy-src=\"https:\/\/lucididit.com\/wp-content\/uploads\/2019\/03\/walter-gaspar-1146095-unsplash.jpg?x54553\" data-lazy-srcset=\"https:\/\/lucididit.com\/wp-content\/uploads\/2019\/03\/walter-gaspar-1146095-unsplash.jpg 5184w, https:\/\/lucididit.com\/wp-content\/uploads\/2019\/03\/walter-gaspar-1146095-unsplash-300x200.jpg 300w, https:\/\/lucididit.com\/wp-content\/uploads\/2019\/03\/walter-gaspar-1146095-unsplash-768x512.jpg 768w, https:\/\/lucididit.com\/wp-content\/uploads\/2019\/03\/walter-gaspar-1146095-unsplash-1024x683.jpg 1024w, https:\/\/lucididit.com\/wp-content\/uploads\/2019\/03\/walter-gaspar-1146095-unsplash-1080x720.jpg 1080w\" data-lazy-sizes=\"(max-width: 5184px) 100vw, 5184px\" \/><\/em><\/p><p>\u00a0<\/p><p><strong><em>Medovka<\/em><\/strong><\/p><blockquote><p><strong><em><u>Pestovanie:<\/u><\/em><\/strong><\/p><p><em>Dajte ju do priestrann\u00e9ho kvetin\u00e1\u010da, preto\u017ee sa rada rozrast\u00e1 a nedar\u00ed sa jej v suchu. N\u00e1jdite jej slne\u010dn\u00e9 miesto, nerob\u00ed jej v\u0161ak probl\u00e9m ani tie\u0148.<\/em><\/p><p><strong><em><u>\u00da\u010dinky:<\/u><\/em><\/strong><\/p><p><em>Medovka je pre jej blahod\u00e1rne \u00fa<\/em><em>\u010d<\/em><em>inky s\u00fa<\/em><em>\u010d<\/em><em>as<\/em><em>\u0165<\/em><em>ou mnoh\u00fdch bylinn\u00fdch <\/em><em>\u010d<\/em><em>ajov. Upokojuje myse<\/em><em>\u013e<\/em><em>, usp\u00e1va, chr\u00e1ni mozgov\u00e9 bunky, udr<\/em><em>\u017e<\/em><em>iava hladinu cukru v\u00a0krvi na stabilnej \u00farovni a podporuje funkciu pe<\/em><em>\u010d<\/em><em>ene. Vyu<\/em><em>\u017e<\/em><em>itie m\u00e1 aj v\u00a0kozmetike, preto\u017ee m\u00e1 schopnosti roz\u017eiari\u0165 ple\u0165 a bojova\u0165 s drobn\u00fdmi vr\u00e1skami.<\/em><\/p><p><strong><em><u>Vyu<\/u><\/em><em><u>\u017e<\/u><\/em><em><u>itie:<\/u><\/em><\/strong><\/p><p><em>Rovnako ako m\u00e4ta, aj medovka sa pou<\/em><em>\u017e<\/em><em>\u00edva najm\u00e4 v\u00a0su<\/em><em>\u0161<\/em><em>enom stave (do <\/em><em>\u010d<\/em><em>aju), ale <\/em><em>\u010d<\/em><em>erstv\u00e1 chut\u00ed e<\/em><em>\u0161<\/em><em>te lep<\/em><em>\u0161<\/em><em>ie.<\/em><\/p><\/blockquote><p><em>\u00a0<\/em><\/p><p>\u00a0<\/p><p><strong><em>Pa<\/em><\/strong><strong><em>\u017e<\/em><\/strong><strong><em>\u00edtka<\/em><\/strong><\/p><blockquote><p><strong><em><u>Pestovanie:<\/u><\/em><\/strong><\/p><p><em>Miluje vlahu, nebojte sa ju preto zalieva\u0165 o nie\u010do viac ne\u017e ostatn\u00e9 bylinky. Pravidelne ju strihajte a\u00a0such\u00e9 <\/em><em>\u010d<\/em><em>asti odstr\u00e1<\/em><em>\u0148<\/em><em>te. <\/em><em>Pa\u017e\u00edtku nere\u017ete bl\u00edzko pri zemi, preto\u017ee by vyschla. Ak nech\u00e1te p\u00e1r centimetrov v\u0148ate, bude ma\u0165 silu op\u00e4\u0165 dor\u00e1s\u0165. Pokia\u013e nebudete pa\u017e\u00edtku pravidelne zastrihova\u0165, vykvitne.<\/em><\/p><p><strong><em><u>\u00da\u010dinky :<\/u><\/em><\/strong><\/p><p><em>O\u00a0pa<\/em><em>\u017e<\/em><em>\u00edtke sa hovor\u00ed, <\/em><em>\u017e<\/em><em>e je mal\u00fd z\u00e1zrak pr\u00edrody. Je \u00fa<\/em><em>\u010d<\/em><em>inn\u00e1 proti parazitom, zni<\/em><em>\u017e<\/em><em>uje krvn\u00fd tlak, chr\u00e1ni pred rakovinou <\/em><em>\u010d<\/em><em>reva, p<\/em><em>\u013e<\/em><em>\u00fac, m\u00e1 dezinfek<\/em><em>\u010d<\/em><em>n\u00e9 \u00fa<\/em><em>\u010d<\/em><em>inky, zni<\/em><em>\u017e<\/em><em>uje\u00a0 produkciu cholesterolu, odstra<\/em><em>\u0148<\/em><em>uje zrazeniny v\u00a0cievach, zohr\u00e1va \u00falohu pre zdravie kost\u00ed a\u00a0tak <\/em><em>\u010f<\/em><em>alej a\u00a0tak <\/em><em>\u010f<\/em><em>alej\u2026<\/em><\/p><p><strong><em><u>Vyu<\/u><\/em><em><u>\u017e<\/u><\/em><em><u>itie:<\/u><\/em><\/strong><\/p><p><em>Pa<\/em><em>\u017e<\/em><em>\u00edtku u<\/em><em>\u017e<\/em><em>\u00edvame v\u00a0princ\u00edpe vo v<\/em><em>\u0161e<\/em><em>tk\u00fdch troch form\u00e1ch \u2013 <\/em><em>\u010d<\/em><em>erstv\u00e9, su<\/em><em>\u0161<\/em><em>en\u00e9 i\u00a0mrazen\u00e9 <\/em><\/p><\/blockquote><p><em> <img class=\"lazy aligncenter wp-image-4973 lazy-loaded\" title=\"Balk\u00f3n na zjedenie. V\u0161etko, \u010do potrebujete vedie\u0165 o bylink\u00e1ch\" src=\"https:\/\/lucididit.com\/wp-content\/uploads\/2018\/05\/1.jpg?x54553\" sizes=\"(max-width: 1350px) 100vw, 1350px\" srcset=\"https:\/\/lucididit.com\/wp-content\/uploads\/2018\/05\/1.jpg 1280w, https:\/\/lucididit.com\/wp-content\/uploads\/2018\/05\/1-300x225.jpg 300w, https:\/\/lucididit.com\/wp-content\/uploads\/2018\/05\/1-768x576.jpg 768w, https:\/\/lucididit.com\/wp-content\/uploads\/2018\/05\/1-1024x768.jpg 1024w, https:\/\/lucididit.com\/wp-content\/uploads\/2018\/05\/1-510x382.jpg 510w, https:\/\/lucididit.com\/wp-content\/uploads\/2018\/05\/1-1080x810.jpg 1080w\" alt=\"yH5BAEAAAAALAAAAAABAAEAAAIBRAA7 - Balk\u00f3n na zjedenie. V\u0161etko, \u010do potrebujete vedie\u0165 o bylink\u00e1ch\" width=\"1350\" height=\"1013\" data-lazy-type=\"image\" data-lazy-src=\"https:\/\/lucididit.com\/wp-content\/uploads\/2018\/05\/1.jpg?x54553\" data-lazy-srcset=\"https:\/\/lucididit.com\/wp-content\/uploads\/2018\/05\/1.jpg 1280w, https:\/\/lucididit.com\/wp-content\/uploads\/2018\/05\/1-300x225.jpg 300w, https:\/\/lucididit.com\/wp-content\/uploads\/2018\/05\/1-768x576.jpg 768w, https:\/\/lucididit.com\/wp-content\/uploads\/2018\/05\/1-1024x768.jpg 1024w, https:\/\/lucididit.com\/wp-content\/uploads\/2018\/05\/1-510x382.jpg 510w, https:\/\/lucididit.com\/wp-content\/uploads\/2018\/05\/1-1080x810.jpg 1080w\" data-lazy-sizes=\"(max-width: 1350px) 100vw, 1350px\" \/><\/em><\/p><p>\u00a0<\/p><p><strong><em>Petr<\/em><\/strong><strong><em>\u017e<\/em><\/strong><strong><em>len<\/em><\/strong><\/p><blockquote><p><strong><em><u>Pestovanie:<\/u><\/em><\/strong><\/p><p><em>Petr\u017elen nem\u00e1 r\u00e1d prudk\u00e9 slnko. Ke<\/em><em>\u010f<\/em><em> l\u00edstky <\/em><em>\u017e<\/em><em>ltn\u00fa, m\u00e1 ho prive<\/em><em>\u013ea, ke\u010f v\u00e4dn\u00fa, treba ich polia\u0165. <\/em><em>Pravideln\u00e9 zavla<\/em><em>\u017e<\/em><em>ovanie je nevyhnutn\u00e9. Petr<\/em><em>\u017e<\/em><em>len s\u00edce rastie pomaly, zato je v<\/em><em>\u0161<\/em><em>ak dos<\/em><em>\u0165<\/em><em> odoln\u00fd. <\/em><em>Napr\u00edklad proti chladu a poklesom tepl\u00f4t, preto m\u00f4\u017ee aj bez po\u0161kodenia prezimova\u0165. V\u00a0zime mi na balk\u00f3ne r\u00e1stol aj pod pokrievkou snehu.<\/em><\/p><p><strong><em><u>\u00da\u010dinky:<\/u><\/em><\/strong><\/p><p><em>Obsahuje vitam\u00edny A a C, a len jedna polievkov\u00e1 ly\u017eica pon\u00faka viac ne\u017e polovicu odpor\u00fa\u010dan\u00e9ho denn\u00e9ho pr\u00edjmu vitam\u00ednu K, \u017eiviny, ktor\u00e1 je nevyhnutn\u00e1 pre krvotvorbu.<\/em><\/p><p><strong><em><u>Vyu<\/u><\/em><em><u>\u017e<\/u><\/em><em><u>itie:<\/u><\/em><\/strong><\/p><p><em>Petr\u017elen u\u017e\u00edvame v princ\u00edpe vo v\u0161etk\u00fdch troch form\u00e1ch \u2013 \u010derstv\u00fd, su\u0161en\u00fd i mrazen\u00fd<\/em><\/p><\/blockquote><p><strong><em> <img class=\"lazy aligncenter wp-image-8841 size-full lazy-loaded\" title=\"Balk\u00f3n na zjedenie. V\u0161etko, \u010do potrebujete vedie\u0165 o bylink\u00e1ch\" src=\"https:\/\/lucididit.com\/wp-content\/uploads\/2019\/03\/pintando-la-luz-664435-unsplash.jpg?x54553\" sizes=\"(max-width: 5348px) 100vw, 5348px\" srcset=\"https:\/\/lucididit.com\/wp-content\/uploads\/2019\/03\/pintando-la-luz-664435-unsplash.jpg 5348w, https:\/\/lucididit.com\/wp-content\/uploads\/2019\/03\/pintando-la-luz-664435-unsplash-300x200.jpg 300w, https:\/\/lucididit.com\/wp-content\/uploads\/2019\/03\/pintando-la-luz-664435-unsplash-768x512.jpg 768w, https:\/\/lucididit.com\/wp-content\/uploads\/2019\/03\/pintando-la-luz-664435-unsplash-1024x683.jpg 1024w, https:\/\/lucididit.com\/wp-content\/uploads\/2019\/03\/pintando-la-luz-664435-unsplash-1080x720.jpg 1080w\" alt=\"yH5BAEAAAAALAAAAAABAAEAAAIBRAA7 - Balk\u00f3n na zjedenie. V\u0161etko, \u010do potrebujete vedie\u0165 o bylink\u00e1ch\" width=\"5348\" height=\"3565\" data-lazy-type=\"image\" data-lazy-src=\"https:\/\/lucididit.com\/wp-content\/uploads\/2019\/03\/pintando-la-luz-664435-unsplash.jpg?x54553\" data-lazy-srcset=\"https:\/\/lucididit.com\/wp-content\/uploads\/2019\/03\/pintando-la-luz-664435-unsplash.jpg 5348w, https:\/\/lucididit.com\/wp-content\/uploads\/2019\/03\/pintando-la-luz-664435-unsplash-300x200.jpg 300w, https:\/\/lucididit.com\/wp-content\/uploads\/2019\/03\/pintando-la-luz-664435-unsplash-768x512.jpg 768w, https:\/\/lucididit.com\/wp-content\/uploads\/2019\/03\/pintando-la-luz-664435-unsplash-1024x683.jpg 1024w, https:\/\/lucididit.com\/wp-content\/uploads\/2019\/03\/pintando-la-luz-664435-unsplash-1080x720.jpg 1080w\" data-lazy-sizes=\"(max-width: 5348px) 100vw, 5348px\" \/><\/em><\/strong><\/p><p>\u00a0<\/p><p><strong><em>Koriander<\/em><\/strong><\/p><blockquote><p><strong><em><u>Pestovanie:<\/u><\/em><\/strong><\/p><p><em>Koriander nem\u00e1 r\u00e1d prudk\u00e9 slnko, a \u010do sa t\u00fdka pestovania, je trochu podobn\u00fd petr\u017elenu. Vzh\u013eadom k hlbok\u00fdm kore\u0148om potrebuje hlbok\u00fa p\u00f4du.<\/em><\/p><p><strong><em><u>\u00da\u010dinky:<\/u><\/em><\/strong><\/p><p><em>Hlavn\u00fdmi zlo\u017ekami koriandra s\u00fa najm\u00e4 silice, vitam\u00edn C, sacharidy a miner\u00e1ly. Podporuje chu\u0165 do jedla, zlep\u0161uje tr\u00e1venie, m\u00e1 protik\u0155\u010dov\u00e9 \u00fa\u010dinky, br\u00e1ni nafukovaniu, pou\u017e\u00edva sa pri chr\u00edpke a hna\u010dk\u00e1ch. Pova\u017euje sa za \u017eensk\u00e9 afrodiziakum. <\/em><em>Koriander dod\u00e1va telu vl\u00e1kninu a \u017eelezo a pom\u00e1ha dosta\u0165 \u0165a\u017ek\u00e9 kovy z tela. Koriander sa via\u017ee na ortu\u0165, olovo a in\u00e9 toxick\u00e9 \u0165a\u017ek\u00e9 kovy a \u010derp\u00e1 ich z va\u0161ich tkan\u00edv.<\/em><\/p><p><strong><em><u>Vyu<\/u><\/em><em><u>\u017e<\/u><\/em><em><u>itie:<\/u><\/em><\/strong><\/p><p><em>Listy sa nesu\u0161ia, pou\u017e\u00edvaj\u00fa sa len \u010derstv\u00e9, pr\u00edpadne mrazen\u00e9.<\/em><\/p><\/blockquote><p><strong><em>\u00a0<\/em><\/strong><\/p><p><strong><em>Tymi\u00e1n<\/em><\/strong><\/p><blockquote><p><strong><em><u>Pestovanie:<\/u><\/em><\/strong><\/p><p><em>Tymi\u00e1n je vhodn\u00fd pre vn\u00fatorn\u00e9 i vonkaj\u0161ie pestovanie, preto\u017ee si zachov\u00e1va mal\u00fa ve\u013ekos\u0165. Len sa uistite, \u017ee m\u00e1 pr\u00edstup k dostatku slne\u010dn\u00e9ho svetla. Nie je n\u00e1ro\u010dn\u00fd na \u017eiviny, neprihnojujte ho, preto\u017ee sa m\u00f4\u017ee oslabi\u0165 jeho chu\u0165 a v\u00f4\u0148a.<\/em><\/p><p><strong><em><u>\u00da\u010dinky :<\/u><\/em><\/strong><\/p><p><em>Tymi\u00e1n bol dlho pou\u017e\u00edvan\u00fd ako bylinn\u00fd liek na d\u00fdchacie probl\u00e9my, ako je bronchit\u00edda, a tie\u017e pre jeho antiseptick\u00e9 vlastnosti. \u010co je v\u0161ak e\u0161te lep\u0161ie, je prakticky bez kal\u00f3ri\u00ed a poskytuje vynikaj\u00facu podporu chut\u00ed do polievok, \u0161al\u00e1tov. Mo\u017eno v\u00e1m to zatia\u013e nenapadlo, ale sk\u00faste ho prida\u0165 aj do \u0161ampansk\u00e9ho. Objav\u00edte nov\u00e9 dimenzie jeho chute.<\/em><\/p><p><strong><em><u>Vyu<\/u><\/em><em><u>\u017e<\/u><\/em><em><u>itie:<\/u><\/em><\/strong><\/p><p><em>Tymi\u00e1n u\u017e\u00edvame v princ\u00edpe vo v\u0161etk\u00fdch troch form\u00e1ch \u2013 \u010derstv\u00fd, su\u0161en\u00fd i mrazen\u00fd<\/em><\/p><\/blockquote><p><strong><em> <img class=\"lazy aligncenter wp-image-4974 lazy-loaded\" title=\"Balk\u00f3n na zjedenie. V\u0161etko, \u010do potrebujete vedie\u0165 o bylink\u00e1ch\" src=\"https:\/\/lucididit.com\/wp-content\/uploads\/2018\/05\/2.jpg?x54553\" sizes=\"(max-width: 1350px) 100vw, 1350px\" srcset=\"https:\/\/lucididit.com\/wp-content\/uploads\/2018\/05\/2.jpg 1280w, https:\/\/lucididit.com\/wp-content\/uploads\/2018\/05\/2-300x225.jpg 300w, https:\/\/lucididit.com\/wp-content\/uploads\/2018\/05\/2-768x576.jpg 768w, https:\/\/lucididit.com\/wp-content\/uploads\/2018\/05\/2-1024x768.jpg 1024w, https:\/\/lucididit.com\/wp-content\/uploads\/2018\/05\/2-510x382.jpg 510w, https:\/\/lucididit.com\/wp-content\/uploads\/2018\/05\/2-1080x810.jpg 1080w\" alt=\"yH5BAEAAAAALAAAAAABAAEAAAIBRAA7 - Balk\u00f3n na zjedenie. V\u0161etko, \u010do potrebujete vedie\u0165 o bylink\u00e1ch\" width=\"1350\" height=\"1013\" data-lazy-type=\"image\" data-lazy-src=\"https:\/\/lucididit.com\/wp-content\/uploads\/2018\/05\/2.jpg?x54553\" data-lazy-srcset=\"https:\/\/lucididit.com\/wp-content\/uploads\/2018\/05\/2.jpg 1280w, https:\/\/lucididit.com\/wp-content\/uploads\/2018\/05\/2-300x225.jpg 300w, https:\/\/lucididit.com\/wp-content\/uploads\/2018\/05\/2-768x576.jpg 768w, https:\/\/lucididit.com\/wp-content\/uploads\/2018\/05\/2-1024x768.jpg 1024w, https:\/\/lucididit.com\/wp-content\/uploads\/2018\/05\/2-510x382.jpg 510w, https:\/\/lucididit.com\/wp-content\/uploads\/2018\/05\/2-1080x810.jpg 1080w\" data-lazy-sizes=\"(max-width: 1350px) 100vw, 1350px\" \/><\/em><\/strong><\/p><p>\u00a0<\/p><p><strong><em>Rozmar\u00edn<\/em><\/strong><\/p><blockquote><p><strong><em><u>Pestovanie:<\/u><\/em><\/strong><\/p><p><em>Rozmar\u00edn je stredozemn\u00e1 bylinka, preto preferuje \u013eahk\u00fa priepustn\u00fa p\u00f4du, sucho a\u00a0ve<\/em><em>\u013e<\/em><em>a slnie<\/em><em>\u010d<\/em><em>ka. Je dobr\u00e9 ho pravidelne striha\u0165, inak zdrevnatie. Je relat\u00edvne nen\u00e1ro\u010dn\u00fd, nevy\u017eaduje hnojenie ani <\/em><em>\u010d<\/em><em>ast\u00e9 zavla<\/em><em>\u017e<\/em><em>ovanie.<\/em><\/p><p><strong><em><u>\u00da\u010dinky:<\/u><\/em><\/strong><\/p><p><em>Jeho v\u00f4\u0148a stimuluje mozgov\u00e9 a srdcov\u00e9 funkcie, zlep<\/em><em>\u0161<\/em><em>uje pam\u00e4<\/em><em>\u0165<\/em><em>, utlmuje stres, odh\u00e1\u0148a depresiu, rozp\u00fa\u0161\u0165a nervov\u00e9 nap\u00e4tie, tlm\u00ed bolesti hlavy a migr\u00e9nu. Zah\u00e1\u0148a \u00fanavu, zlep\u0161uje tr\u00e1venie a s\u00fa\u010dasne chr\u00e1ni oble\u010denie v skrini proti hmyzu. <\/em><\/p><p><strong><em><u>Vyu<\/u><\/em><em><u>\u017e<\/u><\/em><em><u>itie:<\/u><\/em><\/strong><\/p><p><em>Na kulin\u00e1rske \u00fa\u010dely pou\u017e\u00edvame \u010derstv\u00e9 alebo drven\u00e9 su\u0161en\u00e9 listy a kvety. Rozmar\u00edn nemraz\u00edme. Pre jeho v\u00fdrazn\u00fa ar\u00f3mu ho pou\u017e\u00edvame v men\u0161\u00edch d\u00e1vkach a len kr\u00e1tko pred tepeln\u00fdm dokon\u010den\u00edm jed\u00e1l, aby vonn\u00e9 silice nevyprchali<\/em><\/p><\/blockquote><p><img class=\"lazy aligncenter wp-image-8851 size-full lazy-loaded\" title=\"Balk\u00f3n na zjedenie. V\u0161etko, \u010do potrebujete vedie\u0165 o bylink\u00e1ch\" src=\"https:\/\/lucididit.com\/wp-content\/uploads\/2019\/03\/herbs-2523119_1920.jpg?x54553\" sizes=\"(max-width: 1920px) 100vw, 1920px\" srcset=\"https:\/\/lucididit.com\/wp-content\/uploads\/2019\/03\/herbs-2523119_1920.jpg 1920w, https:\/\/lucididit.com\/wp-content\/uploads\/2019\/03\/herbs-2523119_1920-300x200.jpg 300w, https:\/\/lucididit.com\/wp-content\/uploads\/2019\/03\/herbs-2523119_1920-768x512.jpg 768w, https:\/\/lucididit.com\/wp-content\/uploads\/2019\/03\/herbs-2523119_1920-1024x683.jpg 1024w, https:\/\/lucididit.com\/wp-content\/uploads\/2019\/03\/herbs-2523119_1920-1080x720.jpg 1080w\" alt=\"yH5BAEAAAAALAAAAAABAAEAAAIBRAA7 - Balk\u00f3n na zjedenie. V\u0161etko, \u010do potrebujete vedie\u0165 o bylink\u00e1ch\" width=\"1920\" height=\"1280\" data-lazy-type=\"image\" data-lazy-src=\"https:\/\/lucididit.com\/wp-content\/uploads\/2019\/03\/herbs-2523119_1920.jpg?x54553\" data-lazy-srcset=\"https:\/\/lucididit.com\/wp-content\/uploads\/2019\/03\/herbs-2523119_1920.jpg 1920w, https:\/\/lucididit.com\/wp-content\/uploads\/2019\/03\/herbs-2523119_1920-300x200.jpg 300w, https:\/\/lucididit.com\/wp-content\/uploads\/2019\/03\/herbs-2523119_1920-768x512.jpg 768w, https:\/\/lucididit.com\/wp-content\/uploads\/2019\/03\/herbs-2523119_1920-1024x683.jpg 1024w, https:\/\/lucididit.com\/wp-content\/uploads\/2019\/03\/herbs-2523119_1920-1080x720.jpg 1080w\" data-lazy-sizes=\"(max-width: 1920px) 100vw, 1920px\" \/><\/p><p>\u00a0<\/p><p><strong><em>\u0160alvia<\/em><\/strong><\/p><blockquote><p><strong><em><u>Pestovanie:<\/u><\/em><\/strong><\/p><p><em>\u0160alvia je trochu n\u00e1ro\u010dnej\u0161ia na starostlivos\u0165. <\/em><em>Nadzemn\u00fa \u010das\u0165 \u0161alvie treba zastrih\u00e1va\u0165, aby nezdrevnatela. Preferuje \u013eah\u0161iu p\u00f4du a sucho. Potrebuje dostatok slne\u010dn\u00e9ho svetla, dobr\u00fa p\u00f4du a polievanie ka\u017ed\u00fd druh\u00fd de\u0148. Odpor\u00fa\u010da sa ju jemne prihnojova\u0165. <\/em><\/p><p><em><u><strong>\u00da\u010dinky<\/strong> <\/u><\/em><\/p><p><em>Obsahuje l\u00e1tky obmedzuj\u00face potenie. M\u00e1 ve\u013emi siln\u00e9 protiz\u00e1palov\u00e9 a dezinfek\u010dn\u00e9 \u00fa\u010dinky, p\u00f4sob\u00ed proti hna\u010dk\u00e1m, zlep\u0161uje tr\u00e1venie, \u010dinnos\u0165 \u017el\u010dn\u00edka a pe\u010dene. Ve\u013emi \u00fa\u010dinne p\u00f4sob\u00ed ako kloktadlo pri z\u00e1paloch v \u00fastnej dutine, hrdle a pri ang\u00edne. Odstra\u0148uje z\u00e1pach z \u00fast a zni\u017euje hladinu cukru v krvi. Z\u00e1par zo \u0161alvie sa pou\u017e\u00edva na oplachovanie vlasov po umyt\u00ed proti ich \u0161ediveniu a lupin\u00e1m. T\u00e1to bylinka m\u00e1 antiseptick\u00e9 a antioxida\u010dn\u00e9 vlastnosti, ktor\u00e9 m\u00f4\u017eu pom\u00f4c\u0165 v boji proti pred\u010dasn\u00e9mu starnutiu, \u010do je vlastnos\u0165, kv\u00f4li ktorej ju vyu\u017e\u00edvaj\u00fa kozmetick\u00e9 v\u00fdrobky. Sl\u00fa\u017ei tie\u017e ako pr\u00edrodn\u00fd liek na \u00fazkos\u0165 a \u00fanavu, a podporuje my\u0161lienkov\u00e9 procesy a funkciu pam\u00e4te. <\/em><\/p><p><strong><em><u>Vyu<\/u><\/em><em><u>\u017e<\/u><\/em><em><u>itie:<\/u><\/em><\/strong><\/p><p><em>Listy sa vraj nesu\u0161ia, pou\u017e\u00edvaj\u00fa sa len \u010derstv\u00e9, pr\u00edpadne mrazen\u00e9, no ja ich veru i su<\/em><em>\u0161<\/em><em>\u00edm. <\/em><em>\u0160alvia m\u00e1 siln\u00fa korenist\u00fa v\u00f4\u0148u a horkast\u00fa chu\u0165, preto sa s \u0148ou mus\u00ed koreni\u0165 opatrnej\u0161ie. Naj\u010dastej\u0161ie sa pou\u017e\u00edvaj\u00fa \u010derstv\u00e9 listy. Pre v\u00fdrazn\u00fa chu\u0165 i v\u00f4\u0148u sta\u010d\u00ed pou\u017ei\u0165 pri korenen\u00ed jed\u00e1l na jednu porciu len jeden a\u017e dva l\u00edstky.<\/em><\/p><\/blockquote><p><img class=\"lazy aligncenter wp-image-4975 lazy-loaded\" title=\"Balk\u00f3n na zjedenie. V\u0161etko, \u010do potrebujete vedie\u0165 o bylink\u00e1ch\" src=\"https:\/\/lucididit.com\/wp-content\/uploads\/2018\/05\/3.jpg?x54553\" sizes=\"(max-width: 1350px) 100vw, 1350px\" srcset=\"https:\/\/lucididit.com\/wp-content\/uploads\/2018\/05\/3.jpg 1280w, https:\/\/lucididit.com\/wp-content\/uploads\/2018\/05\/3-300x225.jpg 300w, https:\/\/lucididit.com\/wp-content\/uploads\/2018\/05\/3-768x576.jpg 768w, https:\/\/lucididit.com\/wp-content\/uploads\/2018\/05\/3-1024x768.jpg 1024w, https:\/\/lucididit.com\/wp-content\/uploads\/2018\/05\/3-510x382.jpg 510w, https:\/\/lucididit.com\/wp-content\/uploads\/2018\/05\/3-1080x810.jpg 1080w\" alt=\"yH5BAEAAAAALAAAAAABAAEAAAIBRAA7 - Balk\u00f3n na zjedenie. V\u0161etko, \u010do potrebujete vedie\u0165 o bylink\u00e1ch\" width=\"1350\" height=\"1013\" data-lazy-type=\"image\" data-lazy-src=\"https:\/\/lucididit.com\/wp-content\/uploads\/2018\/05\/3.jpg?x54553\" data-lazy-srcset=\"https:\/\/lucididit.com\/wp-content\/uploads\/2018\/05\/3.jpg 1280w, https:\/\/lucididit.com\/wp-content\/uploads\/2018\/05\/3-300x225.jpg 300w, https:\/\/lucididit.com\/wp-content\/uploads\/2018\/05\/3-768x576.jpg 768w, https:\/\/lucididit.com\/wp-content\/uploads\/2018\/05\/3-1024x768.jpg 1024w, https:\/\/lucididit.com\/wp-content\/uploads\/2018\/05\/3-510x382.jpg 510w, https:\/\/lucididit.com\/wp-content\/uploads\/2018\/05\/3-1080x810.jpg 1080w\" data-lazy-sizes=\"(max-width: 1350px) 100vw, 1350px\" \/><\/p><p>\u00a0<\/p><p><strong><em>Levandu\u013ea<\/em><\/strong><\/p><blockquote><p><strong><em><u>Pestovanie:<\/u><\/em><\/strong><\/p><p><em>Levandu\u013ea je pomerne ve\u013ek\u00e1 rastlina, ktor\u00e1 najlep\u0161ie rastie vonku. Vyberte jej slne\u010dn\u00e9 miesto, na ktorom dostane osem hod\u00edn svetla denne. Ak ju u\u017e chcete pestova\u0165 vo vn\u00fatri, uistite sa, \u017ee m\u00e1 dobre priepustn\u00fa p\u00f4du a na dne kvetin\u00e1\u010da dostato\u010dne ve\u013ek\u00e9 otvory na odtok vody.<\/em><\/p><p><em><u><strong>\u00da\u010dinky<\/strong> <\/u><\/em><\/p><p><em>Levandu\u013ea je nielen pekn\u00e1 rastlina, nesie v sebe tie\u017e mnoho zdravotn\u00fdch v\u00fdhod. Jej v\u00f4\u0148a m\u00e1 upokojuj\u00face \u00fa\u010dinky, ktor\u00e9 v\u00e1m pom\u00f4\u017eu zaspa\u0165. Dokonca obsahuje antioxidanty zn\u00e1me ako polyfenoly, ktor\u00e9 bojuj\u00fa s naf\u00faknut\u00fdm bruchom. Ak teda trp\u00edte t\u00fdmto probl\u00e9mom, siahnite po levanduli.<\/em><em>\u00a0<\/em><\/p><p><strong><em><u>Vyu<\/u><\/em><em><u>\u017e<\/u><\/em><em><u>itie:<\/u><\/em><\/strong><\/p><p><em>Levandu<\/em><em>\u013e<\/em><em>a sa su<\/em><em>\u0161<\/em><em>\u00ed, bu<\/em><em>\u010f<\/em><em> so stonkami do zv\u00e4zku alebo len kvety.<\/em><\/p><\/blockquote><p><em> <img class=\"lazy aligncenter wp-image-8876 size-full lazy-loaded\" title=\"Balk\u00f3n na zjedenie. V\u0161etko, \u010do potrebujete vedie\u0165 o bylink\u00e1ch\" src=\"https:\/\/lucididit.com\/wp-content\/uploads\/2019\/03\/heather-ford-731014-unsplash-1.jpg?x54553\" sizes=\"(max-width: 4219px) 100vw, 4219px\" srcset=\"https:\/\/lucididit.com\/wp-content\/uploads\/2019\/03\/heather-ford-731014-unsplash-1.jpg 4219w, https:\/\/lucididit.com\/wp-content\/uploads\/2019\/03\/heather-ford-731014-unsplash-1-287x300.jpg 287w, https:\/\/lucididit.com\/wp-content\/uploads\/2019\/03\/heather-ford-731014-unsplash-1-768x803.jpg 768w, https:\/\/lucididit.com\/wp-content\/uploads\/2019\/03\/heather-ford-731014-unsplash-1-980x1024.jpg 980w, https:\/\/lucididit.com\/wp-content\/uploads\/2019\/03\/heather-ford-731014-unsplash-1-1080x1129.jpg 1080w\" alt=\"yH5BAEAAAAALAAAAAABAAEAAAIBRAA7 - Balk\u00f3n na zjedenie. V\u0161etko, \u010do potrebujete vedie\u0165 o bylink\u00e1ch\" width=\"4219\" height=\"4409\" data-lazy-type=\"image\" data-lazy-src=\"https:\/\/lucididit.com\/wp-content\/uploads\/2019\/03\/heather-ford-731014-unsplash-1.jpg?x54553\" data-lazy-srcset=\"https:\/\/lucididit.com\/wp-content\/uploads\/2019\/03\/heather-ford-731014-unsplash-1.jpg 4219w, https:\/\/lucididit.com\/wp-content\/uploads\/2019\/03\/heather-ford-731014-unsplash-1-287x300.jpg 287w, https:\/\/lucididit.com\/wp-content\/uploads\/2019\/03\/heather-ford-731014-unsplash-1-768x803.jpg 768w, https:\/\/lucididit.com\/wp-content\/uploads\/2019\/03\/heather-ford-731014-unsplash-1-980x1024.jpg 980w, https:\/\/lucididit.com\/wp-content\/uploads\/2019\/03\/heather-ford-731014-unsplash-1-1080x1129.jpg 1080w\" data-lazy-sizes=\"(max-width: 4219px) 100vw, 4219px\" \/><\/em><\/p><p>\u00a0<\/p><p><strong><em>Oregano<\/em><\/strong><\/p><blockquote><p><strong><em><u>Pestovanie:<\/u><\/em><\/strong><\/p><p><em>Oregano patr\u00ed medzi divoko rast\u00face bylinky. Patr\u00ed medzi svetlomiln\u00e9 rastliny a vyhovuje jej 18 \u2013 20\u00b0C, pri vy\u0161\u0161ej teplote sa zvykne \u0165aha\u0165 za slne\u010dn\u00fdmi l\u00fa\u010dmi, \u010do rastlinu zna\u010dne oslabuje. Z\u00e1sadne sa vyhnite prievanu. Oregano patr\u00ed medzi trvalky a bezprobl\u00e9movo prezimuje i v na\u0161ich podmienkach.<\/em><\/p><p><strong><em><u>\u00da\u010dinky:<\/u><\/em><\/strong><\/p><p><em>M\u00e1 siln\u00e9 antibiotick\u00e9 a protiz\u00e1palov\u00e9 \u00fa\u010dinky, pom\u00e1ha pri nespavosti, je siln\u00fdm antioxidantom\u00a0 a obsahuje ve\u013ek\u00e9 mno\u017estvo vitam\u00ednov, preto je viac ako v\u00edtan\u00fdm pomocn\u00edkom v na\u0161ej kuchyni. <\/em><\/p><p><strong><em><u>Vyu<\/u><\/em><em><u>\u017e<\/u><\/em><em><u>itie:<\/u><\/em><\/strong><\/p><p><em>L\u00edstky oregana (bez stonky) m<\/em><em>\u00f4\u017e<\/em><em>eme pre vlastn\u00fa potrebu zbiera<\/em><em>\u0165<\/em><em> priebe<\/em><em>\u017e<\/em><em>ne alebo aj vysu<\/em><em>\u0161<\/em><em>i<\/em><em>\u0165<\/em><em>.<\/em><\/p><\/blockquote><p><em>\u00a0<\/em><\/p><hr \/><p>\u00a0<\/p><p><strong>Spracovanie<\/strong><\/p><p>Osobne vys\u00e1dzam bylinky od marca do m\u00e1ja a\u00a0na balk\u00f3ne ich m\u00e1m niekedy a\u017e do novembra. Niektor\u00e9 rast\u00fa aj po\u010das zimy (ako pa\u017e\u00edtka, tymi\u00e1n\u2026 ). Bylinky strih\u00e1m priebe\u017ene, no raz za p\u00e1r t\u00fd\u017ed\u0148ov im doprajem poriadny letn\u00fd zostrih. Umo\u017e\u0148ujem im tak r\u00e1s\u0165 \u010falej r\u00e1s\u0165 a ko\u0161atie\u0165. Po\u010das leta \u017enem aj trikr\u00e1t, tak\u017ee sa ujde aj susedom a\u00a0zn\u00e1mym, o\u00a0z\u00e1sob\u00e1ch nehovoriac. Bylinkov\u00fd zber zamraz\u00edm alebo vysu\u0161\u00edm. Ako na to?<\/p><p><img class=\"lazy aligncenter wp-image-8835 size-full lazy-loaded\" title=\"Balk\u00f3n na zjedenie. V\u0161etko, \u010do potrebujete vedie\u0165 o bylink\u00e1ch\" src=\"https:\/\/lucididit.com\/wp-content\/uploads\/2019\/03\/landis-brown-428003-unsplash.jpg?x54553\" sizes=\"(max-width: 6000px) 100vw, 6000px\" srcset=\"https:\/\/lucididit.com\/wp-content\/uploads\/2019\/03\/landis-brown-428003-unsplash.jpg 6000w, https:\/\/lucididit.com\/wp-content\/uploads\/2019\/03\/landis-brown-428003-unsplash-300x200.jpg 300w, https:\/\/lucididit.com\/wp-content\/uploads\/2019\/03\/landis-brown-428003-unsplash-768x512.jpg 768w, https:\/\/lucididit.com\/wp-content\/uploads\/2019\/03\/landis-brown-428003-unsplash-1024x683.jpg 1024w, https:\/\/lucididit.com\/wp-content\/uploads\/2019\/03\/landis-brown-428003-unsplash-1080x720.jpg 1080w\" alt=\"yH5BAEAAAAALAAAAAABAAEAAAIBRAA7 - Balk\u00f3n na zjedenie. V\u0161etko, \u010do potrebujete vedie\u0165 o bylink\u00e1ch\" width=\"6000\" height=\"4000\" data-lazy-type=\"image\" data-lazy-src=\"https:\/\/lucididit.com\/wp-content\/uploads\/2019\/03\/landis-brown-428003-unsplash.jpg?x54553\" data-lazy-srcset=\"https:\/\/lucididit.com\/wp-content\/uploads\/2019\/03\/landis-brown-428003-unsplash.jpg 6000w, https:\/\/lucididit.com\/wp-content\/uploads\/2019\/03\/landis-brown-428003-unsplash-300x200.jpg 300w, https:\/\/lucididit.com\/wp-content\/uploads\/2019\/03\/landis-brown-428003-unsplash-768x512.jpg 768w, https:\/\/lucididit.com\/wp-content\/uploads\/2019\/03\/landis-brown-428003-unsplash-1024x683.jpg 1024w, https:\/\/lucididit.com\/wp-content\/uploads\/2019\/03\/landis-brown-428003-unsplash-1080x720.jpg 1080w\" data-lazy-sizes=\"(max-width: 6000px) 100vw, 6000px\" \/><\/p><p>\u00a0<\/p><p><strong>Ako spracova<\/strong><strong>\u0165<\/strong><strong> bylinky? <\/strong><\/p><p><strong>Su<\/strong><strong>\u0161<\/strong><strong>i<\/strong><strong>\u0165<\/strong> <strong>\u010d<\/strong><strong>i mrazi<\/strong><strong>\u0165<\/strong><strong>? <\/strong><\/p><p>V\u00a0princ\u00edpe oboje. Bylinky su\u0161te zavesen\u00e9 vo zv\u00e4zkoch alebo vo\u013ene rozlo\u017een\u00e9 na site, ale v\u017edy v tieni a na dostato\u010dne vetrate\u013enom mieste. Kuchy\u0148a n\u00edm zv\u00e4\u010d\u0161a nie je (predsa len para, vhlko\u2026) Ak to chcete ma\u0165 r\u00fdchlo za sebou, m\u00f4\u017eete sk\u00fasi\u0165 aj r\u00faru alebo mikrovlnku. Su\u0161enie v r\u00fare na pe\u010denie zna\u010dne ur\u00fdch\u013euje proces su\u0161enia. Bylinky rozlo\u017ete na plech vylo\u017een\u00fd papierom na pe\u010denie a vlo\u017ete ich do r\u00fary, ktor\u00fa nastav\u00edte na ve\u013emi n\u00edzku teplotu. Spravidla by <strong>nemala presiahnu\u0165 30 stup\u0148ov.<\/strong> Pravidelne ich obracajte a\u00a0kontrolujte.<\/p><p><img class=\"lazy aligncenter wp-image-4629 lazy-loaded\" title=\"Balk\u00f3n na zjedenie. V\u0161etko, \u010do potrebujete vedie\u0165 o bylink\u00e1ch\" src=\"https:\/\/lucididit.com\/wp-content\/uploads\/2018\/02\/i-e1527064660880.jpg?x54553\" sizes=\"(max-width: 1350px) 100vw, 1350px\" srcset=\"https:\/\/lucididit.com\/wp-content\/uploads\/2018\/02\/i-e1527064660880.jpg 1270w, https:\/\/lucididit.com\/wp-content\/uploads\/2018\/02\/i-e1527064660880-300x184.jpg 300w, https:\/\/lucididit.com\/wp-content\/uploads\/2018\/02\/i-e1527064660880-768x470.jpg 768w, https:\/\/lucididit.com\/wp-content\/uploads\/2018\/02\/i-e1527064660880-1024x626.jpg 1024w, https:\/\/lucididit.com\/wp-content\/uploads\/2018\/02\/i-e1527064660880-1080x661.jpg 1080w\" alt=\"yH5BAEAAAAALAAAAAABAAEAAAIBRAA7 - Balk\u00f3n na zjedenie. V\u0161etko, \u010do potrebujete vedie\u0165 o bylink\u00e1ch\" width=\"1350\" height=\"826\" data-lazy-type=\"image\" data-lazy-src=\"https:\/\/lucididit.com\/wp-content\/uploads\/2018\/02\/i-e1527064660880.jpg?x54553\" data-lazy-srcset=\"https:\/\/lucididit.com\/wp-content\/uploads\/2018\/02\/i-e1527064660880.jpg 1270w, https:\/\/lucididit.com\/wp-content\/uploads\/2018\/02\/i-e1527064660880-300x184.jpg 300w, https:\/\/lucididit.com\/wp-content\/uploads\/2018\/02\/i-e1527064660880-768x470.jpg 768w, https:\/\/lucididit.com\/wp-content\/uploads\/2018\/02\/i-e1527064660880-1024x626.jpg 1024w, https:\/\/lucididit.com\/wp-content\/uploads\/2018\/02\/i-e1527064660880-1080x661.jpg 1080w\" data-lazy-sizes=\"(max-width: 1350px) 100vw, 1350px\" \/><\/p><p>Na uskladnenie s\u00fa pripraven\u00e9 vtedy, ke\u010f praskaj\u00fa, ale nie s\u00fa nato\u013eko krehk\u00e9, aby sa drobili a\u017e na prach. Uskladnite ich v uzavret\u00fdch n\u00e1dob\u00e1ch chr\u00e1nen\u00e9 pred svetlom.<\/p><p><img class=\"lazy aligncenter wp-image-8830 size-full lazy-loaded\" title=\"Balk\u00f3n na zjedenie. V\u0161etko, \u010do potrebujete vedie\u0165 o bylink\u00e1ch\" src=\"https:\/\/lucididit.com\/wp-content\/uploads\/2019\/03\/fotografierende-1294275-unsplash.jpg?x54553\" sizes=\"(max-width: 6000px) 100vw, 6000px\" srcset=\"https:\/\/lucididit.com\/wp-content\/uploads\/2019\/03\/fotografierende-1294275-unsplash.jpg 6000w, https:\/\/lucididit.com\/wp-content\/uploads\/2019\/03\/fotografierende-1294275-unsplash-300x200.jpg 300w, https:\/\/lucididit.com\/wp-content\/uploads\/2019\/03\/fotografierende-1294275-unsplash-768x512.jpg 768w, https:\/\/lucididit.com\/wp-content\/uploads\/2019\/03\/fotografierende-1294275-unsplash-1024x683.jpg 1024w, https:\/\/lucididit.com\/wp-content\/uploads\/2019\/03\/fotografierende-1294275-unsplash-1080x720.jpg 1080w\" alt=\"yH5BAEAAAAALAAAAAABAAEAAAIBRAA7 - Balk\u00f3n na zjedenie. V\u0161etko, \u010do potrebujete vedie\u0165 o bylink\u00e1ch\" width=\"6000\" height=\"4000\" data-lazy-type=\"image\" data-lazy-src=\"https:\/\/lucididit.com\/wp-content\/uploads\/2019\/03\/fotografierende-1294275-unsplash.jpg?x54553\" data-lazy-srcset=\"https:\/\/lucididit.com\/wp-content\/uploads\/2019\/03\/fotografierende-1294275-unsplash.jpg 6000w, https:\/\/lucididit.com\/wp-content\/uploads\/2019\/03\/fotografierende-1294275-unsplash-300x200.jpg 300w, https:\/\/lucididit.com\/wp-content\/uploads\/2019\/03\/fotografierende-1294275-unsplash-768x512.jpg 768w, https:\/\/lucididit.com\/wp-content\/uploads\/2019\/03\/fotografierende-1294275-unsplash-1024x683.jpg 1024w, https:\/\/lucididit.com\/wp-content\/uploads\/2019\/03\/fotografierende-1294275-unsplash-1080x720.jpg 1080w\" data-lazy-sizes=\"(max-width: 6000px) 100vw, 6000px\" \/><\/p><p>Zabudla som na nie\u010do? Pokojne ma dopl\u0148te, opravte alebo sa p\u00fdtajte.<\/p><p>\u00a0<\/p>","_et_gb_content_width":""},"categories":[47,79],"tags":[],"yst_prominent_words":[],"_links":{"self":[{"href":"https:\/\/lucididit.com\/de\/wp-json\/wp\/v2\/posts\/9140"}],"collection":[{"href":"https:\/\/lucididit.com\/de\/wp-json\/wp\/v2\/posts"}],"about":[{"href":"https:\/\/lucididit.com\/de\/wp-json\/wp\/v2\/types\/post"}],"author":[{"embeddable":true,"href":"https:\/\/lucididit.com\/de\/wp-json\/wp\/v2\/users\/1"}],"replies":[{"embeddable":true,"href":"https:\/\/lucididit.com\/de\/wp-json\/wp\/v2\/comments?post=9140"}],"version-history":[{"count":0,"href":"https:\/\/lucididit.com\/de\/wp-json\/wp\/v2\/posts\/9140\/revisions"}],"wp:featuredmedia":[{"embeddable":true,"href":"https:\/\/lucididit.com\/de\/wp-json\/wp\/v2\/media\/8848"}],"wp:attachment":[{"href":"https:\/\/lucididit.com\/de\/wp-json\/wp\/v2\/media?parent=9140"}],"wp:term":[{"taxonomy":"category","embeddable":true,"href":"https:\/\/lucididit.com\/de\/wp-json\/wp\/v2\/categories?post=9140"},{"taxonomy":"post_tag","embeddable":true,"href":"https:\/\/lucididit.com\/de\/wp-json\/wp\/v2\/tags?post=9140"},{"taxonomy":"yst_prominent_words","embeddable":true,"href":"https:\/\/lucididit.com\/de\/wp-json\/wp\/v2\/yst_prominent_words?post=9140"}],"curies":[{"name":"wp","href":"https:\/\/api.w.org\/{rel}","templated":true}]}}